{"id":1217328,"date":"2026-08-05T14:57:17","date_gmt":"2026-08-05T14:57:17","guid":{"rendered":"https:\/\/www.europesays.com\/de\/1217328\/"},"modified":"2026-08-05T14:57:17","modified_gmt":"2026-08-05T14:57:17","slug":"hybride-kriegsfuehrung-russland-verbreitet-gezielt-desinformationen-zu-landtagswahlen","status":"publish","type":"post","link":"https:\/\/www.europesays.com\/de\/1217328\/","title":{"rendered":"Hybride Kriegsf\u00fchrung: Russland verbreitet gezielt Desinformationen zu Landtagswahlen"},"content":{"rendered":"<p class=\"paragraph article__item\">Deutsche Sicherheitsbeh\u00f6rden beobachten russische Versuche der Einflussnahme auf die <a class=\"rtr-entity\" href=\"https:\/\/www.zeit.de\/thema\/landtagswahl\" rel=\"nofollow noopener\" target=\"_blank\">Landtagswahlen<\/a> im September durch gezielte Desinformationskampagnen. Entsprechende Videos versuchten, Politikerinnen, Politiker und Parteien zu diskreditieren, die nicht russlandfreundlich seien, hie\u00df es aus Sicherheitskreisen. Betroffen seien alle Parteien \u2013 <a href=\"https:\/\/www.zeit.de\/politik\/deutschland\/2026-06\/markus-frohnmaier-afd-russland-geheimschutz-bundestag-gxe\" target=\"_blank\" rel=\"nofollow noopener\">bis auf die AfD <\/a>und <a href=\"https:\/\/www.zeit.de\/politik\/deutschland\/2025-01\/sahra-wagenknecht-russland-sanktionen-gas-bsw\" target=\"_blank\" rel=\"nofollow noopener\">das BSW.<\/a>\n<\/p>\n<p class=\"paragraph article__item\">Nach Darstellung des stellvertretenden Regierungssprechers Sebastian<br \/>\nHille zeigen die Aktionen, wie sich die Sicherheitslage in den<br \/>\nvergangenen Jahren ver\u00e4ndert und auch in den Medienbereich<br \/>\nhineinverlagert habe. Der beste Schutz gegen solche Versuche der<br \/>\nEinflussnahme sei \u00bbeine <a href=\"https:\/\/www.zeit.de\/2026\/12\/desinformation-fake-news-bildung-journalismus\" target=\"_blank\" rel=\"nofollow noopener\">resiliente Bev\u00f6lkerung mit einer<br \/>\nMedienkompetenz, die hinterfragt, die nicht das, was man da in die<br \/>\nTimeline gesp\u00fclt kriegt, als bare M\u00fcnze nimmt, sondern die kritisch<br \/>\nbleibt\u00ab.<\/a>\n<\/p>\n<p>                                    Schwesig zieht Vergleich zu AfD-Kampagne            <\/p>\n<p class=\"paragraph article__item\">Die Ministerpr\u00e4sidentin von Mecklenburg-Vorpommern, Manuela Schwesig (SPD), mahnte erh\u00f6hte Wachsamkeit an. Wichtig sei \u00bbzuallererst, dass dar\u00fcber<br \/>\nberichtet wird, dass die Menschen wissen, dass es so etwas gibt\u00ab, sagte<br \/>\nSchwesig dem Sender Welt TV. Die<br \/>\nSicherheitsbeh\u00f6rden in ihrem Bundesland seien \u00bbwachsam\u00ab, und<br \/>\nentsprechende Aktivit\u00e4ten w\u00fcrden \u00bbgepr\u00fcft\u00ab.\n<\/p>\n<p class=\"paragraph article__item\">Schwesig zog in dem Zusammenhang auch Vergleiche mit AfD-Kampagnen: \u00bbIch<br \/>\n habe es ja selber schon erlebt, dass auch in einer Stufe davor zum<br \/>\nBeispiel die <a class=\"rtr-entity\" href=\"https:\/\/www.zeit.de\/thema\/alternative-fuer-deutschland\" rel=\"nofollow noopener\" target=\"_blank\">AfD<\/a> KI-generierte Dinge postet in den sozialen Medien, die<br \/>\nver\u00e4chtlich machen, die die Dinge falsch darstellen. Und damit haben wir<br \/>\n nat\u00fcrlich zu k\u00e4mpfen.\u00ab\n<\/p>\n<p>            Falsche Logos von deutschen Medienh\u00e4usern            <\/p>\n<p class=\"paragraph article__item\">Diese Videos gibt es in einer<br \/>\n niedrigen dreistelligen Zahl, hie\u00df es aus Sicherheitskreisen. Sie seien mit den Logos deutscher<br \/>\nMedienh\u00e4user versehen, um eine hohe Glaubw\u00fcrdigkeit vorzut\u00e4uschen.<br \/>\nVerbreitet w\u00fcrden sie etwa \u00fcber die Plattform X. Dort seien viele von<br \/>\nihnen aber auch schon wieder gel\u00f6scht worden.\n<\/p>\n<p class=\"paragraph article__item\">Dem Bundesinnenministerium zufolge erzielen die<br \/>\nVideos im Netz derzeit keine gro\u00dfe Reichweite. Sie seien aber \u00bbweder<br \/>\nharmlos noch ungef\u00e4hrlich\u00ab, sagte ein Sprecher in der<br \/>\nBundespressekonferenz.\n<\/p>\n<p>            Bewusste Spaltung von Ost und West            <\/p>\n<p class=\"paragraph article__item\">Die russischen Akteure versuchten bei ihrer<br \/>\nKampagne nach Beobachtungen der Sicherheitsbeh\u00f6rden zun\u00e4chst, Ost und<br \/>\nWest zu spalten \u2013 etwa mit der Behauptung, Kinder aus dem Osten w\u00fcrden im Westen an Schulen gemobbt. Daran habe sich der Versuch<br \/>\nangeschlossen, \u00f6rtliche Politiker zu diskreditieren, etwa<a href=\"https:\/\/www.zeit.de\/politik\/deutschland\/2026-07\/desinformation-russland-medien-wahl\" target=\"_blank\" rel=\"nofollow noopener\"> indem sie<br \/>\nf\u00e4lschlicherweise beschuldigt worden seien, Gelder veruntreut oder<br \/>\nSexualstraftaten begangen zu haben.<\/a>\n<\/p>\n<p class=\"paragraph article__item\">Diese<br \/>\nDesinformationsaktionen geh\u00f6rten zur Operation \u00bbMatrjoschka\u00ab, die man<br \/>\nschon bei der Bundestagswahl im vergangenen Jahr beobachtet habe. Im September werden in Sachsen-Anhalt sowie in Mecklenburg-Vorpommern und Berlin neue<br \/>\nLandesparlamente gew\u00e4hlt.\n<\/p>\n<p>            Hybride Kriegsf\u00fchrung<\/p>\n<p class=\"paragraph article__item\">Der Begriff\u00a0<a href=\"https:\/\/www.bpb.de\/themen\/kriege-konflikte\/dossier-kriege-konflikte\/504273\/hybride-kriegsfuehrung\/\" rel=\"nofollow noopener\" target=\"_blank\">hybride Kriegsf\u00fchrung<\/a>\u00a0beschreibt eine Kampftechnik, die auf Grauzonen und Schnittstellen abzielt.\u00a0Dabei werden unterschiedliche\u00a0<a href=\"https:\/\/zms.bundeswehr.de\/de\/mediathek\/zmsbw-dossier-ukraine-schmid-hybride-kriege-5506754\" rel=\"nofollow noopener\" target=\"_blank\">Methoden,  Mittel und Taktiken kreativ miteinander kombiniert<\/a>, um den Gegner zu schw\u00e4chen und m\u00f6glichst handlungsunf\u00e4hig zu machen. Die <a href=\"https:\/\/www.bmvg.de\/de\/themen\/sicherheitspolitik\/hybride-bedrohungen\/was-sind-hybride-bedrohungen--13692\" rel=\"nofollow noopener\" target=\"_blank\">Akteure agieren meist im Verborgenen<\/a> oder streiten trotz Beweisen eine Beteiligung ab. Die Grenze zwischen Frieden und Krieg verwischt, weil der Krieg zwar gef\u00fchrt, aber nicht offen erkl\u00e4rt wird. Durch die Uneindeutigkeit und Unvorhersehbarkeit k\u00f6nnen Opfer sich nur schwer organisieren und verteidigen.\u00a0\n<\/p>\n<p class=\"paragraph article__item\">Der Raum, in dem gek\u00e4mpft wird, beschr\u00e4nkt sich nicht mehr auf ein klar umrissenes Gefechtsfeld, sondern wird stark erweitert. Hybride Kriegsf\u00fchrung findet in Bereichen wie\u00a0Politik, Diplomatie,\u00a0Information,\u00a0Wirtschaft, Finanzen, kritische Infrastruktur, Technologie, Milit\u00e4r, Gesellschaft und Kultur statt.\u00a0Eine milit\u00e4rische Auseinandersetzung kann zwar Teil der hybriden Kriegsf\u00fchrung sein, der Fokus liegt jedoch prim\u00e4r auf den anderen Dimensionen.\n<\/p>\n<p class=\"paragraph article__item\">Der Vorteil von hybrider Kriegsf\u00fchrung ist die systematische Schw\u00e4chung eines Gegners mit kleinstm\u00f6glichem Risiko und\u00a0Aufwand. Durch die Verschleierungstaktik und Niederschwelligkeit sind Gegenangriffe unwahrscheinlich, zudem sind die Kosten f\u00fcr Desinformationskampagnen, Cyberangriffe, Sabotage und Co. vergleichsweise gering. Durch\u00a0<a href=\"https:\/\/www.bnd.bund.de\/DE\/Die_Themen\/hybride-bedrohungen\/hybride-bedrohungen-node.html\" rel=\"nofollow noopener\" target=\"_blank\">Investitionen in systemrelevante Bereiche<\/a> k\u00f6nnen sogar Gewinne erwirtschaftet werden, w\u00e4hrend gleichzeitig Abh\u00e4ngigkeiten geschaffen werden.\n<\/p>\n<p class=\"paragraph article__item\">Nach Angaben des Ausw\u00e4rtigen Amts reihen sich<br \/>\nsolche Aktionen<a href=\"https:\/\/www.zeit.de\/politik\/2025-10\/hybride-kriegsfuehrung-russland-nato-eu-politikpodcast\" target=\"_blank\" rel=\"nofollow noopener\"> in die hybride Bedrohung durch Russland ein<\/a>, der sich<br \/>\nDeutschland ausgesetzt sieht. Dahinter steht demnach ein ganzes System der<br \/>\n<a class=\"rtr-entity\" href=\"https:\/\/www.zeit.de\/thema\/fake-news\" rel=\"nofollow noopener\" target=\"_blank\">Desinformation<\/a> mit staatlichen und nicht staatlichen Akteuren mit einer langfristigen Strategie. Kurzfristig w\u00fcrden alle Anl\u00e4sse genutzt,<br \/>\n um die Gesellschaft in Deutschland zu spalten und zu polarisieren. Die<br \/>\nMethoden entwickelten sich st\u00e4ndig weiter, etwa durch die Nutzung k\u00fcnstlicher Intelligenz.\n<\/p>\n<p>Mehr zum Thema<\/p>\n<p>            Desinformationskampagne        <\/p>\n<p>                <a href=\"https:\/\/www.zeit.de\/politik\/deutschland\/2026-07\/desinformation-russland-medien-wahl-berlin\" data-ct-label=\"Abgeordnetenhauswahl Berlin: Desinformationskampagne zu den Landtagswahlen weitet sich aus\" data-uuid=\"b6361c00-6d8f-4ca5-a7a0-fd9c95ca096f\" rel=\"nofollow noopener\" target=\"_blank\"><\/p>\n<p>        Z+ (abopflichtiger Inhalt);<\/p>\n<p>    Abgeordnetenhauswahl Berlin:<br \/>\n                        Desinformationskampagne zu den Landtagswahlen weitet sich aus<\/p>\n<p>                <\/a><\/p>\n<p>                <a href=\"https:\/\/www.zeit.de\/politik\/deutschland\/2026-07\/desinformation-russland-medien-wahl\" data-ct-label=\"Landtagswahl Sachsen-Anhalt: L\u00fcgengr\u00fc\u00dfe aus Moskau\" data-uuid=\"8a8083ae-268f-4f41-af6b-efcabc23f55c\" rel=\"nofollow noopener\" target=\"_blank\"><\/p>\n<p>        Z+ (abopflichtiger Inhalt);<\/p>\n<p>    Landtagswahl Sachsen-Anhalt:<br \/>\n                        L\u00fcgengr\u00fc\u00dfe aus Moskau<\/p>\n<p>                <\/a><\/p>\n<p>                <a href=\"https:\/\/www.zeit.de\/digital\/2026-03\/desinformation-russland-fake-news-entwicklungshilfe\" data-ct-label=\"Desinformation: Wie Russland mit Fake News \u00fcber Entwicklungshilfe Stimmung macht\" data-uuid=\"5cf90285-daff-402b-b873-950b04afa6ad\" rel=\"nofollow noopener\" target=\"_blank\"><\/p>\n<p>                        Desinformation:<br \/>\n                        Wie Russland mit Fake News \u00fcber Entwicklungshilfe Stimmung macht<\/p>\n<p>                <\/a><\/p>\n","protected":false},"excerpt":{"rendered":"Deutsche Sicherheitsbeh\u00f6rden beobachten russische Versuche der Einflussnahme auf die Landtagswahlen im September durch gezielte Desinformationskampagnen. Entsprechende Videos versuchten,&hellip;\n","protected":false},"author":2,"featured_media":1217329,"comment_status":"","ping_status":"","sticky":false,"template":"","format":"standard","meta":{"footnotes":"","_share_on_mastodon":"0"},"categories":[5],"tags":[150,13871,3553,13,45637,19399,14,15,16,307,12,10,8,9,11,4397],"class_list":["post-1217328","post","type-post","status-publish","format-standard","has-post-thumbnail","category-nachrichten","tag-alternative-fuer-deutschland","tag-buendnis-sahra-wagenknecht","tag-desinformation","tag-headlines","tag-hybride-kriegsfuehrung","tag-landtagswahl","tag-nachrichten","tag-news","tag-politik","tag-russland","tag-schlagzeilen","tag-top-news","tag-top-meldungen","tag-topmeldungen","tag-topnews","tag-x"],"share_on_mastodon":{"url":"","error":""},"_links":{"self":[{"href":"https:\/\/www.europesays.com\/de\/wp-json\/wp\/v2\/posts\/1217328","targetHints":{"allow":["GET"]}}],"collection":[{"href":"https:\/\/www.europesays.com\/de\/wp-json\/wp\/v2\/posts"}],"about":[{"href":"https:\/\/www.europesays.com\/de\/wp-json\/wp\/v2\/types\/post"}],"author":[{"embeddable":true,"href":"https:\/\/www.europesays.com\/de\/wp-json\/wp\/v2\/users\/2"}],"replies":[{"embeddable":true,"href":"https:\/\/www.europesays.com\/de\/wp-json\/wp\/v2\/comments?post=1217328"}],"version-history":[{"count":0,"href":"https:\/\/www.europesays.com\/de\/wp-json\/wp\/v2\/posts\/1217328\/revisions"}],"wp:featuredmedia":[{"embeddable":true,"href":"https:\/\/www.europesays.com\/de\/wp-json\/wp\/v2\/media\/1217329"}],"wp:attachment":[{"href":"https:\/\/www.europesays.com\/de\/wp-json\/wp\/v2\/media?parent=1217328"}],"wp:term":[{"taxonomy":"category","embeddable":true,"href":"https:\/\/www.europesays.com\/de\/wp-json\/wp\/v2\/categories?post=1217328"},{"taxonomy":"post_tag","embeddable":true,"href":"https:\/\/www.europesays.com\/de\/wp-json\/wp\/v2\/tags?post=1217328"}],"curies":[{"name":"wp","href":"https:\/\/api.w.org\/{rel}","templated":true}]}}