{"id":1217434,"date":"2026-08-05T16:03:15","date_gmt":"2026-08-05T16:03:15","guid":{"rendered":"https:\/\/www.europesays.com\/de\/1217434\/"},"modified":"2026-08-05T16:03:15","modified_gmt":"2026-08-05T16:03:15","slug":"die-ludwigstrasse-soll-begruent-werden-wie-sinnvoll-ist-das-kultur","status":"publish","type":"post","link":"https:\/\/www.europesays.com\/de\/1217434\/","title":{"rendered":"Die Ludwigstra\u00dfe soll begr\u00fcnt werden. Wie sinnvoll ist das? &#8211; Kultur"},"content":{"rendered":"<p data-manual=\"paragraph\" data-schema-org-speakable=\"true\" class=\"css-1ygz9cx\">Wenn man sich auf dem Stadtportal <a href=\"https:\/\/www.sueddeutsche.de\/thema\/M%C3%BCnchen\" rel=\"nofollow noopener\" target=\"_blank\">M\u00fcnchen<\/a> \u00fcber den Realisierungswettbewerb zum Umbau der Ludwigstra\u00dfe informiert, stellt man zweierlei fest. Erstens wird der Name falsch geschrieben \u2013 von Leuten, die \u00fcber die Zukunft des Ortes befinden, sich aber nicht die M\u00fche machen, eine der stadtr\u00e4umlich und architekturhistorisch signifikantesten Prachtstra\u00dfen Deutschlands korrekt zu adressieren. Die Ludwigstra\u00dfe ist nicht die \u201eLudwigstrasse\u201c. Sie befindet sich nicht in der Doppel-s-Schweiz, sondern seit bald zweihundert Jahren zwischen Odeonsplatz und Siegestor an der Isar. Inklusive scharfem \u201e\u00df\u201c.<\/p>\n","protected":false},"excerpt":{"rendered":"Wenn man sich auf dem Stadtportal M\u00fcnchen \u00fcber den Realisierungswettbewerb zum Umbau der Ludwigstra\u00dfe informiert, stellt man zweierlei&hellip;\n","protected":false},"author":2,"featured_media":1217435,"comment_status":"","ping_status":"","sticky":false,"template":"","format":"standard","meta":{"footnotes":"","_share_on_mastodon":"0"},"categories":[1827],"tags":[2250,772,3536,29,30,11607,33452,952,80,1268,2339,5004,149,17153],"class_list":["post-1217434","post","type-post","status-publish","format-standard","has-post-thumbnail","category-muenchen","tag-architektur","tag-bayern","tag-denkmalschutz","tag-deutschland","tag-germany","tag-hitze","tag-hitzeschutz","tag-klimawandel","tag-kultur","tag-muenchen","tag-oberbayern","tag-staedtebau","tag-sueddeutsche-zeitung","tag-urbanisierung"],"share_on_mastodon":{"url":"https:\/\/pubeurope.com\/@de\/117043751102498243","error":""},"_links":{"self":[{"href":"https:\/\/www.europesays.com\/de\/wp-json\/wp\/v2\/posts\/1217434","targetHints":{"allow":["GET"]}}],"collection":[{"href":"https:\/\/www.europesays.com\/de\/wp-json\/wp\/v2\/posts"}],"about":[{"href":"https:\/\/www.europesays.com\/de\/wp-json\/wp\/v2\/types\/post"}],"author":[{"embeddable":true,"href":"https:\/\/www.europesays.com\/de\/wp-json\/wp\/v2\/users\/2"}],"replies":[{"embeddable":true,"href":"https:\/\/www.europesays.com\/de\/wp-json\/wp\/v2\/comments?post=1217434"}],"version-history":[{"count":0,"href":"https:\/\/www.europesays.com\/de\/wp-json\/wp\/v2\/posts\/1217434\/revisions"}],"wp:featuredmedia":[{"embeddable":true,"href":"https:\/\/www.europesays.com\/de\/wp-json\/wp\/v2\/media\/1217435"}],"wp:attachment":[{"href":"https:\/\/www.europesays.com\/de\/wp-json\/wp\/v2\/media?parent=1217434"}],"wp:term":[{"taxonomy":"category","embeddable":true,"href":"https:\/\/www.europesays.com\/de\/wp-json\/wp\/v2\/categories?post=1217434"},{"taxonomy":"post_tag","embeddable":true,"href":"https:\/\/www.europesays.com\/de\/wp-json\/wp\/v2\/tags?post=1217434"}],"curies":[{"name":"wp","href":"https:\/\/api.w.org\/{rel}","templated":true}]}}