{"id":1217446,"date":"2026-08-05T16:10:29","date_gmt":"2026-08-05T16:10:29","guid":{"rendered":"https:\/\/www.europesays.com\/de\/1217446\/"},"modified":"2026-08-05T16:10:29","modified_gmt":"2026-08-05T16:10:29","slug":"berlin-linke-klar-staerkste-partei-gefolgt-von-cdu-und-afd-zeigt-umfrage","status":"publish","type":"post","link":"https:\/\/www.europesays.com\/de\/1217446\/","title":{"rendered":"Berlin: Linke klar st\u00e4rkste Partei \u2013 gefolgt von CDU und AfD, zeigt Umfrage"},"content":{"rendered":"<p>Eineinhalb Monate vor der Wahl zum Berliner Abgeordnetenhaus baut die Linke ihre F\u00fchrung in den Umfragen aus. Nach einer Erhebung des Meinungsforschungsinstituts Civey im Auftrag des <a href=\"https:\/\/www.tagesspiegel.de\/berlin\/umfrage-zur-berlin-wahl-linke-springt-auf-platz-eins\" rel=\"nofollow noopener\" target=\"_blank\">Tagesspiegels<\/a> kommt die Partei von Spitzenkandidatin Elif Eralp auf 21 Prozent und legt damit gegen\u00fcber Anfang Juli um zwei Prozentpunkte zu. Die Linke bleibt damit st\u00e4rkste Kraft und wahrt ihre Chancen, erstmals das Amt der Regierenden B\u00fcrgermeisterin zu \u00fcbernehmen.<\/p>\n<p>                <img src=\"https:\/\/www.europesays.com\/de\/wp-content\/uploads\/2026\/08\/721498715_highres-1024x683.jpg\" alt=\"CHRISTOPH SOEDER \/ KEYSTONE\" itemprop=\"contentUrl\" class=\"story-img story-img--landscape\" loading=\"lazy\" decoding=\"async\"\/><\/p>\n<p>                                                                            Berlin: Linke klar st\u00e4rkste Partei \u2013 gefolgt von CDU und AfD, zeigt Umfrage<br \/>\n                                                                            <\/p>\n<p>                                        CHRISTOPH SOEDER \/ KEYSTONE<\/p>\n<p>Die CDU profitiert dagegen bislang nicht vom Wechsel an der Spitze ihres Wahlkampfs. Laut der Umfrage verharrt sie bei 19 Prozent. Der bisherige Spitzenkandidat und Regierende B\u00fcrgermeister Kai Wegner hatte im Juli seinen R\u00fcckzug erkl\u00e4rt. Kurz darauf nominierte die Berliner CDU Finanzsenator Stefan Evers als neuen Spitzenkandidaten. Ein messbarer Aufw\u00e4rtstrend blieb bislang jedoch aus.<\/p>\n<p>Hinter der CDU folgt die AfD mit 18 Prozent. Sie gewinnt einen Prozentpunkt hinzu und liegt damit vor den Gr\u00fcnen, die unver\u00e4ndert 17 Prozent erreichen. Die SPD f\u00e4llt auf 12 Prozent zur\u00fcck und verliert einen weiteren Prozentpunkt. Damit setzt sich der Abw\u00e4rtstrend der Berliner Sozialdemokraten fort. Das Ergebnis entspricht inzwischen dem bundesweiten Umfrageniveau der Partei. FDP und B\u00fcndnis Sahra Wagenknecht w\u00fcrden mit jeweils drei Prozent den Einzug ins Abgeordnetenhaus nach derzeitigem Stand verfehlen. Die sonstigen Parteien kommen zusammen auf sieben Prozent.<\/p>\n<p>Berlin w\u00e4hlt am 20. September ein neues Abgeordnetenhaus sowie die Bezirksverordnetenversammlungen.<\/p>\n","protected":false},"excerpt":{"rendered":"Eineinhalb Monate vor der Wahl zum Berliner Abgeordnetenhaus baut die Linke ihre F\u00fchrung in den Umfragen aus. Nach&hellip;\n","protected":false},"author":2,"featured_media":1217447,"comment_status":"","ping_status":"","sticky":false,"template":"","format":"standard","meta":{"footnotes":"","_share_on_mastodon":"0"},"categories":[1825],"tags":[296,31,29,30,2180,5566,16,10563,4672],"class_list":["post-1217446","post","type-post","status-publish","format-standard","has-post-thumbnail","category-berlin","tag-berlin","tag-cdu","tag-deutschland","tag-germany","tag-linke","tag-parteien","tag-politik","tag-umfragen","tag-wahlen"],"share_on_mastodon":{"url":"https:\/\/pubeurope.com\/@de\/117043780357543636","error":""},"_links":{"self":[{"href":"https:\/\/www.europesays.com\/de\/wp-json\/wp\/v2\/posts\/1217446","targetHints":{"allow":["GET"]}}],"collection":[{"href":"https:\/\/www.europesays.com\/de\/wp-json\/wp\/v2\/posts"}],"about":[{"href":"https:\/\/www.europesays.com\/de\/wp-json\/wp\/v2\/types\/post"}],"author":[{"embeddable":true,"href":"https:\/\/www.europesays.com\/de\/wp-json\/wp\/v2\/users\/2"}],"replies":[{"embeddable":true,"href":"https:\/\/www.europesays.com\/de\/wp-json\/wp\/v2\/comments?post=1217446"}],"version-history":[{"count":0,"href":"https:\/\/www.europesays.com\/de\/wp-json\/wp\/v2\/posts\/1217446\/revisions"}],"wp:featuredmedia":[{"embeddable":true,"href":"https:\/\/www.europesays.com\/de\/wp-json\/wp\/v2\/media\/1217447"}],"wp:attachment":[{"href":"https:\/\/www.europesays.com\/de\/wp-json\/wp\/v2\/media?parent=1217446"}],"wp:term":[{"taxonomy":"category","embeddable":true,"href":"https:\/\/www.europesays.com\/de\/wp-json\/wp\/v2\/categories?post=1217446"},{"taxonomy":"post_tag","embeddable":true,"href":"https:\/\/www.europesays.com\/de\/wp-json\/wp\/v2\/tags?post=1217446"}],"curies":[{"name":"wp","href":"https:\/\/api.w.org\/{rel}","templated":true}]}}