{"id":1217466,"date":"2026-08-05T16:23:15","date_gmt":"2026-08-05T16:23:15","guid":{"rendered":"https:\/\/www.europesays.com\/de\/1217466\/"},"modified":"2026-08-05T16:23:15","modified_gmt":"2026-08-05T16:23:15","slug":"august-horoskop-fuer-diese-sternzeichen-beginnt-jetzt-ein-neues-kapitel","status":"publish","type":"post","link":"https:\/\/www.europesays.com\/de\/1217466\/","title":{"rendered":"August-Horoskop: F\u00fcr diese Sternzeichen beginnt jetzt ein neues Kapitel"},"content":{"rendered":"<p style=\"--affiliateIcon:url(\/shared\/images\/cart.svg)\" class=\"ParagraphText_copy__UrR6V tokens_bazaar_body__vwiJf ParagraphText_bazaar_copy__iUAC7 paragraph-splittext-entityType_not_set ab-splittext-entityType_not_set\">Ganz im Sinne des K\u00f6nigs des Tierreichs steht die L\u00f6we-Saison f\u00fcr <strong>Selbstvertrauen, Authentizit\u00e4t und den Mut, den eigenen Weg bewusst zu gehen<\/strong>. Doch bevor sich im Au\u00dfen etwas ver\u00e4ndern kann, fordert sie uns zun\u00e4chst dazu auf, nach innen zu schauen. Vor allem f\u00fcr die intuitiven Sternzeichen beginnt jetzt eine besonders spannende Phase. W\u00e4hrend andere ihren Fokus auf neue Projekte richten, startet f\u00fcr sie die vielleicht wichtigste Reise \u00fcberhaupt: die <strong>Reise zu sich selbst.<\/strong><\/p>\n","protected":false},"excerpt":{"rendered":"Ganz im Sinne des K\u00f6nigs des Tierreichs steht die L\u00f6we-Saison f\u00fcr Selbstvertrauen, Authentizit\u00e4t und den Mut, den eigenen&hellip;\n","protected":false},"author":2,"featured_media":1217467,"comment_status":"","ping_status":"","sticky":false,"template":"","format":"standard","meta":{"footnotes":"","_share_on_mastodon":"0"},"categories":[155],"tags":[29,214,30,5015,74893,5016,215],"class_list":["post-1217466","post","type-post","status-publish","format-standard","has-post-thumbnail","category-unterhaltung","tag-deutschland","tag-entertainment","tag-germany","tag-horoskop","tag-monatshoroskop","tag-sternzeichen","tag-unterhaltung"],"share_on_mastodon":{"url":"https:\/\/pubeurope.com\/@de\/117043829458767236","error":""},"_links":{"self":[{"href":"https:\/\/www.europesays.com\/de\/wp-json\/wp\/v2\/posts\/1217466","targetHints":{"allow":["GET"]}}],"collection":[{"href":"https:\/\/www.europesays.com\/de\/wp-json\/wp\/v2\/posts"}],"about":[{"href":"https:\/\/www.europesays.com\/de\/wp-json\/wp\/v2\/types\/post"}],"author":[{"embeddable":true,"href":"https:\/\/www.europesays.com\/de\/wp-json\/wp\/v2\/users\/2"}],"replies":[{"embeddable":true,"href":"https:\/\/www.europesays.com\/de\/wp-json\/wp\/v2\/comments?post=1217466"}],"version-history":[{"count":0,"href":"https:\/\/www.europesays.com\/de\/wp-json\/wp\/v2\/posts\/1217466\/revisions"}],"wp:featuredmedia":[{"embeddable":true,"href":"https:\/\/www.europesays.com\/de\/wp-json\/wp\/v2\/media\/1217467"}],"wp:attachment":[{"href":"https:\/\/www.europesays.com\/de\/wp-json\/wp\/v2\/media?parent=1217466"}],"wp:term":[{"taxonomy":"category","embeddable":true,"href":"https:\/\/www.europesays.com\/de\/wp-json\/wp\/v2\/categories?post=1217466"},{"taxonomy":"post_tag","embeddable":true,"href":"https:\/\/www.europesays.com\/de\/wp-json\/wp\/v2\/tags?post=1217466"}],"curies":[{"name":"wp","href":"https:\/\/api.w.org\/{rel}","templated":true}]}}