{"id":1217629,"date":"2026-08-05T18:04:29","date_gmt":"2026-08-05T18:04:29","guid":{"rendered":"https:\/\/www.europesays.com\/de\/1217629\/"},"modified":"2026-08-05T18:04:29","modified_gmt":"2026-08-05T18:04:29","slug":"auch-mushidi-weg-niners-chemnitz-starten-mit-zwoelf-neuzugaengen","status":"publish","type":"post","link":"https:\/\/www.europesays.com\/de\/1217629\/","title":{"rendered":"Auch Mushidi weg \u2013 Niners Chemnitz starten mit zw\u00f6lf Neuzug\u00e4ngen"},"content":{"rendered":"<p class=\"topline\">Basketball | BBL<\/p>\n<p>\n                Stand: 05.08.2026 17:31 Uhr<\/p>\n<p class=\"preface\">In viele bekannte Gesichter konnte Niners-Trainer Rodrigo Pastore beim Trainingsauftakt am Mittwoch (5. August) nicht schauen. Neben den einzig verbliebenen Luca Kellig und Youngster Alfons Milatz tummelte sich gleich ein ganzes Dutzend neuer Spieler in der Trainingshalle, in der zun\u00e4chst theoretische Inhalte und Willkommensgr\u00fc\u00dfe auf der Tagesordnung standen.<\/p>\n<p class=\"textauthor\">von Paul Kamm<\/p>\n<p>                    <a href=\"https:\/\/www.europesays.com\/de\/wp-content\/uploads\/2026\/08\/niners-chemnitz-766.webp\" class=\"zoomimage\" title=\"Bild vergr\u00f6\u00dfern\"><\/p>\n<p>        <img decoding=\"async\" src=\"https:\/\/www.europesays.com\/de\/wp-content\/uploads\/2026\/08\/niners-chemnitz-766.webp\" alt=\"Niners-Cheftrainer Rodrigo Pastore.\" title=\"Auf Niners-Chefcoach Rodrigo Pastore wartet eine Menge Arbeit. | IMAGO \/ Fotostand\" class=\"responsive\" loading=\"lazy\"\/><\/p>\n<p>                    <\/a><\/p>\n<p>                    Auf Niners-Chefcoach Rodrigo Pastore wartet eine Menge Arbeit.<\/p>\n<p class=\"\">Ein Neuzugang konnte sich auf die Situation mental wohl schon etwas l\u00e4nger vorbereiten: Mateo Seric. Ger\u00fcchte \u00fcber den Wechsel des Power Forwards kursierten bereits im M\u00e4rz, ehe im Juni schlie\u00dflich Vollzug gemeldet wurde. Mit dem Wechsel von Heidelberg nach Chemnitz er\u00f6ffnet sich f\u00fcr ihn die Chance, international zu spielen. Aus der beinahe vollst\u00e4ndigen Neubesetzung des Kaders will er lieber die Vorteile ziehen und bezeichnet den Start als &#8222;spannende Situation, jeder lernt sich neu kennen&#8220; in einer Gruppe, die viele &#8222;gute Charaktere&#8220; besitze.<\/p>\n<p>\n            <strong>Video:<\/strong><br \/>\n            Niners-Neuzugang Mateo Seric: &#8222;Wie ein Klumpen Lehm, den man neu formen kann&#8220; (3 Min)\n        <\/p>\n<p class=\"\">Auf Seric und seinen neuen Verein wartet zum <a href=\"https:\/\/www.mdr.de\/sport\/basketball\/basketball-bundesliga-auftakt-niners-chemnitz-alba-berlin-,bbl-niners-alba-100.html\" title=\"Niners Chemnitz er\u00f6ffnen bei Meister Alba Berlin die neue BBL-Saison\" rel=\"nofollow noopener\" target=\"_blank\">Start der Saison mit ALBA Berlin direkt ein echter H\u00e4rtetest<\/a>. F\u00fcr den Neuzugang muss das jedoch kein Nachteil sein: &#8222;Besser am Anfang, als mitten in der Saison&#8220;, sagt Seric mit Blick auf das \u00dcberraschungspotential zum Auftakt.<\/p>\n<p>    Auch Mushidi verl\u00e4sst Chemnitz<\/p>\n<p class=\"\">F\u00fcr Gesch\u00e4ftsf\u00fchrer Steffen Herhold ist die wahre Er\u00f6ffnungspartie hingegen eine ganz andere. Bereits eine Woche vor dem Ligastart m\u00fcssen die Niners in der ersten Runde des BBL-Pokals nach Gie\u00dfen. Dass die Mannschaft ausw\u00e4rts antreten muss, habe sie sich &#8222;selbst eingebrockt&#8220;, wobei die Schuldigen die Misere aufgrund des Umbruchs nun nicht selbst ausbaden m\u00fcssen.<\/p>\n<p>        <img decoding=\"async\" src=\"https:\/\/www.europesays.com\/de\/wp-content\/uploads\/2026\/08\/niners-chemnitz-760.webp\" alt=\"Niners-Cheftrainer Rodrigo Pastore.\" title=\"Niners-Cheftrainer Rodrigo Pastore. | IMAGO \/ camera4+\" class=\"responsive\" loading=\"lazy\"\/><\/p>\n<p class=\"\">Das gilt auch f\u00fcr Kostja Mushidi. Wie die NINERS nach dem Trainingsauftakt mitteilten, wird auch er die &#8222;Orange Army&#8220; nach nur einem Jahr in Chemnitz wieder verlassen. Der 28-J\u00e4hrige kam im letzten Sommer aus G\u00f6ttingen und bestritt in der abgelaufenen Saison 50 von 54 Pflichtspielen. Wohin es den 1,95-Meter-H\u00fcnen zieht, ist noch unklar.<\/p>\n<p class=\"\">Ohne Mushidi und mit dem Kaderumschwung beginnt in Chemnitz nun ein neues Kapitel. Die vergangenen betrachtet Herhold r\u00fcckblickend als &#8222;gro\u00dfartige Zeiten&#8220;, die starken Ver\u00e4nderungen seien jedoch auch kein bewusst gew\u00e4hlter Schritt gewesen, der Neuanfang &#8222;hat sich so ergeben&#8220; konstatiert Herhold, der seit 2016 die Gesch\u00e4fte der NINERS leitet.<\/p>\n<p>\n            <strong>Video:<\/strong><br \/>\n            Niners-Gesch\u00e4ftsf\u00fchrer Steffen Herhold: &#8222;Ein Neustart war an der Zeit&#8220; (6 Min)\n        <\/p>\n<p>    Mit der NINERS-Kultur ans Ziel<\/p>\n<p class=\"\">Doch wie Neuzugang Seric, sieht auch Herhold darin vielmehr eine M\u00f6glichkeit f\u00fcr die Zukunft: Es besteht &#8222;die Chance darauf, wieder etwas aufzubauen &#8211; mit der NINERS-Kultur.&#8220; Als Grundlage daf\u00fcr kann die vergangene Premieren-Saison im EuroCup betrachtet werden. In der BBL hingegen hinkten die Sachsen mit Platz 12 den eigenen Anspr\u00fcchen hinterher. &#8222;Dieses Jahr wollen wir in beiden Wettbewerben gut sein&#8220;, lautet die Zielsetzung. Dabei gehe es nicht nur um Ergebnisse, vielmehr sei es &#8222;die oberste Pr\u00e4misse, dass unsere Fans stolz sind.&#8220;<\/p>\n<p class=\"\">Um das zu erreichen, stehen vor allem &#8222;Kultur und Mentalit\u00e4t&#8220; im Zentrum der Vorbereitung, damit aus dem neu zusammengew\u00fcrfelten Kader schnellstm\u00f6glich die Einheit entsteht, die sich die Verantwortlichen w\u00fcnschen.<\/p>\n<p>        <img decoding=\"async\" src=\"https:\/\/www.europesays.com\/de\/wp-content\/uploads\/2026\/08\/google-handy-100.webp\" alt=\"Ein Handy liegt auf einer Laptoptastatur. Das Display zeigt das Google Logo\" title=\"Ein Handy liegt auf einer Laptoptastatur. Das Display zeigt das Google Logo |  IMAGO \/ SOPA Images\" class=\"responsive\" loading=\"lazy\"\/><\/p>\n<p>Nachrichten personalisieren<\/p>\n<p>Die Nachrichtenlage ist un\u00fcbersichtlich und Sie wollen aktuelle Informationen aus Ihrer Region, die f\u00fcr Sie relevant sind? Dann legen Sie MDR.de als bevorzugte Quelle in der Google-Suche fest. So funktioniert&#8217;s.<\/p>\n<p>        <a href=\"https:\/\/www.mdr.de\/sport\/basketball\" aria-label=\"Mehr Basketball-Nachrichten bei SPORT IM OSTEN\" rel=\"nofollow noopener\" target=\"_blank\"><\/p>\n<p>        <img decoding=\"async\" src=\"https:\/\/www.europesays.com\/de\/wp-content\/uploads\/2026\/07\/basketball-844.webp\" alt=\"Symbolbild Basketball\" title=\"Symbolbild Basketball | IMAGO \/ Susanne H\u00fcbner\" class=\"responsive\" loading=\"lazy\"\/><\/p>\n<p>        <\/a><\/p>\n","protected":false},"excerpt":{"rendered":"Basketball | BBL Stand: 05.08.2026 17:31 Uhr In viele bekannte Gesichter konnte Niners-Trainer Rodrigo Pastore beim Trainingsauftakt am&hellip;\n","protected":false},"author":2,"featured_media":1217630,"comment_status":"","ping_status":"","sticky":false,"template":"","format":"standard","meta":{"footnotes":"","_share_on_mastodon":"0"},"categories":[1851],"tags":[2493,2472,253263,2770,253261,3364,29,548,663,3934,30,13,58917,253262,253260,14,15,22639,29635,859,12,3499,3498,43579,68750],"class_list":["post-1217629","post","type-post","status-publish","format-standard","has-post-thumbnail","category-chemnitz","tag-basketball","tag-bbl","tag-bundeliga","tag-chemnitz","tag-darion-atkins","tag-de","tag-deutschland","tag-eu","tag-europa","tag-europe","tag-germany","tag-headlines","tag-kostja-mushidi","tag-luca-kellig","tag-mateo-seric","tag-nachrichten","tag-news","tag-niners-chemnitz","tag-rodrigo-pastore","tag-sachsen","tag-schlagzeilen","tag-spio","tag-sport-im-osten","tag-steffen-herhold","tag-trainingsauftakt"],"share_on_mastodon":{"url":"https:\/\/pubeurope.com\/@de\/117044226821512094","error":""},"_links":{"self":[{"href":"https:\/\/www.europesays.com\/de\/wp-json\/wp\/v2\/posts\/1217629","targetHints":{"allow":["GET"]}}],"collection":[{"href":"https:\/\/www.europesays.com\/de\/wp-json\/wp\/v2\/posts"}],"about":[{"href":"https:\/\/www.europesays.com\/de\/wp-json\/wp\/v2\/types\/post"}],"author":[{"embeddable":true,"href":"https:\/\/www.europesays.com\/de\/wp-json\/wp\/v2\/users\/2"}],"replies":[{"embeddable":true,"href":"https:\/\/www.europesays.com\/de\/wp-json\/wp\/v2\/comments?post=1217629"}],"version-history":[{"count":0,"href":"https:\/\/www.europesays.com\/de\/wp-json\/wp\/v2\/posts\/1217629\/revisions"}],"wp:featuredmedia":[{"embeddable":true,"href":"https:\/\/www.europesays.com\/de\/wp-json\/wp\/v2\/media\/1217630"}],"wp:attachment":[{"href":"https:\/\/www.europesays.com\/de\/wp-json\/wp\/v2\/media?parent=1217629"}],"wp:term":[{"taxonomy":"category","embeddable":true,"href":"https:\/\/www.europesays.com\/de\/wp-json\/wp\/v2\/categories?post=1217629"},{"taxonomy":"post_tag","embeddable":true,"href":"https:\/\/www.europesays.com\/de\/wp-json\/wp\/v2\/tags?post=1217629"}],"curies":[{"name":"wp","href":"https:\/\/api.w.org\/{rel}","templated":true}]}}