{"id":1217677,"date":"2026-08-05T18:35:14","date_gmt":"2026-08-05T18:35:14","guid":{"rendered":"https:\/\/www.europesays.com\/de\/1217677\/"},"modified":"2026-08-05T18:35:14","modified_gmt":"2026-08-05T18:35:14","slug":"interview-historikerin-zur-schutzhaft-in-nazi-deutschland-neustadt","status":"publish","type":"post","link":"https:\/\/www.europesays.com\/de\/1217677\/","title":{"rendered":"Interview: Historikerin zur Schutzhaft in Nazi-Deutschland &#8211; Neustadt"},"content":{"rendered":"<p class=\"rhp-dpa-teaser\"><b>Die  Neustadterin Miriam Bre\u00df hat eine Studie zur \u201eSchutzhaft\u201c  in der bayerischen Pfalz 1933\/34 vorgelegt. Birgit Karg hat mit der Wissenschaftlerin dar\u00fcber gesprochen.<\/b><\/p>\n<p><b>Was war Ihre Ausgangs-Fragestellung f\u00fcr Ihre Studie ?<\/b><br \/>W\u00e4hrend des Studiums war ich eine Zeitlang im F\u00f6rderverein Gedenkst\u00e4tte f\u00fcr NS-Opfer <a class=\"rtr-entity\" data-rtr-entity=\"Neustadt\" data-rtr-id=\"8076d2f2ec2b9981edd2b9a43a8fd20a33d30cab\" data-rtr-score=\"199.96222509702457\" data-rtr-etype=\"location\" data-rtr-index=\"17\" href=\"http:\/\/rheinpfalz.de\/lokal\/neustadt.html\" rel=\"nofollow noopener\" target=\"_blank\">Neustadt<\/a> e.V. t\u00e4tig und habe mich wissenschaftlich mit dem fr\u00fcheren Konzentrationslager Neustadt befasst. Dabei fiel mir immer wieder auf, dass zahlreiche Beh\u00f6rden und Einzelpersonen an der Errichtung des Lagers und der Verschleppung von Gefangenen dorthin beteiligt waren.<\/p>\n<p class=\"rhp-teaser\"><b>Die  Neustadterin Miriam Bre\u00df hat eine Studie zur \u201eSchutzhaft\u201c  in der bayerischen Pfalz 1933\/34 vorgelegt. Birgit Karg hat mit der Wissenschaftlerin dar\u00fcber gesprochen.<\/b><\/p>\n","protected":false},"excerpt":{"rendered":"Die Neustadterin Miriam Bre\u00df hat eine Studie zur \u201eSchutzhaft\u201c in der bayerischen Pfalz 1933\/34 vorgelegt. Birgit Karg hat&hellip;\n","protected":false},"author":2,"featured_media":1217678,"comment_status":"","ping_status":"","sticky":false,"template":"","format":"standard","meta":{"footnotes":"","_share_on_mastodon":"0"},"categories":[2],"tags":[331,3924,332,3922,253280,772,296,154157,171656,3364,29,30,13,4060,253279,525,1268,14,3923,25052,4229,170502,15,3921,27760,16935,12,17303],"class_list":["post-1217677","post","type-post","status-publish","format-standard","has-post-thumbnail","category-deutschland","tag-aktuelle-nachrichten","tag-aktuelle-nachrichten-aus-deutschland","tag-aktuelle-news","tag-aktuelle-news-aus-deutschland","tag-bayerisches-hauptstaatsarchiv","tag-bayern","tag-berlin","tag-birgit-karg","tag-bundesarchiv","tag-de","tag-deutschland","tag-germany","tag-headlines","tag-lokal","tag-max-siegelwachs","tag-mitte","tag-muenchen","tag-nachrichten","tag-nachrichten-aus-deutschland","tag-nazi-deutschland","tag-neustadt","tag-neustadt-an-der-weinstrasse","tag-news","tag-news-aus-deutschland","tag-nsdap","tag-pfalz","tag-schlagzeilen","tag-speyer"],"share_on_mastodon":{"url":"","error":""},"_links":{"self":[{"href":"https:\/\/www.europesays.com\/de\/wp-json\/wp\/v2\/posts\/1217677","targetHints":{"allow":["GET"]}}],"collection":[{"href":"https:\/\/www.europesays.com\/de\/wp-json\/wp\/v2\/posts"}],"about":[{"href":"https:\/\/www.europesays.com\/de\/wp-json\/wp\/v2\/types\/post"}],"author":[{"embeddable":true,"href":"https:\/\/www.europesays.com\/de\/wp-json\/wp\/v2\/users\/2"}],"replies":[{"embeddable":true,"href":"https:\/\/www.europesays.com\/de\/wp-json\/wp\/v2\/comments?post=1217677"}],"version-history":[{"count":0,"href":"https:\/\/www.europesays.com\/de\/wp-json\/wp\/v2\/posts\/1217677\/revisions"}],"wp:featuredmedia":[{"embeddable":true,"href":"https:\/\/www.europesays.com\/de\/wp-json\/wp\/v2\/media\/1217678"}],"wp:attachment":[{"href":"https:\/\/www.europesays.com\/de\/wp-json\/wp\/v2\/media?parent=1217677"}],"wp:term":[{"taxonomy":"category","embeddable":true,"href":"https:\/\/www.europesays.com\/de\/wp-json\/wp\/v2\/categories?post=1217677"},{"taxonomy":"post_tag","embeddable":true,"href":"https:\/\/www.europesays.com\/de\/wp-json\/wp\/v2\/tags?post=1217677"}],"curies":[{"name":"wp","href":"https:\/\/api.w.org\/{rel}","templated":true}]}}