{"id":1217730,"date":"2026-08-05T19:07:16","date_gmt":"2026-08-05T19:07:16","guid":{"rendered":"https:\/\/www.europesays.com\/de\/1217730\/"},"modified":"2026-08-05T19:07:16","modified_gmt":"2026-08-05T19:07:16","slug":"muenchen-horror-haus-wird-nach-bluttat-abgerissen","status":"publish","type":"post","link":"https:\/\/www.europesays.com\/de\/1217730\/","title":{"rendered":"M\u00fcnchen: Horror-Haus wird nach Bluttat abgerissen"},"content":{"rendered":"<p>Ruhig ist es in der Lerchenau am Dienstagvormittag. Wie immer eigentlich. Nur in der Glockenblumenstra\u00dfe ist Baul\u00e4rm zu h\u00f6ren. Dort ragt gerade der Arm eines Baggers in die H\u00f6he. Die angebrachte, riesige Schere sticht mit Leichtigkeit durch den dicken Beton der Ruine eines Hauses, in dem einst eine Familie lebte.<\/p>\n<p>Die Wiesn musste nach Bomben abgesucht werden<\/p>\n<p>Am Morgen des 1. Oktober letzten Jahres spielten sich hier unfassbare Szenen ab. Martin P., ein 57 Jahre alter Handwerker, legte sein Elternhaus in Brand, griff seine Familie an, verschickte Drohbriefe und nahm sich im Anschluss das Leben. Vermutlich t\u00f6tete er seinen Vater (90), seine Mutter \u00fcberlebte mit Schussverletzungen (81), seine Tochter (21) erlitt eine Rauchgasvergiftung.<\/p>\n<p>Folgen hatte das damals in der ganzen Stadt. Da eines der Drohschreiben explizit die <a href=\"https:\/\/www.abendzeitung-muenchen.de\/muenchen\/oktoberfest\/\" rel=\"nofollow noopener\" target=\"_blank\">Wiesn<\/a> ins Visier nahm, wurde das Festgel\u00e4nde vorsorglich nach Sprengstoff abgesucht und erst am Nachmittag ge\u00f6ffnet. Auf den Handys der M\u00fcnchner schrillte eine Katastrophenwarnung.<\/p>\n<p>Nachbarn erleichtert \u00fcber Abriss<\/p>\n<p>Beim AZ-Besuch an der Hausruine ist die Erleichterung unter Nachbarn gro\u00df. &#8222;Hoffentlich kehrt jetzt Ruhe ein&#8220;, sagt einer. &#8222;Es gab hier viele Neugierige, die sich aus Sensation heraus die Ruine anschauen wollten. Das war schlimm&#8220;, sagt der Mann, der seinen Namen nicht in der Zeitung lesen will. Die von ihm erw\u00e4hnte Ruhe \u2013 genau das zeichnet die Lerchenau sonst aus.<\/p>\n","protected":false},"excerpt":{"rendered":"Ruhig ist es in der Lerchenau am Dienstagvormittag. Wie immer eigentlich. Nur in der Glockenblumenstra\u00dfe ist Baul\u00e4rm zu&hellip;\n","protected":false},"author":2,"featured_media":1217731,"comment_status":"","ping_status":"","sticky":false,"template":"","format":"standard","meta":{"footnotes":"","_share_on_mastodon":"0"},"categories":[1827],"tags":[772,4852,29,30,32726,1268,6928],"class_list":["post-1217730","post","type-post","status-publish","format-standard","has-post-thumbnail","category-muenchen","tag-bayern","tag-brandstiftung","tag-deutschland","tag-germany","tag-lerchenau","tag-muenchen","tag-wiesn"],"share_on_mastodon":{"url":"https:\/\/pubeurope.com\/@de\/117044474379803231","error":""},"_links":{"self":[{"href":"https:\/\/www.europesays.com\/de\/wp-json\/wp\/v2\/posts\/1217730","targetHints":{"allow":["GET"]}}],"collection":[{"href":"https:\/\/www.europesays.com\/de\/wp-json\/wp\/v2\/posts"}],"about":[{"href":"https:\/\/www.europesays.com\/de\/wp-json\/wp\/v2\/types\/post"}],"author":[{"embeddable":true,"href":"https:\/\/www.europesays.com\/de\/wp-json\/wp\/v2\/users\/2"}],"replies":[{"embeddable":true,"href":"https:\/\/www.europesays.com\/de\/wp-json\/wp\/v2\/comments?post=1217730"}],"version-history":[{"count":0,"href":"https:\/\/www.europesays.com\/de\/wp-json\/wp\/v2\/posts\/1217730\/revisions"}],"wp:featuredmedia":[{"embeddable":true,"href":"https:\/\/www.europesays.com\/de\/wp-json\/wp\/v2\/media\/1217731"}],"wp:attachment":[{"href":"https:\/\/www.europesays.com\/de\/wp-json\/wp\/v2\/media?parent=1217730"}],"wp:term":[{"taxonomy":"category","embeddable":true,"href":"https:\/\/www.europesays.com\/de\/wp-json\/wp\/v2\/categories?post=1217730"},{"taxonomy":"post_tag","embeddable":true,"href":"https:\/\/www.europesays.com\/de\/wp-json\/wp\/v2\/tags?post=1217730"}],"curies":[{"name":"wp","href":"https:\/\/api.w.org\/{rel}","templated":true}]}}