{"id":121778,"date":"2025-05-19T02:28:15","date_gmt":"2025-05-19T02:28:15","guid":{"rendered":"https:\/\/www.europesays.com\/de\/121778\/"},"modified":"2025-05-19T02:28:15","modified_gmt":"2025-05-19T02:28:15","slug":"fw-stuttgart-feuerwehr-stuttgart-begruesst-ueber-10-000-gaeste-beim-tag-der-offenen-tuer","status":"publish","type":"post","link":"https:\/\/www.europesays.com\/de\/121778\/","title":{"rendered":"FW Stuttgart: Feuerwehr Stuttgart begr\u00fc\u00dft \u00fcber 10.000 G\u00e4ste beim Tag der offenen T\u00fcr"},"content":{"rendered":"<p class=\"date\">18.05.2025 \u2013 18:19<\/p>\n<p class=\"customer\">\n                        <a class=\"story-customer\" title=\"weiter zum newsroom von Feuerwehr Stuttgart\" href=\"https:\/\/www.presseportal.de\/blaulicht\/nr\/161590\" rel=\"nofollow noopener\" target=\"_blank\">Feuerwehr Stuttgart<\/a>\n                    <\/p>\n<p><a class=\"glightbox-pseudo event-trigger\" href=\"https:\/\/cache.pressmailing.net\/thumbnail\/story_hires\/88c8b7ce-0755-425c-a74c-4d04748feda9\/Bildquelle_Feuerwehr~rt_TdoT_FRW5_04.JPG.jpg\" data-description=\"Impressionen vom Tag der offenen T\u00fcr der Feuerwehr Stuttgart. Bildquelle: Feuerwehr Stuttgart\" data-category=\"medialightbox\" data-action=\"click\" data-label=\"single\" data-value=\"682a08b2270000fd2c77afca\" rel=\"nofollow noopener\" target=\"_blank\"><img decoding=\"async\" height=\"540\" with=\"720\" src=\"https:\/\/www.europesays.com\/de\/wp-content\/uploads\/2025\/05\/fw-stuttgart-feuerwehr-stuttgart-begr-t-ber-10-000-g-ste-beim-tag-der-offenen-t-r.jpeg\"   alt=\"FW Stuttgart: Feuerwehr Stuttgart begr\u00fc\u00dft \u00fcber 10.000 G\u00e4ste beim Tag der offenen T\u00fcr\" class=\"single\"\/><\/a><\/p>\n<p><a data-category=\"citylink-story-view\" data-action=\"click\" data-label=\"Citylink in Meldungsansicht\" class=\"story-city event-trigger\" href=\"https:\/\/www.presseportal.de\/regional\/Stuttgart\" title=\"News aus Stuttgart \" rel=\"nofollow noopener\" target=\"_blank\">Stuttgart<\/a> (ots)<\/p>\n<p>   &#8211; Tag der offenen T\u00fcr auf der Feuer- und Rettungswache 5 auf den<br \/>\n     Fildern   &#8211; \u00dcbungen und Attraktionen f\u00fcr gro\u00dfe und kleine Besucher   &#8211; \u00dcber 10.000 Besucherinnen und Besucher<\/p>\n<p>Tausende G\u00e4ste durfte die Feuerwehr Stuttgart am Samstag und Sonntag auf der Feuer- und Rettungswache 5 auf den Fildern begr\u00fc\u00dfen. Im Rahmen eines Tags der offenen T\u00fcr fanden zahlreiche Aktionen und \u00dcbungen auf dem Feuerwehrgel\u00e4nde statt.<\/p>\n<p>Gro\u00dfes Interesse an Wachf\u00fchrungen<\/p>\n<p>Insbesondere die Wachf\u00fchrungen durch die im vergangenen Jahr neu bezogene Feuer- und Rettungswache stie\u00dfen auf gro\u00dfes Interesse. Auf den rund zwanzigmin\u00fctigen Rundg\u00e4ngen erhielten die Besucherinnen und Besucher Einblicke in die verschiedenen Bereiche des Geb\u00e4udes. Neben der Berufsfeuerwehr ist auch die Freiwillige Feuerwehr Stuttgart &#8211; Abteilung Logistik, die Notbetriebsstelle der Integrierten Leitstelle, ein Einsatzmittel- und Katastrophenschutzlager, sowie B\u00fcros des Fachbereichs Aus- und Fortbildung, des Stadtfeuerwehrverbandes und der Stadtjugendfeuerwehr in dem Geb\u00e4ude untergebracht.<\/p>\n<p>Vorf\u00fchrungen des Aus- und Fortbildungszentrums der H\u00f6henretter und der Brandschutzerziehung<\/p>\n<p>St\u00fcndlich fanden \u00dcbungen verschiedener Einheiten statt. Die H\u00f6henretter pr\u00e4sentierten ihre F\u00e4higkeiten am neuen \u00dcbungsturm in rund 25 Metern H\u00f6he. Das Aus- und Fortbildungszentrum zeigte in einem Wohnungsmodell das Vorgehen der Feuerwehr bei einem Wohnungsbrand. Und das Einsatzszenario &#8222;Verkehrsunfall&#8220; konnte an einem verunfallten Kleinwagen besichtigt und die Fragen der Besucherinnen und Besucher beantwortet werden. Am Stand der Brandschutzerziehung wurden verschiedene Brandverl\u00e4ufe gezeigt und das richtige Verhalten im Brandfall erl\u00e4utert.<\/p>\n<p>Reanimationstraining<\/p>\n<p>Der medizinische Rettungsdienst der Feuerwehr Stuttgart ist ebenfalls im neuen Geb\u00e4ude stationiert. Unter fachlicher Anleitung von Notfallsanit\u00e4tern der Feuerwehr Stuttgart konnten die Besucherinnen und Besucher an einem Reanimationstraining teilnehmen. Hier konnte an den bereitliegenden \u00dcbungspuppen die Herz-Lungen-Wiederbelebung ge\u00fcbt werden. Mit einem spielerischen Ansatz fanden sich die Teilnehmenden auf einem gro\u00dfen Bildschirm an der Spitze, welche die Herzdruckmassage am besten und effektivsten ausgef\u00fchrt hatten.<\/p>\n<p>Spiel und Spa\u00df f\u00fcr Kinder<\/p>\n<p>Gro\u00dfen Anklang fanden bei bestem Wetter die Attraktionen der Jugendfeuerwehr im Au\u00dfenbereich. Bei verschiedenen Wasserspielen bewiesen die Kinder Treffsicherheit mit dem L\u00f6schrohr und bei einer Rallye \u00fcber das Gel\u00e4nde konnte an den verschiedenen Stationen einen Stempelabdruck f\u00fcr einen kleinen Gewinn gesammelt werden.<\/p>\n<p>Fahrzeugausstellung<\/p>\n<p>Im Rahmen einer Fahrzeugausstellung konnten zahlreiche Sonderfahrzeuge der Feuerwehr Stuttgart bestaunt werden. Neben einem Feuerwehrkran und einem Gro\u00dfraumrettungswagen der Berufsfeuerwehr auch zahlreiche Fahrzeuge der Freiwilligen Feuerwehr Stuttgart. Unter anderem ein Tankl\u00f6schfahrzeug-Waldbrand, ein Gro\u00dftankl\u00f6schfahrzeug, ein R\u00fcstwagen, eine Drehleiter und die Drohneneinheit mit ihrer Ausr\u00fcstung.<\/p>\n<p>Bei der Freiwilligen Feuerwehr Stuttgart &#8211; Abteilung Logistik konnte ein Dekontaminationsplatz besichtigt werden. Dieser wird beispielsweise bei Unf\u00e4llen mit chemischen Gefahrg\u00fctern aufgebaut, damit betroffene Personen gereinigt werden k\u00f6nnen.<\/p>\n<p>Typisierungsaktion der DKMS<\/p>\n<p>\u00dcber einhundert Personen konnten im Rahmen der Veranstaltung typisiert werden und stehen somit als potentielle Stammzellenspender zur Verf\u00fcgung. Die Typisierungsaktion wurde in Zusammenarbeit mit der Br\u00e4utelzunft Scheer durchgef\u00fchrt.<\/p>\n<p>Bewirtung zugunsten der Gustav-Binder-Stiftung<\/p>\n<p>Durch den Stadtfeuerwehrverband Stuttgart e. V. konnten in Zusammenarbeit mit mehreren Abteilungen der Freiwilligen Feuerwehr Stuttgart alkoholfreie Getr\u00e4nke und Brezeln angeboten werden. Es wurde bewusst auf eine umfangreiche Bewirtung verzichtet, da der Platz eingeschr\u00e4nkt war und der fachliche Austausch im Vordergrund stand. Die Gewinne aus dem Verkauf werden zugunsten der Gustav-Binder-Stiftung des Landesfeuerwehrverbandes Baden-W\u00fcrttemberg gespendet.<\/p>\n<p>Amtsleiter und Feuerwehrkommandant Dr. Georg Belge sagte am Sonntagabend in Stuttgart: &#8222;Wir sind \u00fcberw\u00e4ltigt vom gro\u00dfen Interesse an unserer Arbeit und bedanken uns bei allen Besucherinnen und Besuchern f\u00fcr ihr Kommen und die vielen guten Gespr\u00e4che. Mein Dank gilt ebenfalls den \u00fcber hundert Helferinnen und Helfern der Feuerwehr Stuttgart, welche diese Veranstaltung erm\u00f6glicht haben.&#8220;<\/p>\n<p class=\"contact-headline\">R\u00fcckfragen bitte an:<\/p>\n<p class=\"contact-text\">Feuerwehr Stuttgart<br \/>Presse- und \u00d6ffentlichkeitsarbeit<\/p>\n<p>0711 216 73555<br \/><a href=\"https:\/\/www.presseportal.de\/blaulicht\/pm\/161590\/mailto: 37-Pressestelle@stuttgart.de\" class=\"uri-mailto\" rel=\"nofollow noopener\" target=\"_blank\"> 37-Pressestelle@stuttgart.de<\/a><br \/><a target=\"_blank\" class=\"uri-ext outbound\" rel=\"noopener nofollow\" href=\"https:\/\/www.feuerwehr-stuttgart.de\">www.feuerwehr-stuttgart.de<\/a><\/p>\n<p class=\"originator\">Original-Content von: Feuerwehr Stuttgart, \u00fcbermittelt durch news aktuell<\/p>\n","protected":false},"excerpt":{"rendered":"18.05.2025 \u2013 18:19 Feuerwehr Stuttgart Stuttgart (ots) &#8211; Tag der offenen T\u00fcr auf der Feuer- und Rettungswache 5&hellip;\n","protected":false},"author":2,"featured_media":121779,"comment_status":"","ping_status":"","sticky":false,"template":"","format":"standard","meta":{"footnotes":""},"categories":[1830],"tags":[1634,6187,3364,29,985,30,178,180,179,181,1441],"class_list":{"0":"post-121778","1":"post","2":"type-post","3":"status-publish","4":"format-standard","5":"has-post-thumbnail","7":"category-stuttgart","8":"tag-baden-wuerttemberg","9":"tag-bw","10":"tag-de","11":"tag-deutschland","12":"tag-feuerwehr","13":"tag-germany","14":"tag-presse","15":"tag-pressemeldung","16":"tag-pressemitteilung","17":"tag-pressemitteilungen","18":"tag-stuttgart"},"share_on_mastodon":{"url":"https:\/\/pubeurope.com\/@de\/114532142555408524","error":""},"_links":{"self":[{"href":"https:\/\/www.europesays.com\/de\/wp-json\/wp\/v2\/posts\/121778","targetHints":{"allow":["GET"]}}],"collection":[{"href":"https:\/\/www.europesays.com\/de\/wp-json\/wp\/v2\/posts"}],"about":[{"href":"https:\/\/www.europesays.com\/de\/wp-json\/wp\/v2\/types\/post"}],"author":[{"embeddable":true,"href":"https:\/\/www.europesays.com\/de\/wp-json\/wp\/v2\/users\/2"}],"replies":[{"embeddable":true,"href":"https:\/\/www.europesays.com\/de\/wp-json\/wp\/v2\/comments?post=121778"}],"version-history":[{"count":0,"href":"https:\/\/www.europesays.com\/de\/wp-json\/wp\/v2\/posts\/121778\/revisions"}],"wp:featuredmedia":[{"embeddable":true,"href":"https:\/\/www.europesays.com\/de\/wp-json\/wp\/v2\/media\/121779"}],"wp:attachment":[{"href":"https:\/\/www.europesays.com\/de\/wp-json\/wp\/v2\/media?parent=121778"}],"wp:term":[{"taxonomy":"category","embeddable":true,"href":"https:\/\/www.europesays.com\/de\/wp-json\/wp\/v2\/categories?post=121778"},{"taxonomy":"post_tag","embeddable":true,"href":"https:\/\/www.europesays.com\/de\/wp-json\/wp\/v2\/tags?post=121778"}],"curies":[{"name":"wp","href":"https:\/\/api.w.org\/{rel}","templated":true}]}}