{"id":1217793,"date":"2026-08-05T19:44:26","date_gmt":"2026-08-05T19:44:26","guid":{"rendered":"https:\/\/www.europesays.com\/de\/1217793\/"},"modified":"2026-08-05T19:44:26","modified_gmt":"2026-08-05T19:44:26","slug":"surfdays-in-karlsruhe-welle-auf-marktplatz-sei-wie-snowboardfahren","status":"publish","type":"post","link":"https:\/\/www.europesays.com\/de\/1217793\/","title":{"rendered":"Surfdays in Karlsruhe: Welle auf Marktplatz sei wie Snowboardfahren"},"content":{"rendered":"<p class=\"mb-6 text-xs-varying md:text-m lg:text-l font-serif group-[.font-sans]:font-sans \">\n    Um den Karlsruhern auch w\u00e4hrend der hei\u00dfen Ferienzeit etwas Spa\u00df und Abk\u00fchlung zu bringen, ist f\u00fcr drei Tage eine Surfwelle auf dem Marktplatz in <a href=\"https:\/\/www.ka-news.de\/promis\/karlsruhe-kulturlandschaft-technologieregion-und-residenz-des-rechts-die-faecherstadt-im-ueberblick-art-2783253\" target=\"_self\" class=\"underline \" rel=\"nofollow noopener\">Karlsruhe<\/a> aufgebaut.\n  <\/p>\n<p>            \u201eDie gr\u00f6\u00dfte Herausforderung ist es, nicht zu denken.\u201c<\/p>\n<p class=\"mb-6 text-xs-varying md:text-m lg:text-l font-serif group-[.font-sans]:font-sans \">\n    Ein jeder &#8211; <strong class=\"font-bold\">auch Anf\u00e4nger<\/strong> k\u00f6nnen hier das Surfen f\u00fcr sich entdecken. Angst muss niemand vor der aufblasbaren Anlage haben, denn St\u00fcrze vom Brett sind durch den Untergrund kein Problem &#8211; das<strong class=\"font-bold\"> Fallen geh\u00f6re zwar dazu, passiere jedoch langsam und sehr weich.<\/strong>\n  <\/p>\n<p>    <img decoding=\"async\" src=\"https:\/\/www.europesays.com\/de\/wp-content\/uploads\/2026\/08\/img7031jpg.jpg\" alt=\"Surfdays in Karlsruhe vom 5. August 2026.\" title=\"Surfdays in Karlsruhe vom 5. August 2026.\" loading=\"lazy\" class=\"h-full w-full object-cover\"\/><\/p>\n<p>      Icon vergr\u00f6\u00dfern<\/p>\n<p>    Surfdays in Karlsruhe vom 5. August 2026.<br \/>\n    Foto: Paul Mayer<\/p>\n<p>        Schlie\u00dfen <\/p>\n<p>      Icon Schlie\u00dfen<\/p>\n<p>        Icon vergr\u00f6\u00dfern<\/p>\n<p>        Icon verkleinern<\/p>\n<p>      Icon Pfeil bewegen<\/p>\n<p>    Surfdays in Karlsruhe vom 5. August 2026.<br \/>\n    Foto: Paul Mayer<\/p>\n<p class=\"mb-6 text-xs-varying md:text-m lg:text-l font-serif group-[.font-sans]:font-sans \">\n    Gesch\u00e4ftsf\u00fchrer von Brandguides und Betreiber der Welle, Thilo Trefz sagt im Rahemen einer gemeinsamen Pressekonferenz am 5. August: <strong class=\"font-bold\">\u201eDie gr\u00f6\u00dfte Herausforderung ist es, nicht zu denken.\u201c<\/strong> Es gehe darum, sich auf den eigenen Gleichgewichtssinn zu fokussieren.\n  <\/p>\n<p>            K\u00fcnstliche Welle nutzt 35 Kubikmeter Wasser f\u00fcr Surferlebnis<\/p>\n<p class=\"mb-6 text-xs-varying md:text-m lg:text-l font-serif group-[.font-sans]:font-sans \">\n    Entstanden sei die Anlage 2016 mit dem Gedanken, den Surf-Sport zu den Leuten zu bringen. Die 10 mal 15 Meter gro\u00dfe Anlage funktioniert mittels 35 Kubikmeter Wasser, welches nach oben gepumpt wird, um die Welle zu simulieren.\n  <\/p>\n<p>    <img decoding=\"async\" src=\"https:\/\/www.europesays.com\/de\/wp-content\/uploads\/2026\/08\/img7027jpg.jpg\" alt=\"Surfdays in Karlsruhe\" title=\"Surfdays in Karlsruhe\" loading=\"lazy\" class=\"h-full w-full object-cover\"\/><\/p>\n<p>      Icon vergr\u00f6\u00dfern<\/p>\n<p>    Surfdays in Karlsruhe<br \/>\n    Foto: Paul Mayer<\/p>\n<p>        Schlie\u00dfen <\/p>\n<p>      Icon Schlie\u00dfen<\/p>\n<p>        Icon vergr\u00f6\u00dfern<\/p>\n<p>        Icon verkleinern<\/p>\n<p>      Icon Pfeil bewegen<\/p>\n<p>    Surfdays in Karlsruhe<br \/>\n    Foto: Paul Mayer<\/p>\n<p class=\"mb-6 text-xs-varying md:text-m lg:text-l font-serif group-[.font-sans]:font-sans \">\n    Laut Trefz unterscheidet sich eine k\u00fcnstliche Welle zwar vom echten Meer. Allerdings seien auch nat\u00fcrliche Gew\u00e4sser nicht miteinander vergleichbar \u2013 je nach Spot falle die Surferfahrung immer anders aus.<strong class=\"font-bold\"> In <a href=\"https:\/\/www.ka-news.de\/karlsruhe\" target=\"_self\" class=\"underline \" rel=\"nofollow noopener\">Karlsruhe<\/a> \u00e4hnele die Bewegungen auf der Anlage zudem mehr dem Snowboardfahren<\/strong>, weil man sich bereits auf der Welle befindet. Im Meer dagegen laufen die Wellen auf einen zu &#8211; die Ausgangslage sei damit eine andere.\n  <\/p>\n<p>    <img decoding=\"async\" src=\"https:\/\/www.europesays.com\/de\/wp-content\/uploads\/2026\/08\/img7049jpg.jpg\" alt=\"Surfdays in Karlsruhe vom 5. August 2026.\" title=\"Surfdays in Karlsruhe vom 5. August 2026.\" loading=\"lazy\" class=\"h-full w-full object-cover\"\/><\/p>\n<p>      Icon vergr\u00f6\u00dfern<\/p>\n<p>    Surfdays in Karlsruhe vom 5. August 2026.<br \/>\n    Foto: Paul Mayer<\/p>\n<p>        Schlie\u00dfen <\/p>\n<p>      Icon Schlie\u00dfen<\/p>\n<p>        Icon vergr\u00f6\u00dfern<\/p>\n<p>        Icon verkleinern<\/p>\n<p>      Icon Pfeil bewegen<\/p>\n<p>    Surfdays in Karlsruhe vom 5. August 2026.<br \/>\n    Foto: Paul Mayer<\/p>\n<p>            Was gilt es zu beachten?<\/p>\n<ul rel=\"\" class=\"[&amp;&gt;li]:relative list-none  [&amp;&gt;li]:pl-[1.2em] [&amp;&gt;li]:marker:text-[0] [&amp;&gt;li]:relative [&amp;&gt;li]:before:absolute [&amp;&gt;li]:before:w-3 [&amp;&gt;li]:before:h-3 [&amp;&gt;li]:before:bg-brand [&amp;&gt;li]:before:left-0 [&amp;&gt;li]:before:rounded-full [&amp;&gt;li]:before:top-[8px] md:[&amp;&gt;li]:before:top-[9px] lg:[&amp;&gt;li]:before:top-[11px]  my-5\">\n<li class=\" mb-3 text-xs-varying md:text-m lg:text-l\">\u00d6ffnungszeiten: 11 bis 20 Uhr<\/li>\n<li class=\" mb-3 text-xs-varying md:text-m lg:text-l\">Pro halbe Stunde k\u00f6nnen f\u00fcnf Personen die Anlage nutzen: Drei Pl\u00e4tze sind bereits \u00fcber Online-Buchungen vergeben, zwei weitere k\u00f6nnen spontan vor Ort belegt werden.<\/li>\n<li class=\" mb-3 text-xs-varying md:text-m lg:text-l\">Voraussetzungen: Mindestgr\u00f6\u00dfe von 1,30 Meter und Mindestgewicht von 33 Kilogramm<\/li>\n<\/ul>\n<p class=\"mb-6 text-xs-varying md:text-m lg:text-l font-serif group-[.font-sans]:font-sans \">\n    Alle weiteren Informationen haben wir hier zusammengefasst: <a href=\"https:\/\/www.ka-news.de\/karlsruhe\/freizeit-und-veranstaltungen\/surfwelle-macht-karlsruhe-zum-treffpunkt-der-surfdays-2026-im-august-16-114212527\" target=\"_self\" class=\"underline \" rel=\"nofollow noopener\">Karlsruhe erh\u00e4lt Surfwelle vor dem Rathaus!<\/a>\n  <\/p>\n<p>    <img decoding=\"async\" src=\"https:\/\/www.europesays.com\/de\/wp-content\/uploads\/2026\/08\/img7027jpg.jpg\" alt=\"Surfdays in Karlsruhe vom 5. August 2026.\" title=\"Surfdays in Karlsruhe vom 5. August 2026.\" loading=\"lazy\" class=\"h-full w-full object-cover\"\/><\/p>\n<p>      Icon vergr\u00f6\u00dfern<\/p>\n<p>    Surfdays in Karlsruhe vom 5. August 2026.<br \/>\n    Foto: Paul Mayer<\/p>\n<p>        Schlie\u00dfen <\/p>\n<p>      Icon Schlie\u00dfen<\/p>\n<p>        Icon vergr\u00f6\u00dfern<\/p>\n<p>        Icon verkleinern<\/p>\n<p>      Icon Pfeil bewegen<\/p>\n<p>    Surfdays in Karlsruhe vom 5. August 2026.<br \/>\n    Foto: Paul Mayer<\/p>\n","protected":false},"excerpt":{"rendered":"Um den Karlsruhern auch w\u00e4hrend der hei\u00dfen Ferienzeit etwas Spa\u00df und Abk\u00fchlung zu bringen, ist f\u00fcr drei Tage&hellip;\n","protected":false},"author":2,"featured_media":1217794,"comment_status":"","ping_status":"","sticky":false,"template":"","format":"standard","meta":{"footnotes":"","_share_on_mastodon":"0"},"categories":[1844],"tags":[7382,33091,1634,3364,29,30,8903,265,25028,253306],"class_list":["post-1217793","post","type-post","status-publish","format-standard","has-post-thumbnail","category-karlsruhe","tag-marktplatz","tag-abkuehlung","tag-baden-wuerttemberg","tag-de","tag-deutschland","tag-germany","tag-karlsruhe","tag-sport","tag-surfwelle","tag-thilo-trefz"],"share_on_mastodon":{"url":"https:\/\/pubeurope.com\/@de\/117044621581660220","error":""},"_links":{"self":[{"href":"https:\/\/www.europesays.com\/de\/wp-json\/wp\/v2\/posts\/1217793","targetHints":{"allow":["GET"]}}],"collection":[{"href":"https:\/\/www.europesays.com\/de\/wp-json\/wp\/v2\/posts"}],"about":[{"href":"https:\/\/www.europesays.com\/de\/wp-json\/wp\/v2\/types\/post"}],"author":[{"embeddable":true,"href":"https:\/\/www.europesays.com\/de\/wp-json\/wp\/v2\/users\/2"}],"replies":[{"embeddable":true,"href":"https:\/\/www.europesays.com\/de\/wp-json\/wp\/v2\/comments?post=1217793"}],"version-history":[{"count":0,"href":"https:\/\/www.europesays.com\/de\/wp-json\/wp\/v2\/posts\/1217793\/revisions"}],"wp:featuredmedia":[{"embeddable":true,"href":"https:\/\/www.europesays.com\/de\/wp-json\/wp\/v2\/media\/1217794"}],"wp:attachment":[{"href":"https:\/\/www.europesays.com\/de\/wp-json\/wp\/v2\/media?parent=1217793"}],"wp:term":[{"taxonomy":"category","embeddable":true,"href":"https:\/\/www.europesays.com\/de\/wp-json\/wp\/v2\/categories?post=1217793"},{"taxonomy":"post_tag","embeddable":true,"href":"https:\/\/www.europesays.com\/de\/wp-json\/wp\/v2\/tags?post=1217793"}],"curies":[{"name":"wp","href":"https:\/\/api.w.org\/{rel}","templated":true}]}}