{"id":1217809,"date":"2026-08-05T19:54:24","date_gmt":"2026-08-05T19:54:24","guid":{"rendered":"https:\/\/www.europesays.com\/de\/1217809\/"},"modified":"2026-08-05T19:54:24","modified_gmt":"2026-08-05T19:54:24","slug":"ukraine-krieg-kiew-gehen-patriot-raketen-aus-russland-schlaegt-brutal-zu","status":"publish","type":"post","link":"https:\/\/www.europesays.com\/de\/1217809\/","title":{"rendered":"Ukraine-Krieg: Kiew gehen Patriot-Raketen aus \u2013 Russland schl\u00e4gt brutal zu"},"content":{"rendered":"<p>Flugabwehr f\u00fcr die Ukraine <\/p>\n<p>&#8222;Da werden sich die Amerikaner verweigern&#8220;<\/p>\n<ul class=\"grid grid-flow-col gap-4\" aria-label=\"Autorenbilder\">\n<li class=\"leading-0\"><img data-tb-author-image=\"\"  loading=\"lazy\" src=\"https:\/\/www.europesays.com\/de\/wp-content\/uploads\/2026\/07\/1784081659_956_image.jpg\" alt=\"\" title=\"\" width=\"40\" height=\"40\" class=\"\" decoding=\"async\"\/><\/li>\n<\/ul>\n<p>05.08.2026 &#8211; 20:28 UhrLesedauer: 4 Min.<\/p>\n<p><a href=\"#focus-0\" class=\"transition-colors block text-current relative\" data-sctrack=\"FocusGalleryImage.Reference\"><img fetchpriority=\"high\" data-testid=\"Opener.Image\"   loading=\"eager\" src=\"https:\/\/www.europesays.com\/de\/wp-content\/uploads\/2026\/08\/ein-feuerwehrmann-loescht-einen-brand-in-kiew-nach-dem-verheerenden-russischen-angriff-in-der-nacht-.jpeg\" alt=\"urn:newsml:dpa.com:20090101:260805-99-254908\" title=\"urn:newsml:dpa.com:20090101:260805-99-254908\" width=\"1685\" height=\"948\" class=\"bg-[url:var(--lqipURL)] bg-cover bg-center flex h-full w-full max-w-full\" style=\"--lqipURL:url('https:\/\/images.t-online.de\/2026\/08\/BCJpVna09KhH\/0x353:1685x948\/fit-in\/150x0\/filters:blur(25)\/ein-feuerwehrmann-loescht-einen-brand-in-kiew-nach-dem-verheerenden-russischen-angriff-in-der-nacht-zu-mittwoch.jpg')\" decoding=\"async\"\/><img loading=\"lazy\" src=\"https:\/\/www.t-online.de\/s\/paper\/_next\/static\/media\/zoom-in.f7dae02f.svg\" alt=\"Vergr\u00f6\u00dfern des Bildes\" title=\"Vergr\u00f6\u00dfern des Bildes\" class=\"block h-[calc(var(--height)_\/_16_*_1rem)] w-[calc(var(--width)_\/_16_*_1rem)] max-w-none absolute right-8 bottom-8 rounded-4 bg-snow p-8\" style=\"--width:32;--height:32\" decoding=\"async\"\/><\/a><\/p>\n<p>Ein Feuerwehrmann l\u00f6scht einen Brand in Kiew nach dem j\u00fcngsten Angriff: Den UN zufolge werden Russlands Luftangriffe h\u00e4ufiger \u2013 und fordern immer mehr Todesopfer. (Quelle: Dan Bashakov)<\/p>\n<p><img loading=\"lazy\" src=\"https:\/\/www.t-online.de\/s\/paper\/_next\/static\/media\/audio-volume.6689034c.svg\" alt=\"\" title=\"\" class=\"block h-[calc(var(--height)_\/_16_*_1rem)] w-[calc(var(--width)_\/_16_*_1rem)] max-w-none group-hover:brightness-0 group-hover:invert\" style=\"--width:16;--height:16\" decoding=\"async\"\/>Vorlesen<\/p>\n<p>Aktuelle Zeit:0:00Gesamtdauer:0:00<\/p>\n<p>1x<\/p>\n<p class=\"text-center\">Jetzt neu bei t-online:<\/p>\n<p class=\"text-center\">Schriftgr\u00f6\u00dfe anpassen!<\/p>\n<p><img loading=\"lazy\" src=\"https:\/\/www.t-online.de\/s\/paper\/_next\/static\/media\/font-sizes.32942e33.svg\" alt=\"\" title=\"\" class=\"block h-[calc(var(--height)_\/_16_*_1rem)] w-[calc(var(--width)_\/_16_*_1rem)] max-w-none group-hover:hidden group-aria-expanded:hidden\" style=\"--width:16;--height:16\" decoding=\"async\"\/><img loading=\"lazy\" src=\"https:\/\/www.t-online.de\/s\/paper\/_next\/static\/media\/font-sizes-dark-mode.e382645c.svg\" alt=\"\" title=\"\" class=\"block h-[calc(var(--height)_\/_16_*_1rem)] w-[calc(var(--width)_\/_16_*_1rem)] max-w-none hidden group-hover:block group-aria-expanded:block\" style=\"--width:16;--height:16\" decoding=\"async\"\/><img loading=\"lazy\" src=\"https:\/\/www.t-online.de\/s\/paper\/_next\/static\/media\/sharing-menu-icon.1eb71368.svg\" alt=\"\" title=\"\" class=\"block h-[calc(var(--height)_\/_16_*_1rem)] w-[calc(var(--width)_\/_16_*_1rem)] max-w-none group-hover:brightness-0 group-hover:invert\" style=\"--width:16;--height:16\" decoding=\"async\"\/>Artikel teilen<\/p>\n<p class=\"font-bold text-18 leading-17 user-text-lg:text-22 user-text-xl:text-24\">Keine einzige russische Rakete konnte die Ukraine in der Nacht zu Mittwoch abfangen. Eine Verbesserung der Lage ist nicht in Sicht, sagt Milit\u00e4rexperte Gressel.<\/p>\n<p class=\"text-18 leading-17 user-text-lg:text-22 user-text-xl:text-24\">Der j\u00fcngste Angriff legt die Verwundbarkeit der <a href=\"https:\/\/www.t-online.de\/themen\/ukraine\/\" class=\"transition-colors cursor-pointer no-underline md:hover:text-magenta md:focus:text-magenta border-b border-solid border-current text-salemsfur md:hover:border-magenta\" data-tracking=\"{&quot;action&quot;:&quot;click&quot;,&quot;category&quot;:&quot;intextLink&quot;,&quot;label&quot;:&quot;\/themen\/ukraine\/&quot;}\" data-sctrack=\"BodyAnchor\" rel=\"nofollow noopener\" target=\"_blank\">Ukraine<\/a> schonungslos offen: Von 28 russischen Raketen konnten die Verteidiger in der Nacht zu Mittwoch keine einzige abfangen. Mindestens 17 Menschen wurden bei dem Angriff in und um <a href=\"https:\/\/www.t-online.de\/themen\/kiew\/\" class=\"transition-colors cursor-pointer no-underline md:hover:text-magenta md:focus:text-magenta border-b border-solid border-current text-salemsfur md:hover:border-magenta\" data-tracking=\"{&quot;action&quot;:&quot;click&quot;,&quot;category&quot;:&quot;intextLink&quot;,&quot;label&quot;:&quot;\/themen\/kiew\/&quot;}\" data-sctrack=\"BodyAnchor\" rel=\"nofollow noopener\" target=\"_blank\">Kiew<\/a> get\u00f6tet, 44 weitere verletzt. Und es d\u00fcrfte nicht der letzte traurige Tag f\u00fcr die Ukraine in diesem Krieg gewesen sein.<\/p>\n<p class=\"text-18 leading-17 user-text-lg:text-22 user-text-xl:text-24\">Seit Monaten appelliert Pr\u00e4sident <a href=\"https:\/\/www.t-online.de\/themen\/wolodymyr-selenskyj\/\" class=\"transition-colors cursor-pointer no-underline md:hover:text-magenta md:focus:text-magenta border-b border-solid border-current text-salemsfur md:hover:border-magenta\" data-tracking=\"{&quot;action&quot;:&quot;click&quot;,&quot;category&quot;:&quot;intextLink&quot;,&quot;label&quot;:&quot;\/themen\/wolodymyr-selenskyj\/&quot;}\" data-sctrack=\"BodyAnchor\" rel=\"nofollow noopener\" target=\"_blank\">Wolodymyr Selenskyj<\/a> an die Verb\u00fcndeten, mehr Flugabwehrraketen zu liefern. Besonders dramatisch ist der Mangel an Munition f\u00fcr die Patriot-Systeme der Ukraine. Als wirksamstes Mittel gegen russische Raketen wie Iskander, Zirkon oder Kinschal gelten Patriot-Raketen der j\u00fcngsten Generation vom Typ PAC-3. Diese wurde speziell gegen Raketen entwickelt, w\u00e4hrend sich die Vorg\u00e4ngerversion PAC-2 etwa zur Bek\u00e4mpfung von Kampfjets besser eignet.<\/p>\n<p class=\"text-18 leading-17 user-text-lg:text-22 user-text-xl:text-24\">Nun aber k\u00f6nnten die PAC-3-Best\u00e4nde der Ukraine endg\u00fcltig zur Neige gegangen sein, f\u00fcrchtet auch der \u00f6sterreichische Milit\u00e4rexperte Gustav Gressel.<\/p>\n<ul class=\"text-18 leading-17 block pl-24 *:pb-16 *:before:inline-block *:before:size-8 *:before:bg-magenta *:before:mt-0 *:before:mr-12 *:before:mb-2 *:before:-ml-[20px]\">\n<li><strong class=\"font-bold\">Newsblog zum Krieg in der Ukraine<\/strong>: <a href=\"https:\/\/www.t-online.de\/nachrichten\/ukraine\/id_101371946\/ukraine-krieg-russland-zerstoert-zentrales-lager-von-liqui-moly.html\" class=\"transition-colors cursor-pointer no-underline md:hover:text-magenta md:focus:text-magenta border-b border-solid border-current text-salemsfur md:hover:border-magenta\" data-tracking=\"{&quot;action&quot;:&quot;click&quot;,&quot;category&quot;:&quot;intextLink&quot;,&quot;label&quot;:&quot;\/nachrichten\/ukraine\/id_101371946\/ukraine-krieg-russland-zerstoert-zentrales-lager-von-liqui-moly.html&quot;}\" data-sctrack=\"BodyAnchor\" rel=\"nofollow noopener\" target=\"_blank\">Alle Entwicklungen im \u00dcberblick<\/a><\/li>\n<li><strong class=\"font-bold\">Drohne an ukrainischem Flugzeug in Leipzig<\/strong>: <a href=\"https:\/\/www.t-online.de\/nachrichten\/deutschland\/innenpolitik\/id_101375978\/drohnen-vorfall-in-leipzig-dobrindt-unterbricht-sommerurlaub.html\" class=\"transition-colors cursor-pointer no-underline md:hover:text-magenta md:focus:text-magenta border-b border-solid border-current text-salemsfur md:hover:border-magenta\" data-tracking=\"{&quot;action&quot;:&quot;click&quot;,&quot;category&quot;:&quot;intextLink&quot;,&quot;label&quot;:&quot;\/nachrichten\/deutschland\/innenpolitik\/id_101375978\/drohnen-vorfall-in-leipzig-dobrindt-unterbricht-sommerurlaub.html&quot;}\" data-sctrack=\"BodyAnchor\" rel=\"nofollow noopener\" target=\"_blank\">Dobrindt unterbricht Urlaub<\/a><\/li>\n<\/ul>\n<p>&#8222;Zuletzt kam noch eine kleine Lieferung aus Polen&#8220;<\/p>\n<p class=\"text-18 leading-17 user-text-lg:text-22 user-text-xl:text-24\">&#8222;Die Lagerbest\u00e4nde sind geheim, aber wenn \u00fcberhaupt, hat die Ukraine nur noch sehr wenige dieser Raketen&#8220;, sagt Gressel auf Anfrage von t-online. &#8222;Es kann sein, dass die Ukrainer noch welche zur\u00fcckhalten, es kann aber auch sein, dass sie jetzt komplett ausgegangen sind&#8220;, so Gressel. Gr\u00f6\u00dfere Mengen an PAC-3-Raketen habe Kiew lange nicht erhalten. &#8222;Zuletzt kam noch eine kleine Lieferung aus <a href=\"https:\/\/www.t-online.de\/themen\/polen\/\" class=\"transition-colors cursor-pointer no-underline md:hover:text-magenta md:focus:text-magenta border-b border-solid border-current text-salemsfur md:hover:border-magenta\" data-tracking=\"{&quot;action&quot;:&quot;click&quot;,&quot;category&quot;:&quot;intextLink&quot;,&quot;label&quot;:&quot;\/themen\/polen\/&quot;}\" data-sctrack=\"BodyAnchor\" rel=\"nofollow noopener\" target=\"_blank\">Polen<\/a>, die sind aber auch l\u00e4ngst verschossen&#8220;, erkl\u00e4rt der Politikwissenschaftler und Offiziersausbilder des \u00f6sterreichischen Bundesheeres.<\/p>\n<p><a href=\"#focus-1\" class=\"transition-colors block text-current relative\" data-sctrack=\"FocusGalleryImage.Reference\"><img   loading=\"lazy\" src=\"https:\/\/www.europesays.com\/de\/wp-content\/uploads\/2026\/08\/ein-mangel-an-flugabwehrraketen-fuer-die-vorhandenen-patriot-systeme-erschwert-die-abwehr-russischer.jpeg\" alt=\"Wolodymyr Selenskyj vor einem Flugabwehrsystem Patriot\" title=\"Wolodymyr Selenskyj vor einem Flugabwehrsystem Patriot\" width=\"2048\" height=\"1152\" class=\"h-full w-full max-w-full rounded-8\" decoding=\"async\"\/><img loading=\"lazy\" src=\"https:\/\/www.t-online.de\/s\/paper\/_next\/static\/media\/zoom-in.f7dae02f.svg\" alt=\"Vergr\u00f6\u00dfern des Bildes\" title=\"Vergr\u00f6\u00dfern des Bildes\" class=\"block h-[calc(var(--height)_\/_16_*_1rem)] w-[calc(var(--width)_\/_16_*_1rem)] max-w-none absolute right-8 bottom-8 rounded-4 bg-snow p-8\" style=\"--width:32;--height:32\" decoding=\"async\"\/>Der ukrainische Pr\u00e4sident Wolodymyr Selenskyj vor einem Patriot-Raketenwerfer (Archivbild): Der Mangel an Abwehrraketen trifft die Ukraine hart. (Quelle: Jens B\u00fcttner\/dpa\/dpa-bilder)<\/a><\/p>\n<p class=\"text-18 leading-17 user-text-lg:text-22 user-text-xl:text-24\">Hoffnung auf eine Verbesserung der Situation l\u00f6ste k\u00fcrzlich die Ank\u00fcndigung von US-Pr\u00e4sident <a href=\"https:\/\/www.t-online.de\/themen\/donald-trump\/\" class=\"transition-colors cursor-pointer no-underline md:hover:text-magenta md:focus:text-magenta border-b border-solid border-current text-salemsfur md:hover:border-magenta\" data-tracking=\"{&quot;action&quot;:&quot;click&quot;,&quot;category&quot;:&quot;intextLink&quot;,&quot;label&quot;:&quot;\/themen\/donald-trump\/&quot;}\" data-sctrack=\"BodyAnchor\" rel=\"nofollow noopener\" target=\"_blank\">Donald Trump<\/a> aus, der Ukraine die Herstellung von Patriot-Raketen in Lizenz zu gestatten. <a href=\"https:\/\/www.t-online.de\/nachrichten\/ausland\/usa\/id_101334974\/trump-und-die-ukraine-die-ueberraschende-patriot-wende-aus-dem-weissen-haus.html\" class=\"transition-colors cursor-pointer no-underline md:hover:text-magenta md:focus:text-magenta border-b border-solid border-current text-salemsfur md:hover:border-magenta\" data-tracking=\"{&quot;action&quot;:&quot;click&quot;,&quot;category&quot;:&quot;intextLink&quot;,&quot;label&quot;:&quot;\/nachrichten\/ausland\/usa\/id_101334974\/trump-und-die-ukraine-die-ueberraschende-patriot-wende-aus-dem-weissen-haus.html&quot;}\" data-sctrack=\"BodyAnchor\" rel=\"nofollow noopener\" target=\"_blank\">Die Zusage aus Washington kam \u00fcberraschend<\/a>, schlie\u00dflich hatte sich die Trump-Regierung den Bitten aus Kiew monatelang verschlossen. Doch vorige Woche relativierte Trump seine Zusage schon wieder und nach Angaben des US-Botschafters bei der <a href=\"https:\/\/www.t-online.de\/themen\/nato\/\" class=\"transition-colors cursor-pointer no-underline md:hover:text-magenta md:focus:text-magenta border-b border-solid border-current text-salemsfur md:hover:border-magenta\" data-tracking=\"{&quot;action&quot;:&quot;click&quot;,&quot;category&quot;:&quot;intextLink&quot;,&quot;label&quot;:&quot;\/themen\/nato\/&quot;}\" data-sctrack=\"BodyAnchor\" rel=\"nofollow noopener\" target=\"_blank\">Nato<\/a>, Matthew Whitaker, wird die Ukraine die Patriot-Lizenz nicht vor dem Winter erhalten. F\u00fcr Gustav Gressel kommt diese Entwicklung nicht \u00fcberraschend.<\/p>\n<p>Gressel glaubt nicht an Patriot-Lizenzen f\u00fcr die Ukraine<\/p>\n<p class=\"text-18 leading-17 user-text-lg:text-22 user-text-xl:text-24\">&#8222;Ich glaube nicht, dass die Ukraine wirklich die Lizenz f\u00fcr Patriot-Raketen bekommt, da werden sich die Amerikaner verweigern&#8220;, so der Milit\u00e4rexperte. &#8222;Wenn es um den Export von Waffen geht, ist die US-B\u00fcrokratie extrem langsam, mal ganz abgesehen von den politischen Launen des Pr\u00e4sidenten.&#8220; Zur Debatte stehe ohnehin nur die Erlaubnis zur Produktion von PAC-2-Raketen, deren Nutzwert gegen Russlands ballistische Raketen begrenzt ist. &#8222;Ob die Ukrainer jemals Lizenzen f\u00fcr PAC-2 bekommen, h\u00e4ngt von der bestellten St\u00fcckzahl und politischen Faktoren ab&#8220;, so Gressel. Theoretisch sei es aber denkbar.<\/p>\n","protected":false},"excerpt":{"rendered":"Flugabwehr f\u00fcr die Ukraine &#8222;Da werden sich die Amerikaner verweigern&#8220; 05.08.2026 &#8211; 20:28 UhrLesedauer: 4 Min. Ein Feuerwehrmann&hellip;\n","protected":false},"author":2,"featured_media":1217810,"comment_status":"","ping_status":"","sticky":false,"template":"","format":"standard","meta":{"footnotes":"","_share_on_mastodon":"0"},"categories":[4013],"tags":[326,331,332,106,12254,13,5793,71,14,15,3917,4043,4044,850,307,12,317,312,26,320,107],"class_list":["post-1217809","post","type-post","status-publish","format-standard","has-post-thumbnail","category-russland","tag-326","tag-aktuelle-nachrichten","tag-aktuelle-news","tag-donald-trump","tag-gustav-gressel","tag-headlines","tag-kiew","tag-leipzig","tag-nachrichten","tag-news","tag-polen","tag-russia","tag-russian-federation","tag-russische-foederation","tag-russland","tag-schlagzeilen","tag-ukraine","tag-ukrainekrieg","tag-un","tag-washington","tag-wolodymyr-selenskyj"],"share_on_mastodon":{"url":"https:\/\/pubeurope.com\/@de\/117044662798181704","error":""},"_links":{"self":[{"href":"https:\/\/www.europesays.com\/de\/wp-json\/wp\/v2\/posts\/1217809","targetHints":{"allow":["GET"]}}],"collection":[{"href":"https:\/\/www.europesays.com\/de\/wp-json\/wp\/v2\/posts"}],"about":[{"href":"https:\/\/www.europesays.com\/de\/wp-json\/wp\/v2\/types\/post"}],"author":[{"embeddable":true,"href":"https:\/\/www.europesays.com\/de\/wp-json\/wp\/v2\/users\/2"}],"replies":[{"embeddable":true,"href":"https:\/\/www.europesays.com\/de\/wp-json\/wp\/v2\/comments?post=1217809"}],"version-history":[{"count":0,"href":"https:\/\/www.europesays.com\/de\/wp-json\/wp\/v2\/posts\/1217809\/revisions"}],"wp:featuredmedia":[{"embeddable":true,"href":"https:\/\/www.europesays.com\/de\/wp-json\/wp\/v2\/media\/1217810"}],"wp:attachment":[{"href":"https:\/\/www.europesays.com\/de\/wp-json\/wp\/v2\/media?parent=1217809"}],"wp:term":[{"taxonomy":"category","embeddable":true,"href":"https:\/\/www.europesays.com\/de\/wp-json\/wp\/v2\/categories?post=1217809"},{"taxonomy":"post_tag","embeddable":true,"href":"https:\/\/www.europesays.com\/de\/wp-json\/wp\/v2\/tags?post=1217809"}],"curies":[{"name":"wp","href":"https:\/\/api.w.org\/{rel}","templated":true}]}}