{"id":1217897,"date":"2026-08-05T20:52:25","date_gmt":"2026-08-05T20:52:25","guid":{"rendered":"https:\/\/www.europesays.com\/de\/1217897\/"},"modified":"2026-08-05T20:52:25","modified_gmt":"2026-08-05T20:52:25","slug":"barry-manilow-krebskranker-musiker-sagt-kurzfristig-konzert-ab","status":"publish","type":"post","link":"https:\/\/www.europesays.com\/de\/1217897\/","title":{"rendered":"Barry Manilow: Krebskranker Musiker sagt kurzfristig Konzert ab"},"content":{"rendered":"<p>Sorge um krebskranken Musiker <\/p>\n<p>Barry Manilow sagt Konzert aus &#8222;unvorhersehbaren Gr\u00fcnden&#8220; ab<\/p>\n<p>05.08.2026 &#8211; 18:37 UhrLesedauer: 2 Min.<\/p>\n<p><a href=\"#focus-0\" class=\"transition-colors block text-current relative\" data-sctrack=\"FocusGalleryImage.Reference\"><img fetchpriority=\"high\" data-testid=\"Opener.Image\"   loading=\"eager\" src=\"https:\/\/www.europesays.com\/de\/wp-content\/uploads\/2026\/08\/barry-manilow-der-musiker-ist-an-lungenkrebs-erkrankt.jpg\" alt=\"Barry Manilow: Der Musiker ist an Lungenkrebs erkrankt.\" title=\"Barry Manilow: Der Musiker ist an Lungenkrebs erkrankt.\" width=\"3488\" height=\"1962\" class=\"bg-[url:var(--lqipURL)] bg-cover bg-center flex h-full w-full max-w-full\" style=\"--lqipURL:url('https:\/\/images.t-online.de\/2026\/08\/uk1-QnnqyH1j\/464x660:3488x1962\/fit-in\/150x0\/filters:blur(25)\/barry-manilow-der-musiker-ist-an-lungenkrebs-erkrankt.jpg')\" decoding=\"async\"\/><img loading=\"lazy\" src=\"https:\/\/www.t-online.de\/s\/paper\/_next\/static\/media\/zoom-in.f7dae02f.svg\" alt=\"Vergr\u00f6\u00dfern des Bildes\" title=\"Vergr\u00f6\u00dfern des Bildes\" class=\"block h-[calc(var(--height)_\/_16_*_1rem)] w-[calc(var(--width)_\/_16_*_1rem)] max-w-none absolute right-8 bottom-8 rounded-4 bg-snow p-8\" style=\"--width:32;--height:32\" decoding=\"async\"\/><\/a><\/p>\n<p>Barry Manilow: Der Musiker ist an Lungenkrebs erkrankt. (Quelle: IMAGO\/Photo Image Press)<\/p>\n<p><img loading=\"lazy\" src=\"https:\/\/www.t-online.de\/s\/paper\/_next\/static\/media\/audio-volume.6689034c.svg\" alt=\"\" title=\"\" class=\"block h-[calc(var(--height)_\/_16_*_1rem)] w-[calc(var(--width)_\/_16_*_1rem)] max-w-none group-hover:brightness-0 group-hover:invert\" style=\"--width:16;--height:16\" decoding=\"async\"\/>Vorlesen<\/p>\n<p>Aktuelle Zeit:0:00Gesamtdauer:0:00<\/p>\n<p>1x<\/p>\n<p class=\"text-center\">Jetzt neu bei t-online:<\/p>\n<p class=\"text-center\">Schriftgr\u00f6\u00dfe anpassen!<\/p>\n<p><img loading=\"lazy\" src=\"https:\/\/www.t-online.de\/s\/paper\/_next\/static\/media\/font-sizes.32942e33.svg\" alt=\"\" title=\"\" class=\"block h-[calc(var(--height)_\/_16_*_1rem)] w-[calc(var(--width)_\/_16_*_1rem)] max-w-none group-hover:hidden group-aria-expanded:hidden\" style=\"--width:16;--height:16\" decoding=\"async\"\/><img loading=\"lazy\" src=\"https:\/\/www.t-online.de\/s\/paper\/_next\/static\/media\/font-sizes-dark-mode.e382645c.svg\" alt=\"\" title=\"\" class=\"block h-[calc(var(--height)_\/_16_*_1rem)] w-[calc(var(--width)_\/_16_*_1rem)] max-w-none hidden group-hover:block group-aria-expanded:block\" style=\"--width:16;--height:16\" decoding=\"async\"\/><img loading=\"lazy\" src=\"https:\/\/www.t-online.de\/s\/paper\/_next\/static\/media\/sharing-menu-icon.1eb71368.svg\" alt=\"\" title=\"\" class=\"block h-[calc(var(--height)_\/_16_*_1rem)] w-[calc(var(--width)_\/_16_*_1rem)] max-w-none group-hover:brightness-0 group-hover:invert\" style=\"--width:16;--height:16\" decoding=\"async\"\/>Artikel teilen<\/p>\n<p class=\"font-bold text-18 leading-17 user-text-lg:text-22 user-text-xl:text-24\">Im November 2025 machte Barry Manilow seine Krebserkrankung \u00f6ffentlich, dennoch steht er weiterhin auf der B\u00fchne. Doch nun erwartete die Fans eine Entt\u00e4uschung.<\/p>\n<p class=\"text-18 leading-17 user-text-lg:text-22 user-text-xl:text-24\">Eigentlich h\u00e4tten die Fans in Lexington, Kentucky, an diesem Dienstagabend Barry Manilow live erleben sollen. Der 83-J\u00e4hrige hat seinen Auftritt in der Rupp Arena allerdings kurzfristig abgesagt. \u00dcber seine Social-Media-Kan\u00e4le lie\u00df er mitteilen: &#8222;Aufgrund unvorhergesehener Umst\u00e4nde wurde die heutige Show in Lexington verschoben.&#8220; Einen Grund nannte er nicht.<\/p>\n<p class=\"text-18 leading-17 user-text-lg:text-22 user-text-xl:text-24\">F\u00fcr das Publikum in Kentucky ist es bereits die zweite Entt\u00e4uschung binnen weniger Monate. Schon im M\u00e4rz hatte Barry Manilow einen Termin in derselben Arena absagen m\u00fcssen, weil er sich damals wegen seiner Lungenkrebserkrankung in Behandlung befand.<\/p>\n<p>Fans in Sorge um Barry Manilow<\/p>\n<p class=\"text-18 leading-17 user-text-lg:text-22 user-text-xl:text-24\">Ob die jetzige Absage ebenfalls mit seiner Krankheit zu tun hat, ist nicht bekannt. Auf Instagram zeigten sich seine Fans besorgt. &#8222;Ich hoffe, es geht dir gut&#8220; und &#8222;Ich sende dir Liebe&#8220;, ist mehrfach in den Kommentaren zu lesen. &#8222;Ich denke an dich, Barry, und hoffe, es geht dir gut. Stelle dich immer selbst an die erste Stelle&#8220;, schrieb ein Fan.<\/p>\n<ul class=\"text-18 leading-17 block pl-24 *:pb-16 *:before:inline-block *:before:size-8 *:before:bg-magenta *:before:mt-0 *:before:mr-12 *:before:mb-2 *:before:-ml-[20px]\">\n<li><strong class=\"font-bold\">Konzertabsagen von Giesinger, Weiss &amp; Co.:<\/strong> <a href=\"https:\/\/www.t-online.de\/unterhaltung\/stars\/id_101361398\/konzertabsagen-von-giesinger-weiss-co-veranstalter-warnt-vor-crash-.html\" class=\"transition-colors cursor-pointer no-underline md:hover:text-magenta md:focus:text-magenta border-b border-solid border-current text-salemsfur md:hover:border-magenta\" data-tracking=\"{&quot;action&quot;:&quot;click&quot;,&quot;category&quot;:&quot;intextLink&quot;,&quot;label&quot;:&quot;\/unterhaltung\/stars\/id_101361398\/konzertabsagen-von-giesinger-weiss-co-veranstalter-warnt-vor-crash-.html&quot;}\" data-sctrack=\"BodyAnchor\" rel=\"nofollow noopener\" target=\"_blank\">Veranstalter warnt vor &#8222;Crash&#8220;<\/a><\/li>\n<\/ul>\n<p><img loading=\"lazy\" src=\"https:\/\/www.t-online.de\/s\/paper\/_next\/static\/media\/video-carousel-play.6f25714b.svg\" alt=\"\" title=\"\" class=\"block h-[calc(var(--height)_\/_16_*_1rem)] w-[calc(var(--width)_\/_16_*_1rem)] max-w-none undefined\" style=\"--height:12\" decoding=\"async\"\/><\/p>\n<p class=\"text-18 leading-17 user-text-lg:text-22 user-text-xl:text-24\">Die Diagnose hatte den &#8222;Copacabana&#8220;-S\u00e4nger im November 2025 auf einem Umweg erreicht. Wegen H\u00fcftschmerzen und zwei aufeinanderfolgenden Bronchitiden schickte ihn sein Arzt zu einer MRT-Untersuchung von Becken und Lunge. Das Ergebnis: <a href=\"https:\/\/www.t-online.de\/gesundheit\/krankheiten-symptome\/krebserkrankungen\/id_91439740\/lungenkrebs-stadien-lebenserwartung-und-wann-er-heilbar-ist.html\" class=\"transition-colors cursor-pointer no-underline md:hover:text-magenta md:focus:text-magenta border-b border-solid border-current text-salemsfur md:hover:border-magenta\" data-tracking=\"{&quot;action&quot;:&quot;click&quot;,&quot;category&quot;:&quot;intextLink&quot;,&quot;label&quot;:&quot;\/gesundheit\/krankheiten-symptome\/krebserkrankungen\/id_91439740\/lungenkrebs-stadien-lebenserwartung-und-wann-er-heilbar-ist.html&quot;}\" data-sctrack=\"BodyAnchor\" rel=\"nofollow noopener\" target=\"_blank\">Lungenkrebs<\/a> im Stadium 1. Im M\u00e4rz schilderte Manilow dem Magazin &#8222;People&#8220;, wie ihn der Anruf danach traf: &#8222;Sie riefen mich an und sagten: &#8218;Es k\u00f6nnte Krebs sein.&#8216; Das ist ein b\u00f6ses Wort. &#8218;Nicht ich. Ich kann keinen Krebs haben.'&#8220;<\/p>\n<p class=\"text-18 leading-17 user-text-lg:text-22 user-text-xl:text-24\">Musikalisch lie\u00df sich Manilow von der Erkrankung jedoch nicht aufhalten. Am 5. Juni 2026 erschien mit &#8222;What A Time&#8220; sein 33. Studioalbum. Die Vorabsingle &#8222;Once Before I Go&#8220; hatte es bereits im M\u00e4rz in die Top Ten geschafft. Wann die Fans in Lexington ihn nun tats\u00e4chlich zu sehen bekommen, ist offen: Einen neuen Termin f\u00fcr die verschobene Show nannte Manilow in seiner Mitteilung nicht.<\/p>\n","protected":false},"excerpt":{"rendered":"Sorge um krebskranken Musiker Barry Manilow sagt Konzert aus &#8222;unvorhersehbaren Gr\u00fcnden&#8220; ab 05.08.2026 &#8211; 18:37 UhrLesedauer: 2 Min.&hellip;\n","protected":false},"author":2,"featured_media":1217898,"comment_status":"","ping_status":"","sticky":false,"template":"","format":"standard","meta":{"footnotes":"","_share_on_mastodon":"0"},"categories":[1772],"tags":[96753,29,214,30,152,3109,11138,245573,1779,810,253316,154,215],"class_list":["post-1217897","post","type-post","status-publish","format-standard","has-post-thumbnail","category-musik","tag-barry-manilow","tag-deutschland","tag-entertainment","tag-germany","tag-instagram","tag-kentucky","tag-krebserkrankung","tag-lexington","tag-music","tag-musik","tag-rupp-arena","tag-social-media","tag-unterhaltung"],"share_on_mastodon":{"url":"https:\/\/pubeurope.com\/@de\/117044887880582510","error":""},"_links":{"self":[{"href":"https:\/\/www.europesays.com\/de\/wp-json\/wp\/v2\/posts\/1217897","targetHints":{"allow":["GET"]}}],"collection":[{"href":"https:\/\/www.europesays.com\/de\/wp-json\/wp\/v2\/posts"}],"about":[{"href":"https:\/\/www.europesays.com\/de\/wp-json\/wp\/v2\/types\/post"}],"author":[{"embeddable":true,"href":"https:\/\/www.europesays.com\/de\/wp-json\/wp\/v2\/users\/2"}],"replies":[{"embeddable":true,"href":"https:\/\/www.europesays.com\/de\/wp-json\/wp\/v2\/comments?post=1217897"}],"version-history":[{"count":0,"href":"https:\/\/www.europesays.com\/de\/wp-json\/wp\/v2\/posts\/1217897\/revisions"}],"wp:featuredmedia":[{"embeddable":true,"href":"https:\/\/www.europesays.com\/de\/wp-json\/wp\/v2\/media\/1217898"}],"wp:attachment":[{"href":"https:\/\/www.europesays.com\/de\/wp-json\/wp\/v2\/media?parent=1217897"}],"wp:term":[{"taxonomy":"category","embeddable":true,"href":"https:\/\/www.europesays.com\/de\/wp-json\/wp\/v2\/categories?post=1217897"},{"taxonomy":"post_tag","embeddable":true,"href":"https:\/\/www.europesays.com\/de\/wp-json\/wp\/v2\/tags?post=1217897"}],"curies":[{"name":"wp","href":"https:\/\/api.w.org\/{rel}","templated":true}]}}