{"id":1218045,"date":"2026-08-05T22:21:22","date_gmt":"2026-08-05T22:21:22","guid":{"rendered":"https:\/\/www.europesays.com\/de\/1218045\/"},"modified":"2026-08-05T22:21:22","modified_gmt":"2026-08-05T22:21:22","slug":"metalsplitter-wacken-reagiert-auf-fck-afd-streit-laut-de-seite-5-21","status":"publish","type":"post","link":"https:\/\/www.europesays.com\/de\/1218045\/","title":{"rendered":"Metalsplitter: Wacken reagiert auf &#8222;FCK AFD&#8220;-Streit \u2013 laut.de \u2013 Seite 5\/21"},"content":{"rendered":"<p>\t\tWacken 2026<\/p>\n<p><img decoding=\"async\" src=\"https:\/\/www.europesays.com\/de\/wp-content\/uploads\/2026\/08\/woa_desireepezetta.jpg\" style=\"width:478px;\"\/><\/p>\n<p>Mehr zum Wacken Open Air 2026 findet ihr dank Kollegin D\u00e9sir\u00e9e Pezzetta auf laut.de in unserem ausf\u00fchrlichen Festivalbericht, samt \u00fcppiger Fotogalerie: &#8222;<a href=\"https:\/\/laut.de\/News\/Wacken-2026-Bier-und-Schweiss-fliessen,-Def-Leppard-liefern-31-07-2026-21884\" class=\"vor\" title=\"Wacken 2026: Bier und Schwei\u00df flie\u00dfen, Def Leppard liefern\" rel=\"nofollow noopener\" target=\"_blank\">Bier und Schwei\u00df flie\u00dfen, Def Leppard liefern<\/a>&#8222;.<\/p>\n<p>Bewegtbild mit Ton gibts dagegen nach wie vor bei <a href=\"https:\/\/www.magentamusik.de\/wacken-2026\" class=\"extern\" target=\"_blank\" rel=\"nofollow noopener\">MagentaMusik<\/a>. Dort stehen unter anderem Auftritte von Lovebites, <a href=\"https:\/\/laut.de\/The-Gathering\" class=\"wort\" title=\"The Gathering\" rel=\"nofollow noopener\" target=\"_blank\">The Gathering<\/a>, Spectral Wound, Sventevith (Mis\u00feyrming + Nergal), <a href=\"https:\/\/laut.de\/Powerwolf\" class=\"wort\" title=\"Powerwolf\" rel=\"nofollow noopener\" target=\"_blank\">Powerwolf<\/a>, <a href=\"https:\/\/laut.de\/Heavysaurus\" class=\"wort\" title=\"Heavysaurus\" rel=\"nofollow noopener\" target=\"_blank\">Heavysaurus<\/a> und <a href=\"https:\/\/laut.de\/Nevermore\" class=\"wort\" title=\"Nevermore\" rel=\"nofollow noopener\" target=\"_blank\">Nevermore<\/a> on demand bereit. Au\u00dferdem k\u00f6nnt ihr in die Abschiedsshows von <a href=\"https:\/\/laut.de\/Running-Wild\" class=\"wort\" title=\"Running Wild\" rel=\"nofollow noopener\" target=\"_blank\">Running Wild<\/a> und <a href=\"https:\/\/laut.de\/Sepultura\" class=\"wort\" title=\"Sepultura\" rel=\"nofollow noopener\" target=\"_blank\">Sepultura<\/a> reingucken, alle Gigs des Metal Battle-Finales und Interviews mit K\u00fcnstler:innen wie <a href=\"https:\/\/laut.de\/News\/DragonForce-Alissa-White-Gluz-steigt-ein-07-05-2026-21746\" class=\"vor\" title=\"DragonForce: Alissa White-Gluz steigt ein\" rel=\"nofollow noopener\" target=\"_blank\">Alissa White-Gluz<\/a>, Bear McCreary, <a href=\"https:\/\/laut.de\/Bloodhound-Gang\" class=\"wort\" title=\"Bloodhound Gang\" rel=\"nofollow noopener\" target=\"_blank\">Evil Jared<\/a> und <a href=\"https:\/\/laut.de\/Def-Leppard\" class=\"wort\" title=\"Def Leppard\" rel=\"nofollow noopener\" target=\"_blank\">Def Leppard<\/a> konsumieren. Viel Spa\u00df dabei.<\/p>\n","protected":false},"excerpt":{"rendered":"Wacken 2026 Mehr zum Wacken Open Air 2026 findet ihr dank Kollegin D\u00e9sir\u00e9e Pezzetta auf laut.de in unserem&hellip;\n","protected":false},"author":2,"featured_media":1218046,"comment_status":"","ping_status":"","sticky":false,"template":"","format":"standard","meta":{"footnotes":"","_share_on_mastodon":"0"},"categories":[1772],"tags":[29,214,30,1779,810,215],"class_list":["post-1218045","post","type-post","status-publish","format-standard","has-post-thumbnail","category-musik","tag-deutschland","tag-entertainment","tag-germany","tag-music","tag-musik","tag-unterhaltung"],"share_on_mastodon":{"url":"https:\/\/pubeurope.com\/@de\/117045238903977975","error":""},"_links":{"self":[{"href":"https:\/\/www.europesays.com\/de\/wp-json\/wp\/v2\/posts\/1218045","targetHints":{"allow":["GET"]}}],"collection":[{"href":"https:\/\/www.europesays.com\/de\/wp-json\/wp\/v2\/posts"}],"about":[{"href":"https:\/\/www.europesays.com\/de\/wp-json\/wp\/v2\/types\/post"}],"author":[{"embeddable":true,"href":"https:\/\/www.europesays.com\/de\/wp-json\/wp\/v2\/users\/2"}],"replies":[{"embeddable":true,"href":"https:\/\/www.europesays.com\/de\/wp-json\/wp\/v2\/comments?post=1218045"}],"version-history":[{"count":0,"href":"https:\/\/www.europesays.com\/de\/wp-json\/wp\/v2\/posts\/1218045\/revisions"}],"wp:featuredmedia":[{"embeddable":true,"href":"https:\/\/www.europesays.com\/de\/wp-json\/wp\/v2\/media\/1218046"}],"wp:attachment":[{"href":"https:\/\/www.europesays.com\/de\/wp-json\/wp\/v2\/media?parent=1218045"}],"wp:term":[{"taxonomy":"category","embeddable":true,"href":"https:\/\/www.europesays.com\/de\/wp-json\/wp\/v2\/categories?post=1218045"},{"taxonomy":"post_tag","embeddable":true,"href":"https:\/\/www.europesays.com\/de\/wp-json\/wp\/v2\/tags?post=1218045"}],"curies":[{"name":"wp","href":"https:\/\/api.w.org\/{rel}","templated":true}]}}