{"id":1218087,"date":"2026-08-05T22:44:19","date_gmt":"2026-08-05T22:44:19","guid":{"rendered":"https:\/\/www.europesays.com\/de\/1218087\/"},"modified":"2026-08-05T22:44:19","modified_gmt":"2026-08-05T22:44:19","slug":"up-in-space-nonprofit-festival-in-muenster-radio-rockmoeller","status":"publish","type":"post","link":"https:\/\/www.europesays.com\/de\/1218087\/","title":{"rendered":"Up in Space \u2013 Nonprofit-Festival in M\u00fcnster | Radio Rockm\u00f6ller"},"content":{"rendered":"<p class=\"card__subtitle\"> Musikmagazin von Frank M\u00f6ller alias &#8222;DJ Rockm\u00f6ller&#8220; <\/p>\n<p>Das vierte &#8222;Up in Space&#8220;-Festival fand am 18. Juli in M\u00fcnster statt. Bernd und Sabrina aus dem Organisations-Team des eint\u00e4tigen DIY-Nonprofit-Festivals sprechen mit Moderator Frank Rockm\u00f6ller \u00fcber die Ausrichtung und Finanzierung. Musikalisch bietet &#8222;Up in Space&#8220; eine Mischung aus Psychedelic-, Stoner-, Kraut- und Progressive-<a href=\"https:\/\/www.nrwision.de\/mediathek\/themen\/rock\" rel=\"nofollow noopener\" target=\"_blank\">Rock<\/a> sowie Synthesizer-St\u00fccke.<\/p>\n<p>\u00a0<\/p>\n","protected":false},"excerpt":{"rendered":"Musikmagazin von Frank M\u00f6ller alias &#8222;DJ Rockm\u00f6ller&#8220; Das vierte &#8222;Up in Space&#8220;-Festival fand am 18. Juli in M\u00fcnster&hellip;\n","protected":false},"author":2,"featured_media":1218088,"comment_status":"","ping_status":"","sticky":false,"template":"","format":"standard","meta":{"footnotes":"","_share_on_mastodon":"0"},"categories":[1843],"tags":[3364,29,5561,30,253336,80,8970,810,1209,141307,253337,546],"class_list":["post-1218087","post","type-post","status-publish","format-standard","has-post-thumbnail","category-muenster","tag-de","tag-deutschland","tag-festival","tag-germany","tag-krautrock","tag-kultur","tag-muenster","tag-musik","tag-nordrhein-westfalen","tag-progressive-rock","tag-psychedelic","tag-rock"],"share_on_mastodon":{"url":"https:\/\/pubeurope.com\/@de\/117045327735954735","error":""},"_links":{"self":[{"href":"https:\/\/www.europesays.com\/de\/wp-json\/wp\/v2\/posts\/1218087","targetHints":{"allow":["GET"]}}],"collection":[{"href":"https:\/\/www.europesays.com\/de\/wp-json\/wp\/v2\/posts"}],"about":[{"href":"https:\/\/www.europesays.com\/de\/wp-json\/wp\/v2\/types\/post"}],"author":[{"embeddable":true,"href":"https:\/\/www.europesays.com\/de\/wp-json\/wp\/v2\/users\/2"}],"replies":[{"embeddable":true,"href":"https:\/\/www.europesays.com\/de\/wp-json\/wp\/v2\/comments?post=1218087"}],"version-history":[{"count":0,"href":"https:\/\/www.europesays.com\/de\/wp-json\/wp\/v2\/posts\/1218087\/revisions"}],"wp:featuredmedia":[{"embeddable":true,"href":"https:\/\/www.europesays.com\/de\/wp-json\/wp\/v2\/media\/1218088"}],"wp:attachment":[{"href":"https:\/\/www.europesays.com\/de\/wp-json\/wp\/v2\/media?parent=1218087"}],"wp:term":[{"taxonomy":"category","embeddable":true,"href":"https:\/\/www.europesays.com\/de\/wp-json\/wp\/v2\/categories?post=1218087"},{"taxonomy":"post_tag","embeddable":true,"href":"https:\/\/www.europesays.com\/de\/wp-json\/wp\/v2\/tags?post=1218087"}],"curies":[{"name":"wp","href":"https:\/\/api.w.org\/{rel}","templated":true}]}}