{"id":1218319,"date":"2026-08-06T01:19:25","date_gmt":"2026-08-06T01:19:25","guid":{"rendered":"https:\/\/www.europesays.com\/de\/1218319\/"},"modified":"2026-08-06T01:19:25","modified_gmt":"2026-08-06T01:19:25","slug":"bendlerblock-in-berlin-tiergarten-wird-erweitert-siegerentwurf-steht-fest","status":"publish","type":"post","link":"https:\/\/www.europesays.com\/de\/1218319\/","title":{"rendered":"Bendlerblock in Berlin-Tiergarten wird erweitert: Siegerentwurf steht fest"},"content":{"rendered":"<p class=\"\" data-start=\"567\" data-end=\"885\"><strong>F\u00fcr die geplante Erweiterung des Berliner Dienstsitzes des Bundesministeriums der Verteidigung ist die Entscheidung gefallen. Nach einem mehrstufigen Verfahren erh\u00e4lt das Berliner Architekturb\u00fcro Sauerbruch Hutton gemeinsam mit ST raum a Landschaftsarchitekten den Zuschlag f\u00fcr die Weiterentwicklung des Bendlerblocks.<\/strong><\/p>\n<p><a href=\"https:\/\/www.europesays.com\/de\/wp-content\/uploads\/2026\/08\/bendlerblock_sauerbruch-hutton-ges.-v.-arch.-mbH-mit-ST-raum-a-Gesellschaft-von-Landschaftsarchitekt.jpeg\"><img loading=\"lazy\" decoding=\"async\" aria-describedby=\"caption-attachment-104730\" class=\"lazyload wp-image-104730 size-full\" src=\"data:image\/svg+xml,%3Csvg%20xmlns%3D%27http%3A%2F%2Fwww.w3.org%2F2000%2Fsvg%27%20width%3D%271280%27%20height%3D%27720%27%20viewBox%3D%270%200%201280%20720%27%3E%3Crect%20width%3D%271280%27%20height%3D%27720%27%20fill-opacity%3D%220%22%2F%3E%3C%2Fsvg%3E\" data-orig-src=\"https:\/\/www.europesays.com\/de\/wp-content\/uploads\/2026\/08\/bendlerblock_sauerbruch-hutton-ges.-v.-arch.-mbH-mit-ST-raum-a-Gesellschaft-von-Landschaftsarchitekt.jpeg\" alt=\"Architekturmodell beziehungsweise Detailansicht des Siegerentwurfs f\u00fcr die Erweiterung des Bendlerblocks in Berlin-Tiergarten.\" width=\"1280\" height=\"720\"\/><\/a><\/p>\n<p id=\"caption-attachment-104730\" class=\"wp-caption-text\">Zwei konkav geformte Bauk\u00f6rper fassen k\u00fcnftig den zentralen Platzbereich des Ministeriums ein und erg\u00e4nzen den historischen Bestand. \/ \u00a9 sauerbruch hutton ges. v. arch. mbH mit ST raum a Gesellschaft von Landschaftsarchitekten mbH<\/p>\n<p>\u00a9 Titelbild: sauerbruch hutton ges. v. arch. mbH mit ST raum a Gesellschaft von Landschaftsarchitekten mbH<\/p>\n<p>\u00a0<\/p>\n<p class=\"isSelectedEnd\">Mit der geplanten <a href=\"https:\/\/www.entwicklungsstadt.de\/ein-wettbewerb-zwei-sieger-zukunft-des-bendlerblocks-in-berlin-mitte-nimmt-kontur-an\/\" target=\"_blank\" rel=\"noopener nofollow\">Erweiterung des Bendlerblocks<\/a> in Berlin-Tiergarten ist ein weiterer Schritt f\u00fcr eines der bedeutendsten Bundesbauprojekte der kommenden Jahre getan. Nach Abschluss des Verhandlungsverfahrens steht fest, dass das Berliner Architekturb\u00fcro Sauerbruch Hutton gemeinsam mit ST raum a Landschaftsarchitekten den Auftrag zur Weiterentwicklung des Dienstsitzes des Bundesministeriums der Verteidigung erh\u00e4lt. Zuvor hatte sich die B\u00fcrogemeinschaft bereits im Wettbewerbsverfahren einen ersten Preis gesichert.<\/p>\n<p class=\"isSelectedEnd\">Der <a href=\"https:\/\/www.entwicklungsstadt.de\/412-mio-euro-fuer-berliner-bendlerblock-regierung-plant-erweiterung\/\" target=\"_blank\" rel=\"noopener nofollow\">bestehende Verwaltungskomplex am Reichpietschufer und an der Hildebrandstra\u00dfe soll durch Neubauten erg\u00e4nzt und st\u00e4dtebaulich neu geordnet<\/a> werden. Ziel ist es, den Standort funktional weiterzuentwickeln und gleichzeitig hohe Anforderungen an Sicherheit, Nachhaltigkeit und Energieeffizienz zu erf\u00fcllen.<\/p>\n<p>Bendlerblock: Entscheidung nach \u00dcberarbeitung der Siegerentw\u00fcrfe<\/p>\n<p class=\"isSelectedEnd\">Bereits im Dezember 2025 hatte die Jury zwei gleichrangige erste Preise vergeben. Neben Sauerbruch Hutton mit ST raum a Landschaftsarchitekten wurde auch das Architekturb\u00fcro Henn gemeinsam mit SINAI Landschaftsarchitekten ausgezeichnet. Beide Planungsteams waren anschlie\u00dfend aufgefordert worden, ihre Entw\u00fcrfe zu \u00fcberarbeiten.<\/p>\n<p class=\"isSelectedEnd\">Hintergrund waren die komplexen Anforderungen an den k\u00fcnftigen Regierungssitz, insbesondere hinsichtlich Sicherheitskonzept, Funktionalit\u00e4t und Einbindung in den denkmalgesch\u00fctzten Bestand. Nach Abschluss dieses Verhandlungsverfahrens fiel die Wahl nun auf den Entwurf von <a href=\"https:\/\/www.entwicklungsstadt.de\/frauen-in-der-architektur-vera-hartmann-gestaltet-nachhaltige-berliner-bauprojekte\/\" target=\"_blank\" rel=\"noopener nofollow\">Sauerbruch Hutton<\/a>.<\/p>\n<p><a href=\"https:\/\/www.europesays.com\/de\/wp-content\/uploads\/2026\/08\/1785979164_257_bendlerblock_sauerbruch-hutton-ges.-v.-arch.-mbH-mit-ST-raum-a-Gesellschaft-von-Landschaftsarchitekt.jpeg\"><img loading=\"lazy\" decoding=\"async\" aria-describedby=\"caption-attachment-104728\" class=\"lazyload wp-image-104728 size-full\" src=\"data:image\/svg+xml,%3Csvg%20xmlns%3D%27http%3A%2F%2Fwww.w3.org%2F2000%2Fsvg%27%20width%3D%271280%27%20height%3D%27720%27%20viewBox%3D%270%200%201280%20720%27%3E%3Crect%20width%3D%271280%27%20height%3D%27720%27%20fill-opacity%3D%220%22%2F%3E%3C%2Fsvg%3E\" data-orig-src=\"https:\/\/www.europesays.com\/de\/wp-content\/uploads\/2026\/08\/1785979164_257_bendlerblock_sauerbruch-hutton-ges.-v.-arch.-mbH-mit-ST-raum-a-Gesellschaft-von-Landschaftsarchitekt.jpeg\" alt=\"Der Siegerentwurf von Sauerbruch Hutton und ST raum a Landschaftsarchitekten sieht eine Neuordnung des Bendlerblocks mit erg\u00e4nzenden Neubauten vor.\" width=\"1280\" height=\"720\"\/><\/a><\/p>\n<p id=\"caption-attachment-104728\" class=\"wp-caption-text\">Mit der Erweiterung soll der Dienstsitz des Bundesministeriums der Verteidigung funktional erg\u00e4nzt und st\u00e4dtebaulich weiterentwickelt werden.\u00a0\/ \u00a9 sauerbruch hutton ges. v. arch. mbH mit ST raum a Gesellschaft von Landschaftsarchitekten mbH<\/p>\n<p>Kreisf\u00f6rmiges Grundrissmotiv: Neue Raumordnung rund um den Paradeplatz<\/p>\n<p class=\"isSelectedEnd\">Der Entwurf sieht eine Neuordnung der st\u00e4dtebaulichen Struktur des Areals vor. K\u00fcnftig soll der Paradeplatz mittig zwischen der Staatsg\u00e4stetreppe und dem Ehrenmal der Bundeswehr liegen. Zwei konkav geformte Bauk\u00f6rper im Norden und S\u00fcden fassen diesen zentralen Freiraum ein und greifen dabei gemeinsame architektonische sowie konstruktive Gestaltungselemente auf.<\/p>\n<p class=\"isSelectedEnd\">Pr\u00e4gendes Merkmal des Entwurfs ist ein kreisf\u00f6rmiges Grundrissmotiv, das sich in unterschiedlichen Innenhofsituationen wiederfindet. Neben der architektonischen Gestaltung spielen ressourcenschonendes Bauen, energieeffiziente Geb\u00e4udekonzepte und nachhaltige Freiraumplanung eine zentrale Rolle.<\/p>\n<p>Sieben Planungsteams beteiligten sich am Wettbewerb<\/p>\n<p class=\"isSelectedEnd\">Dem Vergabeverfahren war ein nichtoffener, interdisziplin\u00e4rer und anonym durchgef\u00fchrter Planungswettbewerb vorausgegangen. Insgesamt nahmen sieben Bewerbergemeinschaften aus Architektur- und Landschaftsarchitekturb\u00fcros teil. Neben den beiden ersten Preisen wurden ein dritter Preis sowie eine Anerkennung vergeben.<\/p>\n<p>Mit der Vergabe des Planungsauftrags ist nun die Grundlage f\u00fcr die weitere Ausarbeitung des Projekts geschaffen. Die Erweiterung des Bendlerblocks z\u00e4hlt zu den gr\u00f6\u00dften Bundesbauvorhaben in Berlin und soll den historischen Verwaltungsstandort langfristig an die Anforderungen eines modernen Ministeriums anpassen.<\/p>\n<p><a href=\"https:\/\/www.europesays.com\/de\/wp-content\/uploads\/2026\/08\/1785979165_661_bendlerblock_sauerbruch-hutton-ges.-v.-arch.-mbH-mit-ST-raum-a-Gesellschaft-von-Landschaftsarchitekt.jpeg\"><img loading=\"lazy\" decoding=\"async\" aria-describedby=\"caption-attachment-104729\" class=\"lazyload wp-image-104729 size-full\" src=\"data:image\/svg+xml,%3Csvg%20xmlns%3D%27http%3A%2F%2Fwww.w3.org%2F2000%2Fsvg%27%20width%3D%271280%27%20height%3D%27720%27%20viewBox%3D%270%200%201280%20720%27%3E%3Crect%20width%3D%271280%27%20height%3D%27720%27%20fill-opacity%3D%220%22%2F%3E%3C%2Fsvg%3E\" data-orig-src=\"https:\/\/www.europesays.com\/de\/wp-content\/uploads\/2026\/08\/1785979165_661_bendlerblock_sauerbruch-hutton-ges.-v.-arch.-mbH-mit-ST-raum-a-Gesellschaft-von-Landschaftsarchitekt.jpeg\" alt=\"Visualisierung der geplanten Erweiterung des Bendlerblocks am Bundesministerium der Verteidigung in Berlin-Tiergarten.\" width=\"1280\" height=\"720\"\/><\/a><\/p>\n<p id=\"caption-attachment-104729\" class=\"wp-caption-text\">Die Planung sieht eine klare Gliederung der Neubauten sowie neu gestaltete Freifl\u00e4chen auf dem Gel\u00e4nde des Ministeriums vor. \/ \u00a9 sauerbruch hutton ges. v. arch. mbH mit ST raum a Gesellschaft von Landschaftsarchitekten mbH<\/p>\n<p>\u00a0<\/p>\n<p>Quellen: Bundesamt f\u00fcr Bauwesen und Raumordnung, Bundesministerium f\u00fcr Verteidigung, Wikipedia<\/p>\n","protected":false},"excerpt":{"rendered":"F\u00fcr die geplante Erweiterung des Berliner Dienstsitzes des Bundesministeriums der Verteidigung ist die Entscheidung gefallen. Nach einem mehrstufigen&hellip;\n","protected":false},"author":2,"featured_media":1218320,"comment_status":"","ping_status":"","sticky":false,"template":"","format":"standard","meta":{"footnotes":"","_share_on_mastodon":"0"},"categories":[1825],"tags":[2567,2571,296,2572,29,30,2580,525,2591,2594],"class_list":["post-1218319","post","type-post","status-publish","format-standard","has-post-thumbnail","category-berlin","tag-bauprojekte-berlin-mitte","tag-bauvorhaben-mitte","tag-berlin","tag-berlin-mitte","tag-deutschland","tag-germany","tag-gewerbe-berlin","tag-mitte","tag-neubau-berlin-mitte","tag-neubau-gewerbe-berlin"],"share_on_mastodon":{"url":"https:\/\/pubeurope.com\/@de\/117045937057725919","error":""},"_links":{"self":[{"href":"https:\/\/www.europesays.com\/de\/wp-json\/wp\/v2\/posts\/1218319","targetHints":{"allow":["GET"]}}],"collection":[{"href":"https:\/\/www.europesays.com\/de\/wp-json\/wp\/v2\/posts"}],"about":[{"href":"https:\/\/www.europesays.com\/de\/wp-json\/wp\/v2\/types\/post"}],"author":[{"embeddable":true,"href":"https:\/\/www.europesays.com\/de\/wp-json\/wp\/v2\/users\/2"}],"replies":[{"embeddable":true,"href":"https:\/\/www.europesays.com\/de\/wp-json\/wp\/v2\/comments?post=1218319"}],"version-history":[{"count":0,"href":"https:\/\/www.europesays.com\/de\/wp-json\/wp\/v2\/posts\/1218319\/revisions"}],"wp:featuredmedia":[{"embeddable":true,"href":"https:\/\/www.europesays.com\/de\/wp-json\/wp\/v2\/media\/1218320"}],"wp:attachment":[{"href":"https:\/\/www.europesays.com\/de\/wp-json\/wp\/v2\/media?parent=1218319"}],"wp:term":[{"taxonomy":"category","embeddable":true,"href":"https:\/\/www.europesays.com\/de\/wp-json\/wp\/v2\/categories?post=1218319"},{"taxonomy":"post_tag","embeddable":true,"href":"https:\/\/www.europesays.com\/de\/wp-json\/wp\/v2\/tags?post=1218319"}],"curies":[{"name":"wp","href":"https:\/\/api.w.org\/{rel}","templated":true}]}}