{"id":1218358,"date":"2026-08-06T01:45:27","date_gmt":"2026-08-06T01:45:27","guid":{"rendered":"https:\/\/www.europesays.com\/de\/1218358\/"},"modified":"2026-08-06T01:45:27","modified_gmt":"2026-08-06T01:45:27","slug":"nach-anschlag-in-berlin-braunschweig-sorgt-fuer-mehr-sicherheit-beim-csd","status":"publish","type":"post","link":"https:\/\/www.europesays.com\/de\/1218358\/","title":{"rendered":"Nach Anschlag in Berlin: Braunschweig sorgt f\u00fcr mehr Sicherheit beim CSD"},"content":{"rendered":"<p>        <img decoding=\"async\" src=\"https:\/\/www.europesays.com\/de\/wp-content\/uploads\/2026\/08\/csdbraunschweig-100.webp\" alt=\"Ein Teilnehmer des CSD in Braunschweig\" title=\"Rund um den Umzug am CSD in Braunschweig sollen laut Stadtverwaltung mobile Zufahrtssperren aufgebaut werden. (Archivbild) | Picture Alliance, Lutz Pape\" class=\"responsive\"\/><\/p>\n<p>\n                Stand: 05.08.2026 15:02 Uhr<\/p>\n<p class=\"preface\">Braunschweig feiert am Wochenende den CSD 2026 mit einer Demonstration und einem bunten B\u00fchnenprogramm. Nach dem Anschlag in Berlin findet der CSD aber unter versch\u00e4rften Sicherheitsvorkehrungen statt.<\/p>\n<p class=\"\">Die Polizei und Stadt wollen am <a href=\"https:\/\/www.csd-braunschweig.de\/\" title=\"Zur Website des CSD in Braunschweig\" class=\"extlink-preface\" data-type=\"external\" rel=\"nofollow noopener\" target=\"_blank\">Christopher Street Day (CSD) in Braunschweig<\/a> insbesondere den Umzug am Samstag besser sch\u00fctzen, wie die Stadtverwaltung ank\u00fcndigte. Demnach sollen rund um den Umzug mobile Zufahrtssperren aufgebaut werden. Auch werde der Bohlweg zwischen Georg-Eckert-Stra\u00dfe und Schlossgarten zwischen 11 und 23 Uhr f\u00fcr den Verkehr gesperrt. Zudem werde die Polizei einige Bereiche zeitweise sperren und ihre Kr\u00e4fte deutlich aufstocken, erkl\u00e4rte die Stadtverwaltung weiter. Insbesondere in der Innenstadt k\u00f6nne es deshalb zu erheblichen Verkehrsbehinderungen kommen.<\/p>\n<p>    Strecke des CSD 2026 wird zun\u00e4chst nicht bekannt gegeben<\/p>\n<p class=\"\">Teil der Sicherheitsma\u00dfnahmen ist zudem, dass die Strecke der Demonstration erst einen Tag zuvor ver\u00f6ffentlicht wird. Au\u00dferdem bekr\u00e4ftigten die Organisatoren: &#8222;Niemand soll allein zum CSD und zur\u00fcck gehen m\u00fcssen.&#8220; Deshalb werden den Angaben zufolge gemeinsame Laufgruppen ab dem Hauptbahnhof in Braunschweig organisiert.<\/p>\n<p>    Programm zum CSD in Braunschweig<\/p>\n<p class=\"\">Der Bohlweg direkt neben dem Schlossplatz ist als Startpunkt um 13 Uhr bereits bekannt. Das B\u00fchnenprogramm beginnt nach dem Umzug um 15 Uhr auf dem Schlossplatz. Bei der Abschlusskundgebung soll ein Zeichen f\u00fcr die Abschaffung von Ungleichbehandlung und Diskriminierung gesetzt werden, hei\u00dft es von den Veranstaltenden. Als Redner werden unter anderem Niedersachsens Gesundheitsminister Andreas Philippi (SPD) und der Oberb\u00fcrgermeister von Braunschweig, Thorsten Kornblum (SPD), erwartet. Das gesamte Programm finden Sie <a href=\"https:\/\/www.csd-braunschweig.de\/rahmenprogramm-2026\/\" title=\"Zum Rahmenprogramm des CSD Braunschweig 2026\" class=\"extlink-preface\" data-type=\"external\" rel=\"nofollow noopener\" target=\"_blank\">hier<\/a>.<\/p>\n<p>        <img decoding=\"async\" src=\"https:\/\/www.europesays.com\/de\/wp-content\/uploads\/2026\/07\/regenbogenflagge124.webp\" alt=\"Eine Regenbogenflagge\" title=\"Eine Regenbogenflagge | imago images \/ Panthermedia\" class=\"responsive\" loading=\"lazy\"\/><\/p>\n<p>F\u00fcr queere Selbstbestimmung und gegen Menschenfeindlichkeit: Daf\u00fcr macht sich der bundesweite CSD mit vielen Aktionen stark.<\/p>\n<p>        <img decoding=\"async\" src=\"https:\/\/www.europesays.com\/de\/wp-content\/uploads\/2026\/08\/screenshot-202206.webp\" alt=\"Beim Maschseefest in Hannover sorgen Stra\u00dfenabsperrungen f\u00fcr Sicherheit.\" title=\"Beim Maschseefest in Hannover sorgen Stra\u00dfenabsperrungen f\u00fcr Sicherheit. | Screenshot\" class=\"responsive\" loading=\"lazy\"\/><\/p>\n<p>St\u00e4dte und Veranstalter in Niedersachsen \u00fcberpr\u00fcfen ihre Sicherheitskonzepte &#8211; auch beim Maschseefest in Hannover.<\/p>\n<p>        <img decoding=\"async\" src=\"https:\/\/www.europesays.com\/de\/wp-content\/uploads\/2026\/05\/flagge350.webp\" alt=\"Ein Arm, der eine Fahne mit Regenbogenmuster h\u00e4lt.\" title=\"Ein Arm, der eine Fahne mit Regenbogenmuster h\u00e4lt. | photocase \/ birdys, birdys\" class=\"responsive\" loading=\"lazy\"\/><\/p>\n<p>Die neue Meldestelle soll Betroffenen auch helfen, Unterst\u00fctzung zu finden. Auch Hass im Netz kann dort gemeldet werden.<\/p>\n","protected":false},"excerpt":{"rendered":"Stand: 05.08.2026 15:02 Uhr Braunschweig feiert am Wochenende den CSD 2026 mit einer Demonstration und einem bunten B\u00fchnenprogramm.&hellip;\n","protected":false},"author":2,"featured_media":1218359,"comment_status":"","ping_status":"","sticky":false,"template":"","format":"standard","meta":{"footnotes":"","_share_on_mastodon":"0"},"categories":[1850],"tags":[30546,6429,30485,3364,507,29,548,663,3934,30,13,14,15,1411,121,7789,21469,12,3931],"class_list":["post-1218358","post","type-post","status-publish","format-standard","has-post-thumbnail","category-braunschweig","tag-csd","tag-braunschweig","tag-christopher-street-day","tag-de","tag-demonstration","tag-deutschland","tag-eu","tag-europa","tag-europe","tag-germany","tag-headlines","tag-nachrichten","tag-news","tag-niedersachsen","tag-polizei","tag-programm","tag-queer","tag-schlagzeilen","tag-sicherheit"],"share_on_mastodon":{"url":"https:\/\/pubeurope.com\/@de\/117046039921160350","error":""},"_links":{"self":[{"href":"https:\/\/www.europesays.com\/de\/wp-json\/wp\/v2\/posts\/1218358","targetHints":{"allow":["GET"]}}],"collection":[{"href":"https:\/\/www.europesays.com\/de\/wp-json\/wp\/v2\/posts"}],"about":[{"href":"https:\/\/www.europesays.com\/de\/wp-json\/wp\/v2\/types\/post"}],"author":[{"embeddable":true,"href":"https:\/\/www.europesays.com\/de\/wp-json\/wp\/v2\/users\/2"}],"replies":[{"embeddable":true,"href":"https:\/\/www.europesays.com\/de\/wp-json\/wp\/v2\/comments?post=1218358"}],"version-history":[{"count":0,"href":"https:\/\/www.europesays.com\/de\/wp-json\/wp\/v2\/posts\/1218358\/revisions"}],"wp:featuredmedia":[{"embeddable":true,"href":"https:\/\/www.europesays.com\/de\/wp-json\/wp\/v2\/media\/1218359"}],"wp:attachment":[{"href":"https:\/\/www.europesays.com\/de\/wp-json\/wp\/v2\/media?parent=1218358"}],"wp:term":[{"taxonomy":"category","embeddable":true,"href":"https:\/\/www.europesays.com\/de\/wp-json\/wp\/v2\/categories?post=1218358"},{"taxonomy":"post_tag","embeddable":true,"href":"https:\/\/www.europesays.com\/de\/wp-json\/wp\/v2\/tags?post=1218358"}],"curies":[{"name":"wp","href":"https:\/\/api.w.org\/{rel}","templated":true}]}}