{"id":1218376,"date":"2026-08-06T01:56:41","date_gmt":"2026-08-06T01:56:41","guid":{"rendered":"https:\/\/www.europesays.com\/de\/1218376\/"},"modified":"2026-08-06T01:56:41","modified_gmt":"2026-08-06T01:56:41","slug":"owl-kreis-herford-trockenheit-macht-fluessen-weiter-zu-schaffen","status":"publish","type":"post","link":"https:\/\/www.europesays.com\/de\/1218376\/","title":{"rendered":"OWL\/Kreis Herford: Trockenheit macht Fl\u00fcssen weiter zu schaffen"},"content":{"rendered":"<p>Unsere Fl\u00fcsse leiden weiter unter der anhaltenden Trockenheit. Das Landesamt f\u00fcr Natur, Umwelt und Klima meldet weiterhin bedenkliche Pegelst\u00e4nde. In Vlotho und Porta ist die Weser aktuell nur noch etwas mehr als 90 cm Meter hoch.\u00a0<\/p>\n<p>Tiere und Pflanzen in Gefahr<\/p>\n<p>Als niedrig bis sehr niedrig werden die Pegelst\u00e4nde von Werre und Else bewertet. Die Werre in L\u00f6hne steht bei 61 cm, die Else in B\u00fcnde-Ahle bei knapp 18 cm. Der Kreis Herford sieht deswegen eine starke Belastung f\u00fcr Fische, Kleinstlebewesen und andere Tiere und Pflanzen.\u00a0<\/p>\n<p>Das ist auch der Grund, warum jetzt auch die Bezirksregierung f\u00fcr einige Fl\u00fcsse Entnahmeverbote ausgesprochen haben.<\/p>\n","protected":false},"excerpt":{"rendered":"Unsere Fl\u00fcsse leiden weiter unter der anhaltenden Trockenheit. Das Landesamt f\u00fcr Natur, Umwelt und Klima meldet weiterhin bedenkliche&hellip;\n","protected":false},"author":2,"featured_media":1218377,"comment_status":"","ping_status":"","sticky":false,"template":"","format":"standard","meta":{"footnotes":"","_share_on_mastodon":"0"},"categories":[1841],"tags":[1605,3364,29,49875,30,1209,117229,6404],"class_list":["post-1218376","post","type-post","status-publish","format-standard","has-post-thumbnail","category-bielefeld","tag-bielefeld","tag-de","tag-deutschland","tag-fluesse","tag-germany","tag-nordrhein-westfalen","tag-pegelstaende","tag-trockenheit"],"share_on_mastodon":{"url":"https:\/\/pubeurope.com\/@de\/117046082705710632","error":""},"_links":{"self":[{"href":"https:\/\/www.europesays.com\/de\/wp-json\/wp\/v2\/posts\/1218376","targetHints":{"allow":["GET"]}}],"collection":[{"href":"https:\/\/www.europesays.com\/de\/wp-json\/wp\/v2\/posts"}],"about":[{"href":"https:\/\/www.europesays.com\/de\/wp-json\/wp\/v2\/types\/post"}],"author":[{"embeddable":true,"href":"https:\/\/www.europesays.com\/de\/wp-json\/wp\/v2\/users\/2"}],"replies":[{"embeddable":true,"href":"https:\/\/www.europesays.com\/de\/wp-json\/wp\/v2\/comments?post=1218376"}],"version-history":[{"count":0,"href":"https:\/\/www.europesays.com\/de\/wp-json\/wp\/v2\/posts\/1218376\/revisions"}],"wp:featuredmedia":[{"embeddable":true,"href":"https:\/\/www.europesays.com\/de\/wp-json\/wp\/v2\/media\/1218377"}],"wp:attachment":[{"href":"https:\/\/www.europesays.com\/de\/wp-json\/wp\/v2\/media?parent=1218376"}],"wp:term":[{"taxonomy":"category","embeddable":true,"href":"https:\/\/www.europesays.com\/de\/wp-json\/wp\/v2\/categories?post=1218376"},{"taxonomy":"post_tag","embeddable":true,"href":"https:\/\/www.europesays.com\/de\/wp-json\/wp\/v2\/tags?post=1218376"}],"curies":[{"name":"wp","href":"https:\/\/api.w.org\/{rel}","templated":true}]}}