{"id":1218459,"date":"2026-08-06T02:44:40","date_gmt":"2026-08-06T02:44:40","guid":{"rendered":"https:\/\/www.europesays.com\/de\/1218459\/"},"modified":"2026-08-06T02:44:40","modified_gmt":"2026-08-06T02:44:40","slug":"bahnstrecke-berlin-hamburg-wird-nachts-nochmals-gesperrt-2","status":"publish","type":"post","link":"https:\/\/www.europesays.com\/de\/1218459\/","title":{"rendered":"Bahnstrecke Berlin-Hamburg wird nachts nochmals gesperrt"},"content":{"rendered":"<p class=\"\">\n                    Wegen letzter Arbeiten wird die frisch sanierte Bahnstrecke Berlin-Hamburg in mehreren N\u00e4chten im August und September noch einmal gesperrt. Auf der gesamten Strecke w\u00fcrden Restm\u00e4ngel beseitigt, die nach einigen Wochen des Vollbetriebs festgestellt worden seien, und Optimierungen vorgenommen, teilte ein Bahnsprecher mit.\n            <\/p>\n<p class=\"\">\n                    Vor Hamburg und Berlin laufe \u00fcberdies die Abnahme der neuen Infrastruktur und Signaltechnik f\u00fcr den Hochgeschwindigkeitsbetrieb. Auf einem Gro\u00dfteil der Strecke verkehren die Z\u00fcge seit Juni wieder mit Tempo 230.\n            <\/p>\n<p>            Fern- und G\u00fcterz\u00fcge werden umgeleitet<\/p>\n<p class=\"\">\n                    Im August finden die Arbeiten in der Nacht vom 15. auf den 16. August und in der Nacht vom 29. auf den 30. August statt, wie der Sprecher mitteilte. Weitere einzelne N\u00e4chte sind demnach im September vorgesehen.\n            <\/p>\n<p class=\"\">\n                    Die Sperrungen seien so geplant, dass sie au\u00dferhalb der Hauptreisezeiten liegen. Einzelne Fern- und G\u00fcterz\u00fcge w\u00fcrden umgeleitet. F\u00fcr den Regionalverkehr werde in den betroffenen N\u00e4chten ein Ersatzverkehr geplant.\n            <\/p>\n<p class=\"\">\n                    Die Bahnstrecke Berlin-Hamburg war von August 2025 bis Juni 2026 saniert worden. Der Plan war, die Sanierung bis zum 30. April 2026 abzuschlie\u00dfen und die Vollsperrung aufzuheben. Dass die Sanierung rund eineinhalb Monate versp\u00e4tet beendet wurde, begr\u00fcndete die Bahn mit dem Frost zu Jahresbeginn. Einen ersten Abschnitt gab die Bahn Mitte Mai wieder frei.\n            <\/p>\n","protected":false},"excerpt":{"rendered":"Wegen letzter Arbeiten wird die frisch sanierte Bahnstrecke Berlin-Hamburg in mehreren N\u00e4chten im August und September noch einmal&hellip;\n","protected":false},"author":2,"featured_media":1218460,"comment_status":"","ping_status":"","sticky":false,"template":"","format":"standard","meta":{"footnotes":"","_share_on_mastodon":"0"},"categories":[1826],"tags":[29,30,692,1949,6312,6313],"class_list":["post-1218459","post","type-post","status-publish","format-standard","has-post-thumbnail","category-hamburg","tag-deutschland","tag-germany","tag-hamburg","tag-s-bahn","tag-schiene","tag-schienenverkehr"],"share_on_mastodon":{"url":"https:\/\/pubeurope.com\/@de\/117046271431207655","error":""},"_links":{"self":[{"href":"https:\/\/www.europesays.com\/de\/wp-json\/wp\/v2\/posts\/1218459","targetHints":{"allow":["GET"]}}],"collection":[{"href":"https:\/\/www.europesays.com\/de\/wp-json\/wp\/v2\/posts"}],"about":[{"href":"https:\/\/www.europesays.com\/de\/wp-json\/wp\/v2\/types\/post"}],"author":[{"embeddable":true,"href":"https:\/\/www.europesays.com\/de\/wp-json\/wp\/v2\/users\/2"}],"replies":[{"embeddable":true,"href":"https:\/\/www.europesays.com\/de\/wp-json\/wp\/v2\/comments?post=1218459"}],"version-history":[{"count":0,"href":"https:\/\/www.europesays.com\/de\/wp-json\/wp\/v2\/posts\/1218459\/revisions"}],"wp:featuredmedia":[{"embeddable":true,"href":"https:\/\/www.europesays.com\/de\/wp-json\/wp\/v2\/media\/1218460"}],"wp:attachment":[{"href":"https:\/\/www.europesays.com\/de\/wp-json\/wp\/v2\/media?parent=1218459"}],"wp:term":[{"taxonomy":"category","embeddable":true,"href":"https:\/\/www.europesays.com\/de\/wp-json\/wp\/v2\/categories?post=1218459"},{"taxonomy":"post_tag","embeddable":true,"href":"https:\/\/www.europesays.com\/de\/wp-json\/wp\/v2\/tags?post=1218459"}],"curies":[{"name":"wp","href":"https:\/\/api.w.org\/{rel}","templated":true}]}}