{"id":1218548,"date":"2026-08-06T03:36:16","date_gmt":"2026-08-06T03:36:16","guid":{"rendered":"https:\/\/www.europesays.com\/de\/1218548\/"},"modified":"2026-08-06T03:36:16","modified_gmt":"2026-08-06T03:36:16","slug":"fuehrerschein-klasse-b1-was-sie-bedeutet-und-warum-sie-in-deutschland-durchgestrichen-ist-3","status":"publish","type":"post","link":"https:\/\/www.europesays.com\/de\/1218548\/","title":{"rendered":"F\u00fchrerschein-Klasse B1: Was sie bedeutet und warum sie in Deutschland durchgestrichen ist"},"content":{"rendered":"<p class=\"mb-6 text-xs-varying md:text-m lg:text-l font-serif group-[.font-sans]:font-sans \">\n    Wer einen Blick auf die <a href=\"https:\/\/www.ka-news.de\/auto\/fuehrerschein-rueckseite-erklaert-was-bedeuten-die-zahlen-5-109022279\" target=\"_self\" class=\"underline \" rel=\"nofollow noopener\">R\u00fcckseite seines F\u00fchrerscheins<\/a> wirft, entdeckt dort auch die <a href=\"https:\/\/www.ka-news.de\/schlagworte\/fuehrerschein\" target=\"_self\" class=\"underline \" rel=\"nofollow noopener\">F\u00fchrerschein<\/a>-Klasse B1. Obwohl sie auf jedem deutschen <a href=\"https:\/\/www.ka-news.de\/auto\/wie-sieht-der-neue-fuehrerschein-aus-4-110745347\" target=\"_self\" class=\"underline \" rel=\"nofollow noopener\">EU-F\u00fchrerschein<\/a> aufgef\u00fchrt ist, wird sie hierzulande nicht vergeben. Was steckt hinter der <a href=\"https:\/\/www.ka-news.de\/auto\/auto-welche-fuehrerscheinklassen-gibt-es-5-102789472\" target=\"_self\" class=\"underline \" rel=\"nofollow noopener\">Fahrerlaubnisklasse<\/a> \u2013 und welche Fahrzeuge d\u00fcrfen mit ihr gefahren werden?\n  <\/p>\n<p>            Warum taucht die Klasse B1 auf dem F\u00fchrerschein auf?<\/p>\n<p class=\"mb-6 text-xs-varying md:text-m lg:text-l font-serif group-[.font-sans]:font-sans \">\n    Der deutsche F\u00fchrerschein entspricht \u2013 wie alle <a href=\"https:\/\/www.ka-news.de\/auto\/fuehrerschein-umtausch-wo-bekommt-man-den-neuen-fuehrerschein-13-102957101\" target=\"_self\" class=\"underline \" rel=\"nofollow noopener\">Scheckkarten-F\u00fchrerscheine der Europ\u00e4ischen Union<\/a> \u2013 dem einheitlichen EU-F\u00fchrerscheinmuster. Deshalb sind auf der R\u00fcckseite s\u00e4mtliche Fahrerlaubnisklassen aufgef\u00fchrt \u2013 auch solche, die in einzelnen Mitgliedstaaten nicht vergeben werden.\n  <\/p>\n<p class=\"mb-6 text-xs-varying md:text-m lg:text-l font-serif group-[.font-sans]:font-sans \">\n    Dies gilt auch f\u00fcr die Klasse B1, die nach der <a href=\"https:\/\/www.ka-news.de\/auto\/kosten-fuer-den-motorradfuehrerschein-wie-teuer-ist-er-23-113601763\" target=\"_self\" class=\"underline \" rel=\"nofollow noopener\">Klasse A<\/a> und vor der <a href=\"https:\/\/www.ka-news.de\/auto\/fuehrerschein-klasse-b-so-viele-fragen-muessen-sie-fuer-die-pruefung-lernen-2-104443663\" target=\"_self\" class=\"underline \" rel=\"nofollow noopener\">F\u00fchrerschein-Klasse B<\/a> aufgelistet wird. Nach Angaben des <a href=\"https:\/\/www.kba.de\/DE\/Themen\/ZentraleRegister\/ZFER\/FE_Klassen\/Muster\/muster_node.html\" rel=\"nofollow noopener\" target=\"_blank\" class=\"underline \">Kraftfahrt-Bundesamtes<\/a> wird die Klasse B1 in Deutschland allerdings nicht erteilt. Entsprechend wird die Klasse auf dem F\u00fchrerschein durch einen Strich entwertet.\n  <\/p>\n<p>            Was ist die F\u00fchrerschein-Klasse B1 und was kann man damit fahren?<\/p>\n<p class=\"mb-6 text-xs-varying md:text-m lg:text-l font-serif group-[.font-sans]:font-sans \">\n    Die F\u00fchrerschein-Klasse B1 ist eine von der <a href=\"https:\/\/eur-lex.europa.eu\/DE\/legal-content\/summary\/road-safety-driving-licences.html\" rel=\"nofollow noopener\" target=\"_blank\" class=\"underline \">Europ\u00e4ischen Union<\/a> vorgesehene Fahrerlaubnisklasse f\u00fcr vierr\u00e4drige Kraftfahrzeuge. Anders als die <a href=\"https:\/\/www.ka-news.de\/auto\/fuehrerschein-klasse-b-was-darf-ich-damit-fahren-und-was-nicht-9-114688523\" target=\"_self\" class=\"underline \" rel=\"nofollow noopener\">Klasse B<\/a> ist sie optional. Das bedeutet: Jeder Mitgliedstaat kann selbst entscheiden, ob er sie einf\u00fchrt. W\u00e4hrend Deutschland darauf verzichtet, wird sie unter anderem in <a href=\"https:\/\/www.ka-news.de\/auto\/fuehrerschein-kann-man-die-fahrerlaubnis-einfach-im-ausland-machen-2-108919294\" target=\"_self\" class=\"underline \" rel=\"nofollow noopener\">Italien, Frankreich, Spanien und Portugal<\/a> genutzt.\n  <\/p>\n<p class=\"mb-6 text-xs-varying md:text-m lg:text-l font-serif group-[.font-sans]:font-sans \">\n    Mit der Klasse B1 d\u00fcrfen vierr\u00e4drige Leichtfahrzeuge \u2013 Quadricycles \u2013 gefahren werden. Sie sind kleiner und leichter als <a href=\"https:\/\/www.ka-news.de\/auto\/tuev-maengel-die-haeufigsten-gruende-warum-autos-bei-der-hu-durchfallen-17-113569540\" target=\"_self\" class=\"underline \" rel=\"nofollow noopener\">klassische Pkw<\/a>. Da Deutschland die Klasse B1 nicht eingef\u00fchrt hat, ist f\u00fcr diese Fahrzeuge hierzulande die F\u00fchrerschein-Klasse B erforderlich. Wer jedoch eine g\u00fcltige B1-Fahrerlaubnis in einem anderen EU-Mitgliedstaat erhalten hat, kann diese grunds\u00e4tzlich auch in Deutschland nutzen.\n  <\/p>\n<p class=\"mb-6 text-xs-varying md:text-m lg:text-l font-serif group-[.font-sans]:font-sans \">\n    Die <a href=\"https:\/\/europa.eu\/youreurope\/citizens\/vehicles\/driving-licence\/get-driving-licence\/index_de.htm\" rel=\"nofollow noopener\" target=\"_blank\" class=\"underline \">EU-Informationsplattform \u201eYour Europe\u201c<\/a> nennt f\u00fcr die Klasse B1 ein <a href=\"https:\/\/www.ka-news.de\/auto\/kann-man-den-fuehrerschein-mit-16-anfangen-1-108990508\" target=\"_self\" class=\"underline \" rel=\"nofollow noopener\">Mindestalter von 16 Jahren<\/a>. Gleichzeitig weist sie darauf hin, dass die Mitgliedstaaten andere Altersgrenzen oder zus\u00e4tzliche Voraussetzungen festlegen k\u00f6nnen.\n  <\/p>\n<p>            Welche Fahrerlaubnis brauchen Autofahrer in Deutschland?<\/p>\n<p class=\"mb-6 text-xs-varying md:text-m lg:text-l font-serif group-[.font-sans]:font-sans \">\n    Wer in Deutschland einen Pkw fahren m\u00f6chte, ben\u00f6tigt in der Regel die F\u00fchrerschein-Klasse B. Sie gilt f\u00fcr Kraftfahrzeuge mit einer zul\u00e4ssigen Gesamtmasse von bis zu 3500 Kilogramm, die f\u00fcr die Bef\u00f6rderung von h\u00f6chstens acht Personen au\u00dfer dem Fahrer ausgelegt sind. Unter den gesetzlichen Voraussetzungen d\u00fcrfen au\u00dferdem <a href=\"https:\/\/www.ka-news.de\/auto\/auto-fuehrerschein-der-klasse-b-mit-welchem-anhaenger-darf-man-fahren-2-102789862\" target=\"_self\" class=\"underline \" rel=\"nofollow noopener\">Anh\u00e4nger mitgef\u00fchrt werden<\/a>.\n  <\/p>\n","protected":false},"excerpt":{"rendered":"Wer einen Blick auf die R\u00fcckseite seines F\u00fchrerscheins wirft, entdeckt dort auch die F\u00fchrerschein-Klasse B1. Obwohl sie auf&hellip;\n","protected":false},"author":2,"featured_media":1186479,"comment_status":"","ping_status":"","sticky":false,"template":"","format":"standard","meta":{"footnotes":"","_share_on_mastodon":"0"},"categories":[2],"tags":[331,3924,332,3922,3364,29,548,247883,514,156,35,30,13,355,25369,14,3923,15,3921,7118,12,4026],"class_list":["post-1218548","post","type-post","status-publish","format-standard","has-post-thumbnail","category-deutschland","tag-aktuelle-nachrichten","tag-aktuelle-nachrichten-aus-deutschland","tag-aktuelle-news","tag-aktuelle-news-aus-deutschland","tag-de","tag-deutschland","tag-eu","tag-fahrerlaubnisklasse","tag-fahrzeug","tag-frankreich","tag-fuehrerschein","tag-germany","tag-headlines","tag-italien","tag-kraftfahrt-bundesamt","tag-nachrichten","tag-nachrichten-aus-deutschland","tag-news","tag-news-aus-deutschland","tag-portugal","tag-schlagzeilen","tag-spanien"],"share_on_mastodon":{"url":"","error":""},"_links":{"self":[{"href":"https:\/\/www.europesays.com\/de\/wp-json\/wp\/v2\/posts\/1218548","targetHints":{"allow":["GET"]}}],"collection":[{"href":"https:\/\/www.europesays.com\/de\/wp-json\/wp\/v2\/posts"}],"about":[{"href":"https:\/\/www.europesays.com\/de\/wp-json\/wp\/v2\/types\/post"}],"author":[{"embeddable":true,"href":"https:\/\/www.europesays.com\/de\/wp-json\/wp\/v2\/users\/2"}],"replies":[{"embeddable":true,"href":"https:\/\/www.europesays.com\/de\/wp-json\/wp\/v2\/comments?post=1218548"}],"version-history":[{"count":0,"href":"https:\/\/www.europesays.com\/de\/wp-json\/wp\/v2\/posts\/1218548\/revisions"}],"wp:featuredmedia":[{"embeddable":true,"href":"https:\/\/www.europesays.com\/de\/wp-json\/wp\/v2\/media\/1186479"}],"wp:attachment":[{"href":"https:\/\/www.europesays.com\/de\/wp-json\/wp\/v2\/media?parent=1218548"}],"wp:term":[{"taxonomy":"category","embeddable":true,"href":"https:\/\/www.europesays.com\/de\/wp-json\/wp\/v2\/categories?post=1218548"},{"taxonomy":"post_tag","embeddable":true,"href":"https:\/\/www.europesays.com\/de\/wp-json\/wp\/v2\/tags?post=1218548"}],"curies":[{"name":"wp","href":"https:\/\/api.w.org\/{rel}","templated":true}]}}