{"id":1218652,"date":"2026-08-06T04:47:21","date_gmt":"2026-08-06T04:47:21","guid":{"rendered":"https:\/\/www.europesays.com\/de\/1218652\/"},"modified":"2026-08-06T04:47:21","modified_gmt":"2026-08-06T04:47:21","slug":"nomaden-der-stadterkundung-alles-muenster","status":"publish","type":"post","link":"https:\/\/www.europesays.com\/de\/1218652\/","title":{"rendered":"Nomaden der Stadterkundung | ALLES M\u00dcNSTER"},"content":{"rendered":"<p>\t\t<a href=\"https:\/\/www.allesmuenster.de\/cms\/wp-content\/uploads\/Ausstellungseroeffnung-Bezirksregierung-Buehrke-03569.jpg\" rel=\"nofollow noopener\" target=\"_blank\"><img loading=\"lazy\" decoding=\"async\" class=\"wp-image-133974 size-medium\" src=\"data:image\/svg+xml,%3Csvg%20xmlns=\" http:=\"\" alt=\"Die K\u00fcnstler Torsten Kr\u00fcger (l.) und Ingo Schrader (r.) im Gespr\u00e4ch mit dem Regierungspr\u00e4sidenten Andreas Bothe. (Foto: B\u00fchrke)\" width=\"300\" height=\"200\" data-lazy- data-lazy- data-lazy-src=\"https:\/\/www.europesays.com\/de\/wp-content\/uploads\/2026\/08\/Ausstellungseroeffnung-Bezirksregierung-Buehrke-03569-300x200.jpg\"\/><\/a>Die K\u00fcnstler Torsten Kr\u00fcger (l.) und Ingo Schrader (r.) im Gespr\u00e4ch mit dem Regierungspr\u00e4sidenten Andreas Bothe. (Foto: B\u00fchrke)<\/p>\n<p><strong>Wenn sechs Architekten und ein St\u00e4dteplaner in eine Stadt reisen, sehen sie Geb\u00e4ude und Strukturen anders, als ihre Bewohnerinnen und Bewohner. Wenn diese Sieben dann zu Pinsel und Stift greifen, entstehen Stadtansichten, die f\u00fcr M\u00fcnsteranerinnen und M\u00fcnsteraner gleicherma\u00dfen vertraut wie neu sein k\u00f6nnen. Die aktuelle Ausstellung \u201eM\u00fcnster\u201c im Foyer der <a href=\"https:\/\/www.brms.nrw.de\/\" target=\"_blank\" rel=\"noopener nofollow\">Bezirksregierung<\/a> ist das Ergebnis einer solchen Reise, zu sehen sind dabei rund 90 Bilder, entstanden in unterschiedlichen Techniken, die einen besonderen Blick auf das Stadtbild gew\u00e4hren.<\/strong><\/p>\n<p>\u201eBei fast jedem der Werke springt einen etwas an\u201c, fasst Regierungspr\u00e4sident Andreas Bothe die Wirkung der Arbeiten zusammen. Gespannt sei er gewesen, die rund 90 Werke zu sehen, die allesamt ein Thema haben, M\u00fcnster. Wie Kunstnomaden ziehen die sieben K\u00fcnstler durch unterschiedliche St\u00e4dte, um im Stil des Urban Sketching Geb\u00e4ude, Stra\u00dfen und Pl\u00e4tze zu portr\u00e4tieren. \u201eEs ist ein Unterschied, ob man mit dem Handy ein Foto macht, oder sich vielleicht eine Stunde oder l\u00e4nger mit einem Motiv besch\u00e4ftigt\u201c, wie Ingo Schrader, Architekt aus Berlin, betont. Schrader war es auch, der die diesj\u00e4hrige Reise der Architekten und Stadtplaner nach M\u00fcnster organisiert hat. Die Stadt ist ihm vertraut, mehrere Jahre lehrte er an der M\u00fcnster School of Architecture.<\/p>\n<p>Urban Sketching<\/p>\n<p>Beim Urban Sketching entstehen die Bilder unmittelbar vor Ort. Manchmal mit schnellen Strichen als Grafik, manchmal zeitaufwendiger als Aquarell oder Acrylbild. Die Architekten Matthias Dietz, Martin Korda, Torsten Kr\u00fcger, Ingo Schrader, Eckhard Feddersen und Mario Saar hatten gemeinsam mit dem Stadt- und Verkehrsplaner Ludwig Krause weniger die historischen Highlights wie Dom, Schloss und St. Lamberti im Fokus, als vielmehr Motive wie die Stadtb\u00fccherei, das LWL-Museum f\u00fcr Kunst und Kultur oder das markante Geb\u00e4ude der LBS am Aasee. Fans des historischen M\u00fcnsters werden aber trotzdem nicht entt\u00e4uscht, auch der Prinzipalmarkt und die Salzstra\u00dfe mit der Dominikanerkirche finden sich unter den zahlreichen Bildern. Auch mehrere Objekte der zur\u00fcckliegenden Skulptur Projekte wie Nicole Eisenmans \u201eSketch for a Fountain\u201c oder das rot-wei\u00dfe Tor von Daniel Buren finden sich unter den Motiven.<\/p>\n<p><a href=\"https:\/\/www.allesmuenster.de\/cms\/wp-content\/uploads\/Ausstellungseroeffnung-Bezirksregierung-Buehrke-9682.jpg\" rel=\"nofollow noopener\" target=\"_blank\"><img loading=\"lazy\" decoding=\"async\" class=\"size-medium wp-image-133978\" src=\"data:image\/svg+xml,%3Csvg%20xmlns=\" http:=\"\" alt=\"F\u00fcr 28 Euro gibt es diesen Katalog zur Ausstellung zu erwerben. (Foto: B\u00fchrke)\" width=\"300\" height=\"200\" data-lazy- data-lazy- data-lazy-src=\"https:\/\/www.europesays.com\/de\/wp-content\/uploads\/2026\/08\/Ausstellungseroeffnung-Bezirksregierung-Buehrke-9682-300x200.jpg\"\/><\/a>F\u00fcr 28 Euro gibt es diesen Katalog zur Ausstellung zu erwerben. (Foto: B\u00fchrke)<\/p>\n<p>Im Reigen der Dutzenden Geb\u00e4ude M\u00fcnsters fehlt allerdings zum Bedauern des Regierungspr\u00e4sidenten sein eigenes repr\u00e4sentatives Domizil am Domplatz, \u201eIch war ein bisschen traurig, als ich gesehen habe, dass sich niemand von Ihnen dem Geb\u00e4ude der Bezirksregierung gewidmet hat\u201c, wie er augenzwinkernd w\u00e4hrend der Vernissage am 5. August anmerkte. Hierbei d\u00fcrfte es sich allerdings tats\u00e4chlich um einige der wenigen modernen Bauten der Stadt M\u00fcnster handeln, die sich nicht in der Ausstellung am Domplatz finden. Immerhin ist dieser in der Ausstellung verewigt, mit den gelben St\u00fchlen, die w\u00e4hrend der Sommermonate dort stehen, als farbige Highlights.<\/p>\n<p>Die Ausstellung \u201eM\u00fcnster \u2013 Zeichnungen, Aquarelle &amp; Acrylbilder\u201c mit rund 90 Bildern ist noch bis zum 21. August im Foyer der Bezirksregierung, Domplatz 1 \u2013 3, w\u00e4hrend der dortigen <a href=\"https:\/\/www.brms.nrw.de\/kontakt-und-anfahrt\" target=\"_blank\" rel=\"noopener nofollow\">\u00d6ffnungszeiten<\/a> zu sehen. Die Bilder k\u00f6nnen erworben werden, zudem gibt es f\u00fcr 28 Euro vor Ort einen Katalog zur Ausstellung.\u00a0<\/p>\n<p>Fotos: B\u00fchrke<\/p>\n<p>                         <a href=\"https:\/\/www.allesmuenster.de\/author\/mb\/\" class=\"fn url\" target=\"_blank\" title=\"Michael B\u00fchrke\" rel=\"nofollow noopener\"> <img loading=\"lazy\" decoding=\"async\" width=\"250\" height=\"250\" alt=\"\" src=\"data:image\/svg+xml,%3Csvg%20xmlns=\" http:=\"\" class=\"avatar avatar-250 photo\" style=\"max-width:250px\" data-lazy-src=\"https:\/\/www.europesays.com\/de\/wp-content\/uploads\/2025\/04\/michael.jpg\"\/><\/a> <\/p>\n<p>Michael wurde im nieders\u00e4chsischen Celle geboren und kam 1990 zum Studieren nach M\u00fcnster. Er ist Geograf und arbeitet heute in der Unternehmskommunikation. Seine Schwerpunkte liegen in den Bereichen Umwelt, Gesundheit und Soziales aber auch in den Naturwissenschaften. Michael ist leidenschaftlicher Radfahrer, Wanderer und Amateurfotograf.<\/p>\n<p> <a href=\"https:\/\/www.allesmuenster.de\/author\/mb\/\" class=\"url\" target=\"_blank\" title=\"Michael B\u00fchrke\" rel=\"nofollow noopener\"><img loading=\"lazy\" decoding=\"async\" width=\"250\" height=\"250\" alt=\"\" src=\"data:image\/svg+xml,%3Csvg%20xmlns=\" http:=\"\" class=\"avatar avatar-250 photo\" style=\"max-width:250px\" data-lazy-src=\"https:\/\/www.europesays.com\/de\/wp-content\/uploads\/2025\/04\/michael.jpg\"\/><\/a>      <\/p>\n<p class=\"mspp-donation-head\">Unterst\u00fctze unsere Arbeit<\/p>\n<p class=\"mspp-donation-sub\">Unser Lokaljournalismus ist dir mehr wert als nur ein Like? Jetzt spenden!<\/p>\n","protected":false},"excerpt":{"rendered":"Die K\u00fcnstler Torsten Kr\u00fcger (l.) und Ingo Schrader (r.) im Gespr\u00e4ch mit dem Regierungspr\u00e4sidenten Andreas Bothe. (Foto: B\u00fchrke)&hellip;\n","protected":false},"author":2,"featured_media":1218653,"comment_status":"","ping_status":"","sticky":false,"template":"","format":"standard","meta":{"footnotes":"","_share_on_mastodon":"0"},"categories":[1843],"tags":[2251,11860,3364,29,30,2075,2705,8970,1209],"class_list":["post-1218652","post","type-post","status-publish","format-standard","has-post-thumbnail","category-muenster","tag-architekten","tag-bezirksregierung","tag-de","tag-deutschland","tag-germany","tag-kunst","tag-malerei","tag-muenster","tag-nordrhein-westfalen"],"share_on_mastodon":{"url":"https:\/\/pubeurope.com\/@de\/117046755041193918","error":""},"_links":{"self":[{"href":"https:\/\/www.europesays.com\/de\/wp-json\/wp\/v2\/posts\/1218652","targetHints":{"allow":["GET"]}}],"collection":[{"href":"https:\/\/www.europesays.com\/de\/wp-json\/wp\/v2\/posts"}],"about":[{"href":"https:\/\/www.europesays.com\/de\/wp-json\/wp\/v2\/types\/post"}],"author":[{"embeddable":true,"href":"https:\/\/www.europesays.com\/de\/wp-json\/wp\/v2\/users\/2"}],"replies":[{"embeddable":true,"href":"https:\/\/www.europesays.com\/de\/wp-json\/wp\/v2\/comments?post=1218652"}],"version-history":[{"count":0,"href":"https:\/\/www.europesays.com\/de\/wp-json\/wp\/v2\/posts\/1218652\/revisions"}],"wp:featuredmedia":[{"embeddable":true,"href":"https:\/\/www.europesays.com\/de\/wp-json\/wp\/v2\/media\/1218653"}],"wp:attachment":[{"href":"https:\/\/www.europesays.com\/de\/wp-json\/wp\/v2\/media?parent=1218652"}],"wp:term":[{"taxonomy":"category","embeddable":true,"href":"https:\/\/www.europesays.com\/de\/wp-json\/wp\/v2\/categories?post=1218652"},{"taxonomy":"post_tag","embeddable":true,"href":"https:\/\/www.europesays.com\/de\/wp-json\/wp\/v2\/tags?post=1218652"}],"curies":[{"name":"wp","href":"https:\/\/api.w.org\/{rel}","templated":true}]}}