{"id":1218706,"date":"2026-08-06T05:25:15","date_gmt":"2026-08-06T05:25:15","guid":{"rendered":"https:\/\/www.europesays.com\/de\/1218706\/"},"modified":"2026-08-06T05:25:15","modified_gmt":"2026-08-06T05:25:15","slug":"bvb-geruecht-verlaengerung-mit-trainer-niko-kovac-steht-in-dortmund-spaetestens-im-herbst-an","status":"publish","type":"post","link":"https:\/\/www.europesays.com\/de\/1218706\/","title":{"rendered":"BVB, Ger\u00fccht: Verl\u00e4ngerung mit Trainer Niko Kovac steht in Dortmund &#8222;sp\u00e4testens im Herbst&#8220; an"},"content":{"rendered":"<p>Nach dem Gewinn der Vizemeisterschaft setzten die Dortmunder Verantwortlichen angeblich auf Kontinuit\u00e4t. News und Ger\u00fcchte zum BVB.<\/p>\n<p><b><strong>Weitere Artikel, News und Ger\u00fcchte zum BVB:<\/strong><\/b><\/p>\n<p>BVB, Ger\u00fccht: Verl\u00e4ngerung mit Trainer Niko Kovac steht &#8222;sp\u00e4testens im Herbst&#8220; an<\/p>\n<p>Niko Kovac, Trainer von Borussia Dortmund, wird seinen Vertrag beim BVB angeblich &#8222;sp\u00e4testens im Herbst&#8220; verl\u00e4ngern. Das berichtet die <a href=\"https:\/\/www.bild.de\/sport\/fussball\/dortmunds-100-millionen-angriff-auf-bayern-woher-der-bvb-so-viel-geld-hat-6a71c9b261ec46f846a26d76\" rel=\"nofollow noopener\" target=\"_blank\" data-affiliate-type=\"NONE\">Bild<\/a>-Zeitung. Das Arbeitspapier des Kroaten ist aktuell bis 2027 befristet. <\/p>\n<p>Kovac \u00fcbernahm den Posten bei den Schwarz-Gelben im Februar 2025, nachdem Nuri Sahin entlassen worden war. Im Saisonendspurt f\u00fchrte Kovac das Team noch in die Champions League. In der abgelaufenen Spielzeit wurde der BVB mit gro\u00dfem R\u00fcckstand auf den FC Bayern M\u00fcnchen Vizemeister. Die stabile Defensive war dabei der Erfolgsgarant f\u00fcr die Dortmunder unter Kovac, auch wenn die Spielweise nicht sonderlich attraktiv war. <\/p>\n<p><img class=\"fco-image__image\" alt=\"NIKO KOVAC BORUSSIA DORTMUND\"   loading=\"lazy\" decoding=\"async\" fetchpriority=\"auto\" width=\"1920\" height=\"1080\" src=\"https:\/\/www.europesays.com\/de\/wp-content\/uploads\/2026\/08\/1785993914_44_GettyImages-2286664903.jpg\" style=\"aspect-ratio:1920 \/ 1080;width:100%;height:100%\"\/>Getty Images<\/p>\n<p>Die guten Ergebnisse sollen nun dem Bericht zufolge mit einer Verl\u00e4ngerung belohnt werden. Die Dortmunder wollen mit Investitionen in Talente und trotz einer gleichzeitigen Senkung der Gehaltskosten den R\u00fcckstand auf die M\u00fcnchner verringern. <\/p>\n<p>BVB, News: Entwarnung nach Trainings-Aus von Joane Gadou<\/p>\n<p>Joane Gadou, Neuzugang von Borussia Dortmund, hat die \u00dcbungseinheit am Mittwoch nach nur 20 Minuten abbrechen m\u00fcssen. BVB-Sportdirektor Ole Book gab aber hinterher Entwarnung: &#8222;Joane hat sich nicht wohlgef\u00fchlt. Vielleicht war das noch ein bisschen Jetlag und Hitze. Das kann schon mal passieren&#8220;, sagte er den Journalisten. Die Dortmunder waren zu Beginn der Woche von der Asien-Reise zur\u00fcckgekehrt. <\/p>\n<p><img class=\"fco-image__image\" alt=\"Gadou\"   loading=\"lazy\" decoding=\"async\" fetchpriority=\"auto\" width=\"1920\" height=\"1080\" src=\"https:\/\/www.europesays.com\/de\/wp-content\/uploads\/2026\/08\/Gadou.jpg\" style=\"aspect-ratio:1920 \/ 1080;width:100%;height:100%\"\/>Getty Images<\/p>\n<p>Der BVB hat Gadou in diesem Sommer f\u00fcr eine Abl\u00f6sesumme in H\u00f6he von 20 Millionen Euro von RB Salzburg in die Bundesliga geholt. Angeblich ist der 19-J\u00e4hrige sofort als Stammspieler im Team von Trainer Niko Kovac vorgesehen, das in der Abwehrzentrale noch auf die verletzten Nico Schlotterbeck und Emre Can verzichten muss. <\/p>\n<p>BVB: Testspiele, Termine, TV-\u00dcbertragungen im Sommer<\/p>\n<tr>\n<td>\n<p><b><strong>Datum<\/strong><\/b><\/p>\n<\/td>\n<td>\n<p><b><strong>Uhrzeit<\/strong><\/b><\/p>\n<\/td>\n<td>\n<p><b><strong>Spiel<\/strong><\/b><\/p>\n<\/td>\n<td>\n<p><b><strong>\u00dcbertragung im TV und Livestream<\/strong><\/b><\/p>\n<\/td>\n<td>\n<p><b><strong>Spielort<\/strong><\/b><\/p>\n<\/td>\n<\/tr>\n<tr>\n<td>\n<p>Sonntag, 9. August<\/p>\n<\/td>\n<td>\n<p>15 Uhr (deutsche Zeit)<\/p>\n<\/td>\n<td>\n<p>FC Arsenal vs. BVB<\/p>\n<\/td>\n<td>\n<p>BVB-TV \/ Sky<\/p>\n<\/td>\n<td>\n<p>Emirates Stadium (London)<\/p>\n<\/td>\n<\/tr>\n<tr>\n<td>\n<p>Samstag, 15. August<\/p>\n<\/td>\n<td>\n<p>17.30 Uhr<\/p>\n<\/td>\n<td>\n<p>BVB vs. AS Rom<\/p>\n<\/td>\n<td>\n<p>BVB-TV \/ Sky<\/p>\n<\/td>\n<td>\n<p>Signal-Iduna-Park (Dortmund)<\/p>\n<\/td>\n<\/tr>\n","protected":false},"excerpt":{"rendered":"Nach dem Gewinn der Vizemeisterschaft setzten die Dortmunder Verantwortlichen angeblich auf Kontinuit\u00e4t. News und Ger\u00fcchte zum BVB. Weitere&hellip;\n","protected":false},"author":2,"featured_media":1218707,"comment_status":"","ping_status":"","sticky":false,"template":"","format":"standard","meta":{"footnotes":"","_share_on_mastodon":"0"},"categories":[1833],"tags":[888,299,3364,29,217,347,30,75958,1209,4604],"class_list":["post-1218706","post","type-post","status-publish","format-standard","has-post-thumbnail","category-dortmund","tag-borussia-dortmund","tag-bundesliga","tag-de","tag-deutschland","tag-dortmund","tag-fussball","tag-germany","tag-n-kovac","tag-nordrhein-westfalen","tag-soccer"],"share_on_mastodon":{"url":"https:\/\/pubeurope.com\/@de\/117046905690820551","error":""},"_links":{"self":[{"href":"https:\/\/www.europesays.com\/de\/wp-json\/wp\/v2\/posts\/1218706","targetHints":{"allow":["GET"]}}],"collection":[{"href":"https:\/\/www.europesays.com\/de\/wp-json\/wp\/v2\/posts"}],"about":[{"href":"https:\/\/www.europesays.com\/de\/wp-json\/wp\/v2\/types\/post"}],"author":[{"embeddable":true,"href":"https:\/\/www.europesays.com\/de\/wp-json\/wp\/v2\/users\/2"}],"replies":[{"embeddable":true,"href":"https:\/\/www.europesays.com\/de\/wp-json\/wp\/v2\/comments?post=1218706"}],"version-history":[{"count":0,"href":"https:\/\/www.europesays.com\/de\/wp-json\/wp\/v2\/posts\/1218706\/revisions"}],"wp:featuredmedia":[{"embeddable":true,"href":"https:\/\/www.europesays.com\/de\/wp-json\/wp\/v2\/media\/1218707"}],"wp:attachment":[{"href":"https:\/\/www.europesays.com\/de\/wp-json\/wp\/v2\/media?parent=1218706"}],"wp:term":[{"taxonomy":"category","embeddable":true,"href":"https:\/\/www.europesays.com\/de\/wp-json\/wp\/v2\/categories?post=1218706"},{"taxonomy":"post_tag","embeddable":true,"href":"https:\/\/www.europesays.com\/de\/wp-json\/wp\/v2\/tags?post=1218706"}],"curies":[{"name":"wp","href":"https:\/\/api.w.org\/{rel}","templated":true}]}}