{"id":1218821,"date":"2026-08-06T06:33:17","date_gmt":"2026-08-06T06:33:17","guid":{"rendered":"https:\/\/www.europesays.com\/de\/1218821\/"},"modified":"2026-08-06T06:33:17","modified_gmt":"2026-08-06T06:33:17","slug":"aktienmaerkte-diese-aktien-empfiehlt-ihnen-das-weisse-haus","status":"publish","type":"post","link":"https:\/\/www.europesays.com\/de\/1218821\/","title":{"rendered":"Aktienm\u00e4rkte: Diese Aktien empfiehlt Ihnen das Wei\u00dfe Haus"},"content":{"rendered":"<p class=\"paragraph\">Am Vormittag des 1. Juli tauchte auf der Plattform X ein Konto auf, das Anlegern in aller Welt gro\u00dfen Reichtum versprach. Das bis dahin unbekannte  <a href=\"https:\/\/x.com\/TrumpsPortfolio\" target=\"_blank\" rel=\"nofollow\">@TrumpsPortfolio<\/a> verk\u00fcndete, dass der US-Pr\u00e4sident im ersten Quartal 3.500 B\u00f6rsengesch\u00e4fte abgewickelt und damit Milliarden verdient habe. \u00bbWir werden alle seine Trades verfolgen und schmutzig reich werden\u00ab, stand da. \u00bbMacht mit!\u00ab\n<\/p>\n<p class=\"paragraph\">Binnen Stunden hatte der Post Zehntausende Likes, nach einem Tag folgten dem Konto mehr als 70.000 Menschen. Inzwischen sind es 172.000. Wer dahintersteckt, verr\u00e4t der Betreiber nicht \u2013 kein Name, kein Gesicht, keine Antwort auf Fragen der ZEIT. \u00dcber sich selbst schreibt er nur, dass er tags\u00fcber <a class=\"rtr-entity\" href=\"https:\/\/www.zeit.de\/thema\/aktien\" rel=\"nofollow noopener\" target=\"_blank\">Aktien<\/a> analysiere und sein eigenes Geld verwalte, nachts diesen Account mit Finanzempfehlungen betreibe. Gerne formuliert er auch im Donald-Trump-Parodietonfall: Er betreibe den gro\u00dfartigsten Account auf X \u00fcberhaupt. \u00bbThank you for your attention to this matter.\u00ab<\/p>\n","protected":false},"excerpt":{"rendered":"Am Vormittag des 1. Juli tauchte auf der Plattform X ein Konto auf, das Anlegern in aller Welt&hellip;\n","protected":false},"author":2,"featured_media":1218822,"comment_status":"","ping_status":"","sticky":false,"template":"","format":"standard","meta":{"footnotes":"","_share_on_mastodon":"0"},"categories":[5],"tags":[791,677,331,332,3364,29,106,6891,9776,27611,30,13,14,15,12,64,55],"class_list":["post-1218821","post","type-post","status-publish","format-standard","has-post-thumbnail","category-nachrichten","tag-aktien","tag-aktienmaerkte","tag-aktuelle-nachrichten","tag-aktuelle-news","tag-de","tag-deutschland","tag-donald-trump","tag-etf","tag-finanzmarkt","tag-geldanlage","tag-germany","tag-headlines","tag-nachrichten","tag-news","tag-schlagzeilen","tag-usa","tag-wirtschaft"],"share_on_mastodon":{"url":"https:\/\/pubeurope.com\/@de\/117047171915746231","error":""},"_links":{"self":[{"href":"https:\/\/www.europesays.com\/de\/wp-json\/wp\/v2\/posts\/1218821","targetHints":{"allow":["GET"]}}],"collection":[{"href":"https:\/\/www.europesays.com\/de\/wp-json\/wp\/v2\/posts"}],"about":[{"href":"https:\/\/www.europesays.com\/de\/wp-json\/wp\/v2\/types\/post"}],"author":[{"embeddable":true,"href":"https:\/\/www.europesays.com\/de\/wp-json\/wp\/v2\/users\/2"}],"replies":[{"embeddable":true,"href":"https:\/\/www.europesays.com\/de\/wp-json\/wp\/v2\/comments?post=1218821"}],"version-history":[{"count":0,"href":"https:\/\/www.europesays.com\/de\/wp-json\/wp\/v2\/posts\/1218821\/revisions"}],"wp:featuredmedia":[{"embeddable":true,"href":"https:\/\/www.europesays.com\/de\/wp-json\/wp\/v2\/media\/1218822"}],"wp:attachment":[{"href":"https:\/\/www.europesays.com\/de\/wp-json\/wp\/v2\/media?parent=1218821"}],"wp:term":[{"taxonomy":"category","embeddable":true,"href":"https:\/\/www.europesays.com\/de\/wp-json\/wp\/v2\/categories?post=1218821"},{"taxonomy":"post_tag","embeddable":true,"href":"https:\/\/www.europesays.com\/de\/wp-json\/wp\/v2\/tags?post=1218821"}],"curies":[{"name":"wp","href":"https:\/\/api.w.org\/{rel}","templated":true}]}}