{"id":1218921,"date":"2026-08-06T07:36:26","date_gmt":"2026-08-06T07:36:26","guid":{"rendered":"https:\/\/www.europesays.com\/de\/1218921\/"},"modified":"2026-08-06T07:36:26","modified_gmt":"2026-08-06T07:36:26","slug":"moenchengladbach-zu-schmale-schutzstreifen-fuer-radfahrer","status":"publish","type":"post","link":"https:\/\/www.europesays.com\/de\/1218921\/","title":{"rendered":"M\u00f6nchengladbach: Zu schmale Schutzstreifen f\u00fcr Radfahrer"},"content":{"rendered":"<p class=\"text_ohne_einzug richtext text-em-55 !leading-serif mx-6 desktop:mx-0\">  Die innerst\u00e4dtischen Stra\u00dfen sollen Radfahrern k\u00fcnftig durch verschiedene Ma\u00dfnahmen mehr Schutz bieten, das ist das Ziel des Ministeriums f\u00fcr Umwelt, Naturschutz und Verkehr (MUNV). Dazu sollen inner\u00f6rtliche Schutzstreifen in Ausnahmef\u00e4llen zugelassen werden, hei\u00dft es in dem Erlass des MUNV. Der Erlass wird jedoch vom <a href=\"https:\/\/rp-online.de\/thema\/adfc\/\" rel=\"nofollow noopener\" target=\"_blank\">ADFC<\/a> kritisiert, denn die Schutzstreifen erf\u00fcllen, so der Club, eben nicht ihr Ziel.<\/p>\n","protected":false},"excerpt":{"rendered":"Die innerst\u00e4dtischen Stra\u00dfen sollen Radfahrern k\u00fcnftig durch verschiedene Ma\u00dfnahmen mehr Schutz bieten, das ist das Ziel des Ministeriums&hellip;\n","protected":false},"author":2,"featured_media":1218922,"comment_status":"","ping_status":"","sticky":false,"template":"","format":"standard","meta":{"footnotes":"","_share_on_mastodon":"0"},"categories":[1849],"tags":[7380,3364,29,548,663,3934,30,13,4455,14,15,1209,12],"class_list":["post-1218921","post","type-post","status-publish","format-standard","has-post-thumbnail","category-moenchengladbach","tag-adfc","tag-de","tag-deutschland","tag-eu","tag-europa","tag-europe","tag-germany","tag-headlines","tag-moenchengladbach","tag-nachrichten","tag-news","tag-nordrhein-westfalen","tag-schlagzeilen"],"share_on_mastodon":{"url":"https:\/\/pubeurope.com\/@de\/117047419430054300","error":""},"_links":{"self":[{"href":"https:\/\/www.europesays.com\/de\/wp-json\/wp\/v2\/posts\/1218921","targetHints":{"allow":["GET"]}}],"collection":[{"href":"https:\/\/www.europesays.com\/de\/wp-json\/wp\/v2\/posts"}],"about":[{"href":"https:\/\/www.europesays.com\/de\/wp-json\/wp\/v2\/types\/post"}],"author":[{"embeddable":true,"href":"https:\/\/www.europesays.com\/de\/wp-json\/wp\/v2\/users\/2"}],"replies":[{"embeddable":true,"href":"https:\/\/www.europesays.com\/de\/wp-json\/wp\/v2\/comments?post=1218921"}],"version-history":[{"count":0,"href":"https:\/\/www.europesays.com\/de\/wp-json\/wp\/v2\/posts\/1218921\/revisions"}],"wp:featuredmedia":[{"embeddable":true,"href":"https:\/\/www.europesays.com\/de\/wp-json\/wp\/v2\/media\/1218922"}],"wp:attachment":[{"href":"https:\/\/www.europesays.com\/de\/wp-json\/wp\/v2\/media?parent=1218921"}],"wp:term":[{"taxonomy":"category","embeddable":true,"href":"https:\/\/www.europesays.com\/de\/wp-json\/wp\/v2\/categories?post=1218921"},{"taxonomy":"post_tag","embeddable":true,"href":"https:\/\/www.europesays.com\/de\/wp-json\/wp\/v2\/tags?post=1218921"}],"curies":[{"name":"wp","href":"https:\/\/api.w.org\/{rel}","templated":true}]}}