{"id":1218932,"date":"2026-08-06T07:42:15","date_gmt":"2026-08-06T07:42:15","guid":{"rendered":"https:\/\/www.europesays.com\/de\/1218932\/"},"modified":"2026-08-06T07:42:15","modified_gmt":"2026-08-06T07:42:15","slug":"strafanzeigen-nach-kothaufen-vorfall-an-grundschule-karlsruhe-eingereicht","status":"publish","type":"post","link":"https:\/\/www.europesays.com\/de\/1218932\/","title":{"rendered":"Strafanzeigen nach Kothaufen-Vorfall an Grundschule Karlsruhe eingereicht"},"content":{"rendered":"<p class=\"mb-6 text-xs-varying md:text-m lg:text-l font-serif group-[.font-sans]:font-sans \">\n    Nach einem Vorfall, bei dem Erstkl\u00e4ssler einer Karlsruher Grundschule mutma\u00dflich den Kothaufen eines Klassenkameraden beseitigen mussten, sind bei der Staatsanwaltschaft Karlsruhe zwei Strafanzeigen gegen Unbekannt eingegangen. Das best\u00e4tigte die Anklagebeh\u00f6rde. Zuvor hatten die \u201eBadischen Neuesten Nachrichten\u201c (BNN) berichtet. Eine der Anzeigen ging demzufolge anonym ein.\n  <\/p>\n<p>            Strafanzeigen wegen \u201eKot-Vorfalls\u201c<\/p>\n<p class=\"mb-6 text-xs-varying md:text-m lg:text-l font-serif group-[.font-sans]:font-sans \">\n    Das Geschehen hatte f\u00fcr einiges Aufsehen gesorgt: Unter Berufung auf zwei V\u00e4ter hatten die BNN im Juli berichtet, dass die Erstkl\u00e4ssler gemeinsam den Kothaufen in einer Toilette beseitigen mussten, nachdem sich der eigentliche Verursacher auf Nachfrage der Lehrkraft nicht gemeldet hatte. Jeder Junge habe mit einem St\u00fcck Klopapier ein St\u00fcck Stuhlgang aufnehmen und in die Klosch\u00fcssel werfen m\u00fcssen.\n  <\/p>\n<p>            RP plant Entscheidung \u00fcber Beschwerde bis Ende der Sommerferien<\/p>\n<p class=\"mb-6 text-xs-varying md:text-m lg:text-l font-serif group-[.font-sans]:font-sans \">\n    Das hatte auch zu einer Dienstaufsichtsbeschwerde am Regierungspr\u00e4sidium (RP) <a href=\"https:\/\/www.ka-news.de\/karlsruhe\" target=\"_self\" class=\"underline \" rel=\"nofollow noopener\">Karlsruhe<\/a> gegen die betroffene Lehrkraft gef\u00fchrt. \u00dcber diese Beschwerde werde voraussichtlich rechtzeitig vor Ende der Sommerferien entschieden, teilte die Beh\u00f6rde mit.\n  <\/p>\n<p class=\"mb-6 text-xs-varying md:text-m lg:text-l font-serif group-[.font-sans]:font-sans \">\n    Der Landessch\u00fclerbeirat (LSBR) hatte das Vorgehen der Lehrkraft scharf verurteilt. Solche Ereignisse seien f\u00fcr Schulkinder belastend und besch\u00e4mend, hatte es gehei\u00dfen.\n  <\/p>\n","protected":false},"excerpt":{"rendered":"Nach einem Vorfall, bei dem Erstkl\u00e4ssler einer Karlsruher Grundschule mutma\u00dflich den Kothaufen eines Klassenkameraden beseitigen mussten, sind bei&hellip;\n","protected":false},"author":2,"featured_media":1218933,"comment_status":"","ping_status":"","sticky":false,"template":"","format":"standard","meta":{"footnotes":"","_share_on_mastodon":"0"},"categories":[1844],"tags":[197405,5871,1634,3364,29,101152,30,8903,253510,136634,13502],"class_list":["post-1218932","post","type-post","status-publish","format-standard","has-post-thumbnail","category-karlsruhe","tag-dienstaufsichtsbeschwerde","tag-grundschule","tag-baden-wuerttemberg","tag-de","tag-deutschland","tag-erstklaessler","tag-germany","tag-karlsruhe","tag-kothaufen","tag-staatsanwaltschaft-karlsruhe","tag-strafanzeige"],"share_on_mastodon":{"url":"","error":""},"_links":{"self":[{"href":"https:\/\/www.europesays.com\/de\/wp-json\/wp\/v2\/posts\/1218932","targetHints":{"allow":["GET"]}}],"collection":[{"href":"https:\/\/www.europesays.com\/de\/wp-json\/wp\/v2\/posts"}],"about":[{"href":"https:\/\/www.europesays.com\/de\/wp-json\/wp\/v2\/types\/post"}],"author":[{"embeddable":true,"href":"https:\/\/www.europesays.com\/de\/wp-json\/wp\/v2\/users\/2"}],"replies":[{"embeddable":true,"href":"https:\/\/www.europesays.com\/de\/wp-json\/wp\/v2\/comments?post=1218932"}],"version-history":[{"count":0,"href":"https:\/\/www.europesays.com\/de\/wp-json\/wp\/v2\/posts\/1218932\/revisions"}],"wp:featuredmedia":[{"embeddable":true,"href":"https:\/\/www.europesays.com\/de\/wp-json\/wp\/v2\/media\/1218933"}],"wp:attachment":[{"href":"https:\/\/www.europesays.com\/de\/wp-json\/wp\/v2\/media?parent=1218932"}],"wp:term":[{"taxonomy":"category","embeddable":true,"href":"https:\/\/www.europesays.com\/de\/wp-json\/wp\/v2\/categories?post=1218932"},{"taxonomy":"post_tag","embeddable":true,"href":"https:\/\/www.europesays.com\/de\/wp-json\/wp\/v2\/tags?post=1218932"}],"curies":[{"name":"wp","href":"https:\/\/api.w.org\/{rel}","templated":true}]}}