{"id":1219052,"date":"2026-08-06T08:54:25","date_gmt":"2026-08-06T08:54:25","guid":{"rendered":"https:\/\/www.europesays.com\/de\/1219052\/"},"modified":"2026-08-06T08:54:25","modified_gmt":"2026-08-06T08:54:25","slug":"olg-hamburg-verurteilt-mitglieder-von-letzte-verteidigungswelle-zu-haftstrafen-von-bis-zu-fuenf-jahren","status":"publish","type":"post","link":"https:\/\/www.europesays.com\/de\/1219052\/","title":{"rendered":"OLG Hamburg verurteilt Mitglieder von \u201eLetzte Verteidigungswelle\u201c zu Haftstrafen von bis zu f\u00fcnf Jahren"},"content":{"rendered":"<p>Haftstrafen von bis zu f\u00fcnf JahrenGericht verurteilt Mitglieder rechtsextremer Terrorgruppe &#8222;Letzte Verteidigungswelle&#8220;<\/p>\n<p>06.08.2026, 10:03 Uhr <\/p>\n<p>Artikel anh\u00f6ren(01:25 min)<\/p>\n<p><img decoding=\"async\" class=\"Image_img__fQCi0 Image_Img_16_9__4BLfH widget-picture-inline_maximizable__t_E7h\" loading=\"eager\" fetchpriority=\"high\" src=\"https:\/\/www.europesays.com\/de\/wp-content\/uploads\/2026\/08\/Die-Angeklagten-stehen-im-Sitzungssaal-im-Strafjustizgebaeude-zu-Beginn-des-Prozesses-gegen-die-rech.webp\" alt=\"Die-Angeklagten-stehen-im-Sitzungssaal-im-Strafjustizgebaeude-zu-Beginn-des-Prozesses-gegen-die-rechtsextreme-Terrorgruppe-Letzte-Verteidigungswelle-Die-zum-Teil-sehr-jungen-Beschuldigten-sollen-groesstenteils-Mitglied-in-einer-inlaendischen-terroristischen-Vereinigung-sein-und-wegen-versuchter-Mordes-Verabredung-zum-Mord-und-gefaehrliche-Koerperverletzung-angeklagt-sein\"\/>Die Angeklagten und ihre Verteidiger bei einem Prozesstag im M\u00e4rz. (Foto: picture alliance\/dpa\/Pool dpa)TeilenFolgen auf:<a href=\"https:\/\/www.whatsapp.com\/channel\/0029Va5cdVJD8SDp5YZgYF01\" title=\"Auf WhatsApp folgen\" target=\"_blank\" rel=\"nofollow noopener\"><img decoding=\"async\" src=\"https:\/\/www.n-tv.de\/socialIcons\/whatsapp.svg\" alt=\"whatsapp\" class=\"ArticleShare_icon__FsrC2\"\/><\/a><a href=\"https:\/\/www.google.com\/preferences\/source?q=n-tv.de\" title=\"ntv als bevorzugte Quelle auf Google hinzuf\u00fcgen\" target=\"_blank\" rel=\"nofollow noopener\"><img decoding=\"async\" src=\"https:\/\/www.n-tv.de\/socialIcons\/google.svg\" alt=\"whatsapp\" class=\"ArticleShare_icon__FsrC2\"\/><\/a><\/p>\n<p class=\"Typography_text-m__XI0da Typography_weight-bold__uT6mq storyline_lead_text_leadtext__q_wg8\">Im Hamburger Prozess gegen acht mutma\u00dfliche Mitglieder und Unterst\u00fctzer der rechtsextremistischen Gruppierung &#8222;Letzte Verteidigungswelle&#8220; werden Haftstrafen zwischen anderthalb und f\u00fcnf Jahren verh\u00e4ngt. <\/p>\n<p class=\"Typography_text-default__P3otY Typography_weight-normal__pqUbH storyline_paragraph_p__qSR5N\">Im Prozess gegen sieben Mitglieder und einen Unterst\u00fctzer der rechtsextremen Terrorgruppe &#8222;Letzte Verteidigungswelle&#8220; hat das Hamburger Oberlandesgericht Haftstrafen zwischen anderthalb und f\u00fcnf Jahren verh\u00e4ngt. In seinem Urteil habe der Staatsschutzsenat des Hanseatischen Oberlandesgerichts zugleich festgestellt, dass es sich bei der Gruppe um eine inl\u00e4ndische terroristische Vereinigung handele, sagte die Vorsitzende Richterin Ulrike Taeubner.<\/p>\n<p class=\"Typography_text-default__P3otY Typography_weight-normal__pqUbH storyline_paragraph_p__qSR5N\">Die Schuldspr\u00fcche gegen die Angeklagten, die zur Tatzeit zwischen 14 und 21 Jahre alt waren, wurden neben Mitgliedschaft beziehungsweise Unterst\u00fctzung einer terroristischen Vereinigung unter anderem wegen versuchten Mordes, Brandstiftung und gef\u00e4hrlicher K\u00f6rperverletzung gef\u00e4llt. Die Verurteilungen nach den zur Tatzeit jugendlichen und heranwachsenden Angeklagten ergingen nach Jugendstrafrecht. Die Strafe f\u00fcr den j\u00fcngsten Angeklagten, anderthalb Jahre Haft, wurde zur Bew\u00e4hrung ausgesetzt.<\/p>\n<p class=\"Typography_text-default__P3otY Typography_weight-normal__pqUbH storyline_paragraph_p__qSR5N\">Nach \u00dcberzeugung des Gerichts ver\u00fcbte und plante die Gruppe Brand- und Sprengstoffanschl\u00e4ge auf Asylbewerberheime und linke Einrichtungen. Au\u00dferdem sollen Mitglieder sogenanntes &#8222;P\u00e4do-Hunting&#8220; &#8211; also Jagd auf Menschen, die sie f\u00fcr P\u00e4dophile hielten &#8211; gemacht haben.<\/p>\n<p>Prozess unter Ausschluss der \u00d6ffentlichkeit<\/p>\n<p class=\"Typography_text-default__P3otY Typography_weight-normal__pqUbH storyline_paragraph_p__qSR5N\">Aufgrund des jungen Alters der Angeklagten war die \u00d6ffentlichkeit nach der Anklageverlesung im M\u00e4rz bis zur Urteilsverk\u00fcndung vom Prozess ausgeschlossen worden. Auch die Pl\u00e4doyers von Bundesanwaltschaft und Verteidigung wurden hinter verschlossenen T\u00fcren gehalten. Noch immer sind vier der Verurteilten minderj\u00e4hrig &#8211; der j\u00fcngste ist 15 Jahre alt. Drei Verurteilte sind heute 17, zwei 19 und zwei 22 Jahre alt. Das Urteil ist noch nicht rechtskr\u00e4ftig.<\/p>\n<p class=\"Typography_text-default__P3otY Typography_weight-normal__pqUbH storyline_paragraph_p__qSR5N\">Bei einem Brandanschlag der Gruppe auf ein Kulturhaus im brandenburgischen Altd\u00f6bern waren im Oktober 2024 die dort lebenden Menschen laut Anklage nur durch Zufall nicht verletzt worden. Das Haus brannte vollst\u00e4ndig aus.<\/p>\n<p class=\"Typography_text-default__P3otY Typography_weight-normal__pqUbH storyline_paragraph_p__qSR5N\">Bei einem Anschlag auf eine Asylbewerberunterkunft im th\u00fcringischen Schm\u00f6lln hatten zwei Mitglieder der Gruppe im Januar vergangenen Jahres vergeblich versucht, das Geb\u00e4ude mittels Pyrotechnik in Brand zu setzen. An der Fassade der Unterkunft hatten sie unter anderem Hakenkreuze und Slogans wie &#8222;Ausl\u00e4nder raus&#8220; hinterlassen.<\/p>\n<p>&#8222;Stern&#8220;\/RTL-Recherche deckt Gruppenaktivit\u00e4t auf<\/p>\n<p class=\"Typography_text-default__P3otY Typography_weight-normal__pqUbH storyline_paragraph_p__qSR5N\">Drei Mitglieder der Gruppe hatten laut Anklage einen Brandanschlag mit sogenannten Kugelbomben auf eine Asylbewerberunterkunft im brandenburgischen Senftenberg geplant, der aber offenbar aufgrund von <a class=\"inline_link\" href=\"https:\/\/plus.rtl.de\/stern-investigativ-p_6885\/video\/die-nazi-kinder-c_1322191\" target=\"_blank\" rel=\"nofollow noopener\">Hinweisen eines Reporterteams von &#8222;Stern&#8220; und RTL verhindert werden konnte.<\/a><\/p>\n<p class=\"Typography_text-default__P3otY Typography_weight-normal__pqUbH storyline_paragraph_p__qSR5N\">Die zur Tatzeit noch jugendlichen oder heranwachsenden Angeklagten wurden nach Jugendstrafrecht verurteilt. Die Haftstrafe \u00fcber anderthalb Jahre f\u00fcr den j\u00fcngsten Angeklagten, einen 15-J\u00e4hrigen aus Hessen, wurde zur Bew\u00e4hrung ausgesetzt. Der Haftbefehl gegen einen 17-J\u00e4hrigen aus Brandenburg, der zu zwei Jahren und vier Monaten verurteilt wurde, aber schon mehr als die H\u00e4lfte der Zeit in Untersuchungshaft abgesessen hat, wurde aufgehoben.<\/p>\n<p class=\"Typography_text-default__P3otY Typography_weight-normal__pqUbH storyline_paragraph_p__qSR5N\">Die Angeklagten hatten nach Angaben der Richterin allesamt eine schwere Kindheit, bis hin zu Misshandlungen. Auch seien sie im famili\u00e4ren Umfeld mit rechtem Gedankengut in Kontakt gekommen. &#8222;Die Bezeichnung braune Kinderzimmer ist recht passend gew\u00e4hlt&#8220;, sagte Taeubner. Dies sei auch in die Urteile eingeflossen, ebenso der Umstand, dass fast alle Angeklagten sich im Prozess gest\u00e4ndig eingelassen und Reue gezeigt h\u00e4tten.\u00a0<\/p>\n<p>&#8222;Jugend-unprofessionell&#8220; vorgegangen<\/p>\n<p class=\"Typography_text-default__P3otY Typography_weight-normal__pqUbH storyline_paragraph_p__qSR5N\">Ein 19-J\u00e4hriger aus Wismar &#8211; der in Bomberjacke und szenetypischem T-Shirt zur Urteilsverk\u00fcndung erschien &#8211; habe aber auch noch im Juni in der Untersuchungshaft versucht, einen neuen Staatsaufbau zu erstellen, mit Gauleitern und Gestapo, sagte die Richterin.<\/p>\n<p class=\"Typography_text-default__P3otY Typography_weight-normal__pqUbH storyline_paragraph_p__qSR5N\">Die Angeklagten h\u00e4tten sich als letzte Verteidigung Deutschlands gesehen und dabei aus einem menschenverachtenden Weltbild heraus schwerste Straftaten begangen. Versuchte T\u00f6tungen und Brandstiftungen seien Mittel, um Chaos zu stiften, &#8222;aber nicht geeignet, eine friedliche Gesellschaft zu verteidigen&#8220;, sagte die Richterin.<\/p>\n<p class=\"Typography_text-default__P3otY Typography_weight-normal__pqUbH storyline_paragraph_p__qSR5N\">Auch wenn es sich aufgrund der organisierten Struktur um eine terroristische Vereinigung handele, seien die Mitglieder doch sehr jugendlich-unprofessionell vorgegangen, sagte Taeubner. &#8222;Wir k\u00f6nnen nicht von einer wirklich ganz gef\u00e4hrlichen terroristischen Vereinigung ausgehen.&#8220;<\/p>\n<p class=\"Typography_text-default__P3otY Typography_weight-normal__pqUbH storyline_paragraph_p__qSR5N\">&#8222;Wir haben es hier tats\u00e4chlich mit wirklich sehr unprofessionell handelnden Angeklagten zu tun gehabt, die sich selbst gefilmt haben, die ganz normal angemeldete Mobiltelefone benutzt haben, sodass wir da ermittlungsm\u00e4\u00dfig ganz schnell zum Ziel kamen&#8220;, sagte auch der Vertreter des Generalbundesanwalts in dem Verfahren, Stefan Biehl, nach der Urteilsverk\u00fcndung. Zugleich h\u00e4tten sie &#8222;durch ihre tats\u00e4chlich durchgef\u00fchrten Anschlagsversuche gezeigt, dass sie es ernst gemeint haben&#8220;.<\/p>\n<p>Weitere Ermittlungsverfahren\u00a0<\/p>\n<p class=\"Typography_text-default__P3otY Typography_weight-normal__pqUbH storyline_paragraph_p__qSR5N\">Dass es sich um so junge Terroristen handele, sei auch f\u00fcr die oberste Anklagebeh\u00f6rde ungew\u00f6hnlich. &#8222;Es ist ein Ph\u00e4nomen, das f\u00fcr den Bundesanwalt neu ist und das wir hier erstmals tats\u00e4chlich in dieser Dimension vor einen Staatsschutzsenat des Oberlandesgerichts gebracht haben.&#8220;<\/p>\n<p class=\"Typography_text-default__P3otY Typography_weight-normal__pqUbH storyline_paragraph_p__qSR5N\">Die Ermittlungen h\u00e4tten zudem erbracht, dass sich eine &#8222;wirklich gro\u00dfe Anzahl&#8220; weiterer Jugendlicher und ganz junger Erwachsener an der Gruppe beteiligt h\u00e4tten, sagte Biehl. Sie h\u00e4tten sich relativ schnell \u00fcber das Internet radikalisiert und seien in die Vereinigung aufgenommen worden. &#8222;Dementsprechend sind die acht Angeklagten hier sozusagen nur die Spitze des Eisbergs.&#8220;<\/p>\n<p class=\"Typography_text-default__P3otY Typography_weight-normal__pqUbH storyline_paragraph_p__qSR5N\">F\u00fcnf der Angeklagten waren nach gro\u00dfangelegten Razzien in Mecklenburg-Vorpommern, Brandenburg und Hessen im Mai vergangenen Jahres festgenommen worden. Drei weitere sa\u00dfen da schon in Untersuchungshaft. Durchsuchungen hatte es zuvor schon in Sachsen und Th\u00fcringen gegeben.<\/p>\n<p class=\"Typography_text-default__P3otY Typography_weight-normal__pqUbH storyline_paragraph_p__qSR5N\">Wenige Tage nach Prozessbeginn hatte die Bundesanwaltschaft bei einer Razzia gegen insgesamt zehn weitere Beschuldigte R\u00e4umlichkeiten in Mecklenburg-Vorpommern, Nordrhein-Westfalen, Sachsen, Sachsen-Anhalt und Schleswig-Holstein durchsuchen lassen. Ende Juni waren in Th\u00fcringen zwei weitere Jugendliche als mutma\u00dfliche Mitglieder der &#8222;Letzten Verteidigungswelle&#8220; verhaftet worden.<\/p>\n<p class=\"Typography_text-s__wu_cm Typography_weight-normal__pqUbH Typography_color-darkgrey__sZEnP article-detail-footer_source__KslPc\">Quelle: ntv.de, als\/AFP<\/p>\n","protected":false},"excerpt":{"rendered":"Haftstrafen von bis zu f\u00fcnf JahrenGericht verurteilt Mitglieder rechtsextremer Terrorgruppe &#8222;Letzte Verteidigungswelle&#8220; 06.08.2026, 10:03 Uhr Artikel anh\u00f6ren(01:25 min)&hellip;\n","protected":false},"author":2,"featured_media":1216946,"comment_status":"","ping_status":"","sticky":false,"template":"","format":"standard","meta":{"footnotes":"","_share_on_mastodon":"0"},"categories":[2],"tags":[253140,29,30,13,14,15,16,505,770,12,10,8,9,11,11747],"class_list":["post-1219052","post","type-post","status-publish","format-standard","has-post-thumbnail","category-deutschland","tag-anschlaege-auf-fluechtlingsunterkuenfte","tag-deutschland","tag-germany","tag-headlines","tag-nachrichten","tag-news","tag-politik","tag-prozesse","tag-rechtsextremismus","tag-schlagzeilen","tag-top-news","tag-top-meldungen","tag-topmeldungen","tag-topnews","tag-urteile"],"share_on_mastodon":{"url":"https:\/\/pubeurope.com\/@de\/117047729388369773","error":""},"_links":{"self":[{"href":"https:\/\/www.europesays.com\/de\/wp-json\/wp\/v2\/posts\/1219052","targetHints":{"allow":["GET"]}}],"collection":[{"href":"https:\/\/www.europesays.com\/de\/wp-json\/wp\/v2\/posts"}],"about":[{"href":"https:\/\/www.europesays.com\/de\/wp-json\/wp\/v2\/types\/post"}],"author":[{"embeddable":true,"href":"https:\/\/www.europesays.com\/de\/wp-json\/wp\/v2\/users\/2"}],"replies":[{"embeddable":true,"href":"https:\/\/www.europesays.com\/de\/wp-json\/wp\/v2\/comments?post=1219052"}],"version-history":[{"count":0,"href":"https:\/\/www.europesays.com\/de\/wp-json\/wp\/v2\/posts\/1219052\/revisions"}],"wp:featuredmedia":[{"embeddable":true,"href":"https:\/\/www.europesays.com\/de\/wp-json\/wp\/v2\/media\/1216946"}],"wp:attachment":[{"href":"https:\/\/www.europesays.com\/de\/wp-json\/wp\/v2\/media?parent=1219052"}],"wp:term":[{"taxonomy":"category","embeddable":true,"href":"https:\/\/www.europesays.com\/de\/wp-json\/wp\/v2\/categories?post=1219052"},{"taxonomy":"post_tag","embeddable":true,"href":"https:\/\/www.europesays.com\/de\/wp-json\/wp\/v2\/tags?post=1219052"}],"curies":[{"name":"wp","href":"https:\/\/api.w.org\/{rel}","templated":true}]}}