{"id":1219096,"date":"2026-08-06T09:26:19","date_gmt":"2026-08-06T09:26:19","guid":{"rendered":"https:\/\/www.europesays.com\/de\/1219096\/"},"modified":"2026-08-06T09:26:19","modified_gmt":"2026-08-06T09:26:19","slug":"gt-world-challenge-europe-endurance-cup-gastiert-ende-august-wieder-auf-dem-nuerburgring","status":"publish","type":"post","link":"https:\/\/www.europesays.com\/de\/1219096\/","title":{"rendered":"GT World Challenge Europe Endurance Cup gastiert Ende August wieder auf dem N\u00fcrburgring"},"content":{"rendered":"<p>&#13;<br \/>\n            <b>N\u00fcrburgring.<\/b> Wenn vom 28. bis 30. August die GT World Challenge Europe powered by AWS wieder auf dem N\u00fcrburgring Station macht, erwartet die Motorsportfans in der Eifel erneut Spitzensport auf internationalem Niveau. Rund 60 GT3-Fahrzeuge werden zum vierten Lauf des Endurance Cups erwartet. Damit z\u00e4hlt das Gastspiel der GT World Challenge Europe einmal mehr zu den gr\u00f6\u00dften und hochkar\u00e4tigsten GT3-Veranstaltungen Europas. <\/p>\n<p>          AC Mayen seit vielen Jahren Partner der SRO <\/p>\n<p>Dass die Veranstaltung seit vielen Jahren erfolgreich auf dem N\u00fcrburgring ausgetragen wird, ist auch dem Automobilclub 1927 Mayen e.V. im ADAC zu verdanken. Der traditionsreiche Verein fungiert erneut als sportlicher Ausrichter und arbeitet bereits seit vielen Jahren eng mit der ETRA Promotion GmbH, einer Tochter des ADAC Mittelrhein, als Veranstalter und der SRO Motorsports Group, dem Promoter der GT World Challenge Europe zusammen. <\/p>\n<p>Bereits Anfang Juli dieses Jahres richtete der AC Mayen mit den erstmals ausgetragenen Michelin 12H N\u00fcrburgring erfolgreich eine weitere internationale Langstreckenveranstaltung aus und unterstrich damit einmal mehr seine Kompetenz bei der Organisation hochkar\u00e4tiger Motorsportevents. <\/p>\n<p>          Die bisherigen Saison-Sieger der GT World Challenge Europe Endurance Cup <\/p>\n<p>Sportlich geht die Meisterschaft nun in ihre entscheidende Phase. Nach den ersten drei Endurance-Rennen des Jahres f\u00fchrt der Weg der GT3-Elite nun in die Eifel. <\/p>\n<p>\u2022Den Saisonauftakt \u00fcber sechs Stunden auf dem Circuit Paul Ricard gewann Comtoyou Racing mit dem Aston Martin Vantage AMR GT3 EVO. Am Steuer des Siegerfahrzeugs wechselten sich Mattia Drudi, Marco S\u00f8rensen und Nicki Thiim ab. <\/p>\n<p>\u2022Beim zweiten Lauf in Monza setzte sich Tresor Attempto Racing mit dem Audi R8 LMS GT3 EVO II durch. Den Sieg sicherten sich Rocco Mazzola, Ariel Levi und Sebastian \u00d8gaard. <\/p>\n<p>\u2022Den bisherigen Saisonh\u00f6hepunkt bildeten die legend\u00e4ren CrowdStrike 24 Stunden von Spa-Francorchamps, die Ricardo Feller, Thomas Preining und Bastian Buus im Porsche 911 GT3 R (992) EVO von Lionspeed GP f\u00fcr sich entscheiden konnten. <\/p>\n<p>          Meisterschaftsstand vor dem N\u00fcrburgring <\/p>\n<p>Vor dem Gastspiel in der Eifel f\u00fchren Lucas Auer, Maro Engel und Luca Stolz im Mercedes-AMG Team MANN-FILTER die Endurance-Wertung der GT World Challenge Europe mit 74 Punkten an. Marco S\u00f8rensen, Nicki Thiim und Mattia Drudi folgen mit 33 Z\u00e4hlern auf Rang zwei, w\u00e4hrend Louis Prette, Thomas Fleming und Benjamin Goethe mit 32 Punkten den dritten Platz belegen. Durch ihren Triumph in Spa konnten sich Ricardo Feller, Thomas Preining und Bastian Buus auf den vierten Tabellenplatz verbessern und liegen nun bei 30 Punkten. <\/p>\n<p>Der N\u00fcrburgring bildet den vierten von insgesamt f\u00fcnf L\u00e4ufen des GT World Challenge Europe Endurance Cups. Nach dem Rennen in der Eifel steht lediglich noch das Saisonfinale in Portim\u00e3o auf dem Programm. Entsprechend gro\u00df ist die Bedeutung jedes einzelnen Meisterschaftspunktes im Kampf um den Endurance-Titel 2026. <\/p>\n<p>          Internationale GT3-Elite und ein attraktives Rahmenprogramm in der Eifel <\/p>\n<p>F\u00fcr die Zuschauer bietet das Rennwochenende Motorsport der Extraklasse. Der H\u00f6hepunkt folgt am Sonntag um 15:00 Uhr, wenn das dreist\u00fcndige Endurance-Rennen der GT World Challenge Europe gestartet wird. Rund 60 GT3-Fahrzeuge von Mercedes-AMG, Porsche, BMW, Ferrari, Lamborghini, Aston Martin, Audi, McLaren, Ford und Corvette sorgen f\u00fcr ein hochklassig besetztes Starterfeld, in dem zahlreiche Werks- und Profifahrer um den Gesamtsieg k\u00e4mpfen. <\/p>\n<p>Hinzu kommt ein abwechslungsreiches Rahmenprogramm mit dem Mazda MX-5 Cup Benelux, der Lamborghini Super Trofeo und der GT3 Revival Series, das den N\u00fcrburgring Ende August erneut zum Treffpunkt f\u00fcr Motorsportfans aus ganz Europa macht. <\/p>\n<p>Michael Kaliszan, Erster Vorsitzender des Automobilclubs 1927 Mayen e.V. im ADAC und Organisationsleiter der Veranstaltung, blickt dem Rennwochenende mit gro\u00dfer Vorfreude entgegen: \u201eWir freuen uns sehr, die GT World Challenge Europe erneut als sportlicher Ausrichter auf dem N\u00fcrburgring begleiten zu d\u00fcrfen. Die langj\u00e4hrige Zusammenarbeit mit der ETRA Promotion GmbH und der SRO Motorsports Group rund um St\u00e9phane Ratel ist f\u00fcr unseren Verein eine besondere Auszeichnung. Gemeinsam mit unseren vielen ehrenamtlichen Helferinnen und Helfern m\u00f6chten wir Teams, Fahrern sowie den zahlreichen Zuschauerinnen und Zuschauern wieder ein erstklassiges Motorsportwochenende bieten.\u201c <\/p>\n<p>Alle Voraussetzungen sind damit gegeben, dass der GT World Challenge Europe Endurance Cup Ende August erneut zu den H\u00f6hepunkten der diesj\u00e4hrigen Motorsportsaison auf dem N\u00fcrburgring z\u00e4hlen wird. <\/p>\n<p>&#13;<br \/>\n            <b>BLICK aktuell verlost hierzu 3 x 2 Weekendtickets. Einfach den Newsletter \u201eVerlosungen\u201c abonnieren und mitmachen! Viel Gl\u00fcck!<\/b> <\/p>\n<p>                <a href=\"https:\/\/www.blick-aktuell.de\/Berichte\/Event-Tipps-fuer-das-Wochenende-07-09-August-671083.html?StoryId=671109\" rel=\"nofollow noopener\" target=\"_blank\">&#13;<br \/>\n                  <img decoding=\"async\" class=\"img-responsive WebStoryLink-Image\" src=\"https:\/\/www.europesays.com\/de\/wp-content\/uploads\/2026\/08\/Event-Tipps-fuer-das-Wochenende-07-09-August-671083t.jpg\" alt=\"Event-Tipps f\u00fcr das Wochenende 07. - 09. August\"\/>&#13;<br \/>\n                <\/a><\/p>\n<p>                <a href=\"https:\/\/www.blick-aktuell.de\/Berichte\/Herz-Leidenschaft-und-jede-Menge-Emotionen-671082.html?StoryId=671109\" rel=\"nofollow noopener\" target=\"_blank\">&#13;<br \/>\n                  <img decoding=\"async\" class=\"img-responsive WebStoryLink-Image\" src=\"https:\/\/www.europesays.com\/de\/wp-content\/uploads\/2026\/08\/Herz-Leidenschaft-und-jede-Menge-Emotionen-671082t.jpg\" alt=\"Herz, Leidenschaft und jede Menge Emotionen\"\/>&#13;<br \/>\n                <\/a><\/p>\n<p>                <a href=\"https:\/\/www.blick-aktuell.de\/Berichte\/Green-Juice-Festival-Mehr-als-30-Acts-standen-auf-dem-Programm-671086.html?StoryId=671109\" rel=\"nofollow noopener\" target=\"_blank\">&#13;<br \/>\n                  <img decoding=\"async\" class=\"img-responsive WebStoryLink-Image\" src=\"https:\/\/www.europesays.com\/de\/wp-content\/uploads\/2026\/08\/Green-Juice-Festival-Mehr-als-30-Acts-standen-auf-dem-Programm-671086t.jpg\" alt=\"Green Juice Festival - Mehr als 30 Acts standen auf dem Programm\"\/>&#13;<br \/>\n                <\/a><\/p>\n","protected":false},"excerpt":{"rendered":"&#13; N\u00fcrburgring. Wenn vom 28. bis 30. August die GT World Challenge Europe powered by AWS wieder auf&hellip;\n","protected":false},"author":2,"featured_media":1219097,"comment_status":"","ping_status":"","sticky":false,"template":"","format":"standard","meta":{"footnotes":"","_share_on_mastodon":"0"},"categories":[3933],"tags":[331,332,1418,548,663,158,3934,3935,13,253541,14,15,12],"class_list":["post-1219096","post","type-post","status-publish","format-standard","has-post-thumbnail","category-eu","tag-aktuelle-nachrichten","tag-aktuelle-news","tag-eifel","tag-eu","tag-europa","tag-europaeische-union","tag-europe","tag-european-union","tag-headlines","tag-nrburgring","tag-nachrichten","tag-news","tag-schlagzeilen"],"share_on_mastodon":{"url":"https:\/\/pubeurope.com\/@de\/117047854702664813","error":""},"_links":{"self":[{"href":"https:\/\/www.europesays.com\/de\/wp-json\/wp\/v2\/posts\/1219096","targetHints":{"allow":["GET"]}}],"collection":[{"href":"https:\/\/www.europesays.com\/de\/wp-json\/wp\/v2\/posts"}],"about":[{"href":"https:\/\/www.europesays.com\/de\/wp-json\/wp\/v2\/types\/post"}],"author":[{"embeddable":true,"href":"https:\/\/www.europesays.com\/de\/wp-json\/wp\/v2\/users\/2"}],"replies":[{"embeddable":true,"href":"https:\/\/www.europesays.com\/de\/wp-json\/wp\/v2\/comments?post=1219096"}],"version-history":[{"count":0,"href":"https:\/\/www.europesays.com\/de\/wp-json\/wp\/v2\/posts\/1219096\/revisions"}],"wp:featuredmedia":[{"embeddable":true,"href":"https:\/\/www.europesays.com\/de\/wp-json\/wp\/v2\/media\/1219097"}],"wp:attachment":[{"href":"https:\/\/www.europesays.com\/de\/wp-json\/wp\/v2\/media?parent=1219096"}],"wp:term":[{"taxonomy":"category","embeddable":true,"href":"https:\/\/www.europesays.com\/de\/wp-json\/wp\/v2\/categories?post=1219096"},{"taxonomy":"post_tag","embeddable":true,"href":"https:\/\/www.europesays.com\/de\/wp-json\/wp\/v2\/tags?post=1219096"}],"curies":[{"name":"wp","href":"https:\/\/api.w.org\/{rel}","templated":true}]}}