{"id":1219132,"date":"2026-08-06T09:47:21","date_gmt":"2026-08-06T09:47:21","guid":{"rendered":"https:\/\/www.europesays.com\/de\/1219132\/"},"modified":"2026-08-06T09:47:21","modified_gmt":"2026-08-06T09:47:21","slug":"mit-132-km-h-durch-dortmund-audi-fahrer-rast-ueber-die-evinger-strasse","status":"publish","type":"post","link":"https:\/\/www.europesays.com\/de\/1219132\/","title":{"rendered":"Mit 132 km\/h durch Dortmund: Audi-Fahrer rast \u00fcber die Evinger Stra\u00dfe"},"content":{"rendered":"<p>\t\tMit 132 km\/h durch Dortmund<br \/>\n\t\t\t\t\tAudi-Fahrer rast \u00fcber die Evinger Stra\u00dfe<\/p>\n<p>\t\t<img alt=\"\" src=\"https:\/\/www.europesays.com\/de\/wp-content\/uploads\/2025\/05\/630_0036_48786_.jpg\"  class=\"avatar avatar-36 photo avatar-default\" height=\"36\" width=\"36\" loading=\"eager\" decoding=\"async\"\/>\t\t<a class=\"article-author__name\" href=\"https:\/\/www.ruhrnachrichten.de\/author\/andreas-schroeter\/\" rel=\"author nofollow noopener\" target=\"_blank\">Andreas Schr\u00f6ter<\/a><br \/>\n\t\tRedakteur<\/p>\n<p>    <a href=\"https:\/\/www.ruhrnachrichten.de\/wp-content\/uploads\/2026\/08\/05\/13\/630_0900_6637207_-1648x824.jpg\" rel=\"nofollow noopener\" target=\"_blank\"><\/p>\n<p>            <img loading=\"lazy\" decoding=\"async\" src=\"https:\/\/www.europesays.com\/de\/wp-content\/uploads\/2026\/08\/630_0900_6637206_-640x428.jpg\" width=\"640\" height=\"428\"  alt=\"Das Ordnungsamt hat auf der Evinger Stra\u00dfe einen Tempos\u00fcnder erfasst, der um 82 km\/h zu schnell unterwegs war.\"\/><\/p>\n<p>    <\/a><br \/>\n    Das Ordnungsamt hat auf der Evinger Stra\u00dfe einen Tempos\u00fcnder erfasst, der um 82 km\/h zu schnell unterwegs war. (Symbolbild). \u00a9 picture alliance \/ dpa<\/p>\n<p class=\"article__teaser-text\">Mit 132 statt 50 km\/h ist ein Audi-Fahrer auf der Evinger Stra\u00dfe geblitzt worden. Ihm drohen Bu\u00dfgeld, Punkte und mindestens drei Monate Fahrverbot.<\/p>\n<p>1 Min Lesezeit<\/p>\n<p>Ein Audi-Fahrer ist bei einer mobilen Geschwindigkeitskontrolle auf der Evinger Stra\u00dfe mit 132 Kilometern pro Stunde gemessen worden. Erlaubt waren dort lediglich 50 km\/h. Damit \u00fcberschritt der Mann das Tempolimit um 82 km\/h.<\/p>\n<p>Die Verkehrs\u00fcberwachung des Ordnungsamtes kontrollierte den Verkehr am Donnerstag, 30. Juli, zwischen 19.30 und 21.40 Uhr. Anlass f\u00fcr den Einsatz waren nach Angaben der Stadt fr\u00fchere Messungen mit auff\u00e4lligen Geschwindigkeits\u00fcberschreitungen. Zudem hatten sich mehrere B\u00fcrger \u00fcber zu schnelles Fahren in diesem Bereich beschwert.<\/p>\n<p>Insgesamt registrierte das Ordnungsamt w\u00e4hrend der gut zweist\u00fcndigen Kontrolle 13 Verst\u00f6\u00dfe. F\u00fcr den Fahrer des Audi d\u00fcrfte die rasante Fahrt erhebliche Folgen haben. Nach dem bundeseinheitlichen Tatbestandskatalog drohen ihm ein Bu\u00dfgeld im hohen dreistelligen Bereich, zwei Punkte im Fahreignungsregister in Flensburg und ein Fahrverbot von mindestens drei Monaten.<\/p>\n<p>Die Stadt will Geschwindigkeitskontrollen im gesamten Stadtgebiet weiterhin konsequent durchf\u00fchren. \u00dcberh\u00f6htes Tempo z\u00e4hlt nach wie vor zu den Hauptursachen schwerer Verkehrsunf\u00e4lle. Die Kontrollen sollen deshalb die Einhaltung der zul\u00e4ssigen H\u00f6chstgeschwindigkeiten f\u00f6rdern und die Sicherheit aller Verkehrsteilnehmer erh\u00f6hen. Gerade auf innerst\u00e4dtischen Stra\u00dfen k\u00f6nne jeder Versto\u00df schwerwiegende Folgen haben.<\/p>\n<p>Hinweis der Redaktion: Dieser Artikel erschien urspr\u00fcnglich am 5. August 2026.<\/p>\n","protected":false},"excerpt":{"rendered":"Mit 132 km\/h durch Dortmund Audi-Fahrer rast \u00fcber die Evinger Stra\u00dfe Andreas Schr\u00f6ter Redakteur Das Ordnungsamt hat auf&hellip;\n","protected":false},"author":2,"featured_media":1219133,"comment_status":"","ping_status":"","sticky":false,"template":"","format":"standard","meta":{"footnotes":"","_share_on_mastodon":"0"},"categories":[1833],"tags":[1950,3364,29,217,13484,30,1209],"class_list":["post-1219132","post","type-post","status-publish","format-standard","has-post-thumbnail","category-dortmund","tag-blaulicht","tag-de","tag-deutschland","tag-dortmund","tag-eving","tag-germany","tag-nordrhein-westfalen"],"share_on_mastodon":{"url":"https:\/\/pubeurope.com\/@de\/117047937395331126","error":""},"_links":{"self":[{"href":"https:\/\/www.europesays.com\/de\/wp-json\/wp\/v2\/posts\/1219132","targetHints":{"allow":["GET"]}}],"collection":[{"href":"https:\/\/www.europesays.com\/de\/wp-json\/wp\/v2\/posts"}],"about":[{"href":"https:\/\/www.europesays.com\/de\/wp-json\/wp\/v2\/types\/post"}],"author":[{"embeddable":true,"href":"https:\/\/www.europesays.com\/de\/wp-json\/wp\/v2\/users\/2"}],"replies":[{"embeddable":true,"href":"https:\/\/www.europesays.com\/de\/wp-json\/wp\/v2\/comments?post=1219132"}],"version-history":[{"count":0,"href":"https:\/\/www.europesays.com\/de\/wp-json\/wp\/v2\/posts\/1219132\/revisions"}],"wp:featuredmedia":[{"embeddable":true,"href":"https:\/\/www.europesays.com\/de\/wp-json\/wp\/v2\/media\/1219133"}],"wp:attachment":[{"href":"https:\/\/www.europesays.com\/de\/wp-json\/wp\/v2\/media?parent=1219132"}],"wp:term":[{"taxonomy":"category","embeddable":true,"href":"https:\/\/www.europesays.com\/de\/wp-json\/wp\/v2\/categories?post=1219132"},{"taxonomy":"post_tag","embeddable":true,"href":"https:\/\/www.europesays.com\/de\/wp-json\/wp\/v2\/tags?post=1219132"}],"curies":[{"name":"wp","href":"https:\/\/api.w.org\/{rel}","templated":true}]}}