{"id":1219156,"date":"2026-08-06T09:59:15","date_gmt":"2026-08-06T09:59:15","guid":{"rendered":"https:\/\/www.europesays.com\/de\/1219156\/"},"modified":"2026-08-06T09:59:15","modified_gmt":"2026-08-06T09:59:15","slug":"die-archaeologische-staatssammlung-bei-einer-fuehrung-entdecken","status":"publish","type":"post","link":"https:\/\/www.europesays.com\/de\/1219156\/","title":{"rendered":"Die Arch\u00e4ologische Staatssammlung bei einer F\u00fchrung entdecken"},"content":{"rendered":"<p>expand_lessexpand_more<\/p>\n<p>Die Arch\u00e4ologische Staatssammlung M\u00fcnchen (ASM) hat einen reichen Schatz an Fundst\u00fccken aus vielen Jahrhunderten. In der Dauerausstellung sind die wichtigsten St\u00fccke f\u00fcr jedermann zug\u00e4nglich.  (Foto: ASM, Stefanie Friedrich)<\/p>\n<p>expand_lessexpand_more<\/p>\n<p>Die Arch\u00e4ologische Staatssammlung M\u00fcnchen (ASM) hat einen reichen Schatz an Fundst\u00fccken aus vielen Jahrhunderten. In der Dauerausstellung sind die wichtigsten St\u00fccke f\u00fcr jedermann zug\u00e4nglich.  (Foto: ASM, Stefanie Friedrich)<\/p>\n","protected":false},"excerpt":{"rendered":"expand_lessexpand_more Die Arch\u00e4ologische Staatssammlung M\u00fcnchen (ASM) hat einen reichen Schatz an Fundst\u00fccken aus vielen Jahrhunderten. In der Dauerausstellung&hellip;\n","protected":false},"author":2,"featured_media":1219157,"comment_status":"","ping_status":"","sticky":false,"template":"","format":"standard","meta":{"footnotes":"","_share_on_mastodon":"0"},"categories":[1827],"tags":[6425,772,29,30,9246,6786,1268,2264],"class_list":["post-1219156","post","type-post","status-publish","format-standard","has-post-thumbnail","category-muenchen","tag-archaeologie","tag-bayern","tag-deutschland","tag-germany","tag-kunst-kultur-veranstaltungen","tag-lehel","tag-muenchen","tag-museum"],"share_on_mastodon":{"url":"https:\/\/pubeurope.com\/@de\/117047981715917772","error":""},"_links":{"self":[{"href":"https:\/\/www.europesays.com\/de\/wp-json\/wp\/v2\/posts\/1219156","targetHints":{"allow":["GET"]}}],"collection":[{"href":"https:\/\/www.europesays.com\/de\/wp-json\/wp\/v2\/posts"}],"about":[{"href":"https:\/\/www.europesays.com\/de\/wp-json\/wp\/v2\/types\/post"}],"author":[{"embeddable":true,"href":"https:\/\/www.europesays.com\/de\/wp-json\/wp\/v2\/users\/2"}],"replies":[{"embeddable":true,"href":"https:\/\/www.europesays.com\/de\/wp-json\/wp\/v2\/comments?post=1219156"}],"version-history":[{"count":0,"href":"https:\/\/www.europesays.com\/de\/wp-json\/wp\/v2\/posts\/1219156\/revisions"}],"wp:featuredmedia":[{"embeddable":true,"href":"https:\/\/www.europesays.com\/de\/wp-json\/wp\/v2\/media\/1219157"}],"wp:attachment":[{"href":"https:\/\/www.europesays.com\/de\/wp-json\/wp\/v2\/media?parent=1219156"}],"wp:term":[{"taxonomy":"category","embeddable":true,"href":"https:\/\/www.europesays.com\/de\/wp-json\/wp\/v2\/categories?post=1219156"},{"taxonomy":"post_tag","embeddable":true,"href":"https:\/\/www.europesays.com\/de\/wp-json\/wp\/v2\/tags?post=1219156"}],"curies":[{"name":"wp","href":"https:\/\/api.w.org\/{rel}","templated":true}]}}