{"id":1219158,"date":"2026-08-06T10:00:22","date_gmt":"2026-08-06T10:00:22","guid":{"rendered":"https:\/\/www.europesays.com\/de\/1219158\/"},"modified":"2026-08-06T10:00:22","modified_gmt":"2026-08-06T10:00:22","slug":"toedliche-attacke-lebenslang-nach-auto-anschlag-auf-demonstration-in-muenchen-bayern","status":"publish","type":"post","link":"https:\/\/www.europesays.com\/de\/1219158\/","title":{"rendered":"T\u00f6dliche Attacke &#8211; Lebenslang nach Auto-Anschlag auf Demonstration in M\u00fcnchen &#8211; Bayern"},"content":{"rendered":"<p data-manual=\"paragraph\" data-schema-org-speakable=\"true\" class=\"css-1eosz7k\">M\u00fcnchen (dpa) &#8211; Nach dem t\u00f6dlichen Auto-Anschlag auf eine Gewerkschaftsdemonstration in M\u00fcnchen ist ein 25-J\u00e4hriger zu einer lebenslangen Haftstrafe verurteilt worden. Das Oberlandesgericht M\u00fcnchen stellte zudem die besondere Schwere der Schuld fest, was eine Freilassung auf Bew\u00e4hrung nach 15 Jahren Gef\u00e4ngnis erheblich erschwert. Der Senat verurteilte ihn unter anderem wegen zweifachen Mordes und versuchten Mordes in 23 F\u00e4llen.<\/p>\n<p data-manual=\"paragraph\" data-schema-org-speakable=\"true\" class=\"css-1eosz7k\">Der aus Afghanistan stammende Mann habe als Reaktion auf die Situation in islamischen L\u00e4ndern willk\u00fcrlich ausgew\u00e4hlte Menschen in <a href=\"https:\/\/www.sueddeutsche.de\/thema\/Deutschland\" rel=\"nofollow noopener\" target=\"_blank\">Deutschland<\/a> angreifen und t\u00f6ten wollen, begr\u00fcndete der Vorsitzende Richter sein Urteil. \u201eDamit wollte der Angeklagte eine gottgef\u00e4llige Tat begehen und sich gegen\u00fcber Allah, sich selbst und gegen\u00fcber seiner Familie als guter Muslim beweisen.\u201c<\/p>\n<p data-manual=\"paragraph\" data-schema-org-speakable=\"true\" class=\"css-1eosz7k\">Der junge Mann war im Februar 2025 von hinten in die friedlichen Demonstranten gefahren. Dabei f\u00fcgte er einer Frau und ihrer zweij\u00e4hrigen Tochter Verletzungen zu, an denen sie wenig sp\u00e4ter starben. Zahlreiche weitere Menschen wurden &#8211; teils lebensgef\u00e4hrlich &#8211; verletzt. Viele von ihnen leiden bis heute massiv physisch oder psychisch unter den Folgen der Attacke, manche sind weiterhin arbeitsunf\u00e4hig.<\/p>\n<p>\u201eAuf die Vernichtung von Menschenleben angelegt\u201c<\/p>\n<p data-manual=\"paragraph\" data-schema-org-speakable=\"true\" class=\"css-1eosz7k\">\u201eDie Tathandlung war, man muss es so deutlich sagen, auf die Vernichtung von Menschenleben angelegt\u201c, hatte einer der beiden Vertreter der Bundesanwaltschaft in seinem Pl\u00e4doyer gesagt. In der Wahrnehmung des Angeklagten habe die Attacke dem Willen Allahs entsprochen und sei eine gebotene Reaktion auf das Handeln der USA und anderer westlicher Staaten in Gaza und Afghanistan gewesen. Au\u00dferdem h\u00e4tten pers\u00f6nliche Gef\u00fchlsregungen wie Wut, Entt\u00e4uschung und Verbitterung eine Rolle gespielt.<\/p>\n<p data-manual=\"paragraph\" data-schema-org-speakable=\"true\" class=\"css-1eosz7k\">Die Bundesanwaltschaft hatte deshalb eine Verurteilung zu einer lebenslangen Haftstrafe samt Feststellung der besonderen Schwere der Schuld gefordert. Die Verteidigung hingegen pl\u00e4dierte auf eine Freiheitsstrafe von 15 Jahren und die Unterbringung in der Psychiatrie. Zur Begr\u00fcndung nannten die Anw\u00e4lte, dass ihr Mandant deutliche Anzeichen einer hebephrenen Schizophrenie zeige &#8211; einer Unterform, bei der anstelle von Wahnvorstellungen vor allem ein wirres Gef\u00fchlsleben und unberechenbares Verhalten im Vordergrund stehen.<\/p>\n<p data-manual=\"paragraph\" data-schema-org-speakable=\"true\" class=\"css-1eosz7k\">\u00a9 dpa-infocom, dpa:260806-930-491925\/2<\/p>\n","protected":false},"excerpt":{"rendered":"M\u00fcnchen (dpa) &#8211; Nach dem t\u00f6dlichen Auto-Anschlag auf eine Gewerkschaftsdemonstration in M\u00fcnchen ist ein 25-J\u00e4hriger zu einer lebenslangen&hellip;\n","protected":false},"author":2,"featured_media":1219159,"comment_status":"","ping_status":"","sticky":false,"template":"","format":"standard","meta":{"footnotes":"","_share_on_mastodon":"0"},"categories":[1827],"tags":[772,29,1549,13690,30,6209,85187,1584,1268,2339,2283,149,11747],"class_list":["post-1219158","post","type-post","status-publish","format-standard","has-post-thumbnail","category-muenchen","tag-bayern","tag-deutschland","tag-extremismus","tag-gerichtsprozesse","tag-germany","tag-jva","tag-jva-stadelheim","tag-kriminalitaet","tag-muenchen","tag-oberbayern","tag-prozess-gericht","tag-sueddeutsche-zeitung","tag-urteile"],"share_on_mastodon":{"url":"","error":""},"_links":{"self":[{"href":"https:\/\/www.europesays.com\/de\/wp-json\/wp\/v2\/posts\/1219158","targetHints":{"allow":["GET"]}}],"collection":[{"href":"https:\/\/www.europesays.com\/de\/wp-json\/wp\/v2\/posts"}],"about":[{"href":"https:\/\/www.europesays.com\/de\/wp-json\/wp\/v2\/types\/post"}],"author":[{"embeddable":true,"href":"https:\/\/www.europesays.com\/de\/wp-json\/wp\/v2\/users\/2"}],"replies":[{"embeddable":true,"href":"https:\/\/www.europesays.com\/de\/wp-json\/wp\/v2\/comments?post=1219158"}],"version-history":[{"count":0,"href":"https:\/\/www.europesays.com\/de\/wp-json\/wp\/v2\/posts\/1219158\/revisions"}],"wp:featuredmedia":[{"embeddable":true,"href":"https:\/\/www.europesays.com\/de\/wp-json\/wp\/v2\/media\/1219159"}],"wp:attachment":[{"href":"https:\/\/www.europesays.com\/de\/wp-json\/wp\/v2\/media?parent=1219158"}],"wp:term":[{"taxonomy":"category","embeddable":true,"href":"https:\/\/www.europesays.com\/de\/wp-json\/wp\/v2\/categories?post=1219158"},{"taxonomy":"post_tag","embeddable":true,"href":"https:\/\/www.europesays.com\/de\/wp-json\/wp\/v2\/tags?post=1219158"}],"curies":[{"name":"wp","href":"https:\/\/api.w.org\/{rel}","templated":true}]}}