{"id":121921,"date":"2025-05-19T03:57:11","date_gmt":"2025-05-19T03:57:11","guid":{"rendered":"https:\/\/www.europesays.com\/de\/121921\/"},"modified":"2025-05-19T03:57:11","modified_gmt":"2025-05-19T03:57:11","slug":"hamburger-cdu-fordert-bessere-kontrollen-von-barbershops-ndr-de-nachrichten","status":"publish","type":"post","link":"https:\/\/www.europesays.com\/de\/121921\/","title":{"rendered":"Hamburger CDU fordert bessere Kontrollen von Barbershops | NDR.de &#8211; Nachrichten"},"content":{"rendered":"<p>\nStand: 19.05.2025 05:34 Uhr\n<\/p>\n<p class=\"preface\">Hygienem\u00e4ngel und Schwarzarbeit &#8211; drei Hamburger Barbershops wurden wegen solcher Probleme k\u00fcrzlich geschlossen. Jetzt fordert die CDU eine st\u00e4rkere \u00dcberwachung dieser Gesch\u00e4fte.<\/p>\n<p>Bei Kontrollen in der Innenstadt im April wurden in sieben Bart- und Haarsalons Hygienem\u00e4ngel festgestellt. Auch Brandschutzregeln wurden missachtet und drei Barbershops hatten keine Gewerbeanmeldung. In vier Salons wurden laut Polizei Menschen illegal besch\u00e4ftigt.<\/p>\n<p>Probleme auch in Schleswig-Holstein<\/p>\n<p>\u00c4hnliche Probleme haben die \u00c4mter auch bei <a href=\"https:\/\/www.ndr.de\/nachrichten\/schleswig-holstein\/Hygienemaengel-in-Barbershops-Was-die-Betreiber-und-Experten-sagen,barbershop104.html\" title=\"Zum Artikel: Hygiene-Probleme in Barbershops: Was Betreiber und Experten sagen\" rel=\"nofollow noopener\" target=\"_blank\">Barbershops in Schleswig-Holstein<\/a> entdeckt. Dort wurden Arbeitsger\u00e4te nicht ausreichend desinfiziert oder mit den falschen Mitteln. Manche Betriebe hatten keine Hygienepl\u00e4ne. Durch mangelnde Hygiene drohen den Kunden Gesundheitssch\u00e4den. Denn \u00fcber Kamm und Schere <a href=\"https:\/\/www.ndr.de\/ratgeber\/gesundheit\/Ringelflechte-Wie-gefaehrlich-sind-Hautpilze-am-Kopf-,kopfpilz100.html\" title=\"Zum Artikel: Ringelflechte: Wie gef\u00e4hrlich sind Hautpilze am Kopf? \" rel=\"nofollow noopener\" target=\"_blank\">k\u00f6nnen Pilzinfektionen schnell weitergegeben werden<\/a>.<\/p>\n<p>CDU-Antrag zu sch\u00e4rferer \u00dcberwachung<\/p>\n<p>Jetzt verlangt die Hamburger CDU-Fraktion eine sch\u00e4rfere \u00dcberwachung von Barbershops. Freie Stellen in den Gesundheits\u00e4mtern sollten z\u00fcgig besetzt oder nachbesetzt werden, sagt die Partei. Ihr Antrag steht am Mittwoch in der B\u00fcrgerschaft zur Debatte.<\/p>\n<p>Handelskammer: Schwarze Schafe schaden<\/p>\n<p>Auch die Hamburger Handwerkskammer macht sich Sorgen. Denn die schwarzen Schafe unter den Salons w\u00fcrden den Betrieben schaden, die sich an die Regeln halten.<\/p>\n<p>Weitere Informationen<\/p>\n<p><img decoding=\"async\" src=\"https:\/\/www.europesays.com\/de\/wp-content\/uploads\/2025\/05\/friseur308_v-contentgross.jpg\" alt=\"Ein Friseur k\u00e4mmt die nassen Haare einer Kundin. \u00a9 Colourbox Foto: Syda Productions\" title=\"Ein Friseur k\u00e4mmt die nassen Haare einer Kundin.\" class=\"responsive\"\/><\/p>\n<p>\nUnter anderem wurden Hygienem\u00e4ngel sowie m\u00f6gliche Verst\u00f6\u00dfe gegen Handwerksordnung und Mindestlohngesetz festgestellt.<br \/>\n<a title=\"Zum Artikel: Peine: Zahlreiche M\u00e4ngel in Friseursalons und Barbershops\" href=\"https:\/\/www.ndr.de\/nachrichten\/niedersachsen\/braunschweig_harz_goettingen\/Peine-Zahlreiche-Maengel-in-Friseursalons-und-Barbershops,aktuellbraunschweig15418.html\" class=\"cta \" rel=\"nofollow noopener\" target=\"_blank\">mehr<\/a>\n<\/p>\n<p><img decoding=\"async\" src=\"https:\/\/www.europesays.com\/de\/wp-content\/uploads\/2025\/05\/barbershop106_v-contentgross.jpg\" alt=\"In einem Barbershop in Flensburg wird ein Haarschneider desinfiziert. \u00a9 NDR Foto: Zahlmann, J\u00f6rn\" title=\"In einem Barbershop in Flensburg wird ein Haarschneider desinfiziert.\" class=\"responsive\"\/><\/p>\n<p>\nIn 15 von 16 Flensburger L\u00e4den hat die Stadt M\u00e4ngel festgestellt. Das w\u00fcrde ein falsches Licht auf die Branche werfen, sagt ein Betreiber.<br \/>\n<a title=\"Zum Artikel: Hygiene-Probleme in Barbershops: Was Betreiber und Experten sagen\" href=\"https:\/\/www.ndr.de\/nachrichten\/schleswig-holstein\/Hygienemaengel-in-Barbershops-Was-die-Betreiber-und-Experten-sagen,barbershop104.html\" class=\"cta \" rel=\"nofollow noopener\" target=\"_blank\">mehr<\/a>\n<\/p>\n<p><img decoding=\"async\" src=\"https:\/\/www.europesays.com\/de\/wp-content\/uploads\/2025\/05\/kopfpilz120_v-contentgross.jpg\" alt=\"Pilzinfektion der Kopfhaut \u00a9 Universtit\u00e4tsklinikum Erlangen \" title=\"Pilzinfektion der Kopfhaut\" class=\"responsive\"\/><\/p>\n<p>\nRingelflechte ist ein Pilzbefall, der auch die Kopfhaut treffen kann. Kopfpilz kann zu bleibenden Kahlstellen f\u00fchren.<br \/>\n<a title=\"Zum Artikel: Ringelflechte: Wie gef\u00e4hrlich sind Hautpilze am Kopf?\" href=\"https:\/\/www.ndr.de\/ratgeber\/gesundheit\/Ringelflechte-Wie-gefaehrlich-sind-Hautpilze-am-Kopf-,kopfpilz100.html\" class=\"cta \" rel=\"nofollow noopener\" target=\"_blank\">mehr<\/a>\n<\/p>\n<p>Dieses Thema im Programm:<\/p>\n<p>NDR 90,3 |<br \/>\nNDR 90,3 Aktuell |<br \/>\n19.05.2025 | 08:00 Uhr<\/p>\n<p><img decoding=\"async\" src=\"https:\/\/www.europesays.com\/de\/wp-content\/uploads\/2025\/03\/ndr_printlogo.gif\" alt=\"NDR Logo\" title=\"NDR Logo\"\/><\/p>\n","protected":false},"excerpt":{"rendered":"Stand: 19.05.2025 05:34 Uhr Hygienem\u00e4ngel und Schwarzarbeit &#8211; drei Hamburger Barbershops wurden wegen solcher Probleme k\u00fcrzlich geschlossen. Jetzt&hellip;\n","protected":false},"author":2,"featured_media":121922,"comment_status":"","ping_status":"","sticky":false,"template":"","format":"standard","meta":{"footnotes":""},"categories":[1826],"tags":[9693,31,29,22068,46112,30,692,11532,438,439,440,83],"class_list":{"0":"post-121921","1":"post","2":"type-post","3":"status-publish","4":"format-standard","5":"has-post-thumbnail","7":"category-hamburg","8":"tag-barbershops","9":"tag-cdu","10":"tag-deutschland","11":"tag-friseur","12":"tag-friseursalons","13":"tag-germany","14":"tag-hamburg","15":"tag-kontrolle","16":"tag-ndr","17":"tag-norddeutscher-rundfunk","18":"tag-norddeutschland","19":"tag-radio"},"share_on_mastodon":{"url":"https:\/\/pubeurope.com\/@de\/114532492475532611","error":""},"_links":{"self":[{"href":"https:\/\/www.europesays.com\/de\/wp-json\/wp\/v2\/posts\/121921","targetHints":{"allow":["GET"]}}],"collection":[{"href":"https:\/\/www.europesays.com\/de\/wp-json\/wp\/v2\/posts"}],"about":[{"href":"https:\/\/www.europesays.com\/de\/wp-json\/wp\/v2\/types\/post"}],"author":[{"embeddable":true,"href":"https:\/\/www.europesays.com\/de\/wp-json\/wp\/v2\/users\/2"}],"replies":[{"embeddable":true,"href":"https:\/\/www.europesays.com\/de\/wp-json\/wp\/v2\/comments?post=121921"}],"version-history":[{"count":0,"href":"https:\/\/www.europesays.com\/de\/wp-json\/wp\/v2\/posts\/121921\/revisions"}],"wp:featuredmedia":[{"embeddable":true,"href":"https:\/\/www.europesays.com\/de\/wp-json\/wp\/v2\/media\/121922"}],"wp:attachment":[{"href":"https:\/\/www.europesays.com\/de\/wp-json\/wp\/v2\/media?parent=121921"}],"wp:term":[{"taxonomy":"category","embeddable":true,"href":"https:\/\/www.europesays.com\/de\/wp-json\/wp\/v2\/categories?post=121921"},{"taxonomy":"post_tag","embeddable":true,"href":"https:\/\/www.europesays.com\/de\/wp-json\/wp\/v2\/tags?post=121921"}],"curies":[{"name":"wp","href":"https:\/\/api.w.org\/{rel}","templated":true}]}}