{"id":1219216,"date":"2026-08-06T10:34:18","date_gmt":"2026-08-06T10:34:18","guid":{"rendered":"https:\/\/www.europesays.com\/de\/1219216\/"},"modified":"2026-08-06T10:34:18","modified_gmt":"2026-08-06T10:34:18","slug":"sommerraetsel-2026-laesst-kunstschaetze-im-landkreis-augsburg-entdecken-2","status":"publish","type":"post","link":"https:\/\/www.europesays.com\/de\/1219216\/","title":{"rendered":"Sommerr\u00e4tsel 2026 l\u00e4sst Kunstsch\u00e4tze im Landkreis Augsburg entdecken"},"content":{"rendered":"<p>    <img decoding=\"async\" src=\"https:\/\/www.europesays.com\/de\/wp-content\/uploads\/2026\/08\/20250501141721.jpg\" alt=\"R\u00e4tsel 12: Kunst am Boden des Brunnens: Wo findet sich das farbenfrohe Mosaik?\" title=\"R\u00e4tsel 12: Kunst am Boden des Brunnens: Wo findet sich das farbenfrohe Mosaik?\" loading=\"lazy\" class=\"h-full w-full object-cover\"\/><\/p>\n<p>      Icon vergr\u00f6\u00dfern<\/p>\n<p>    R\u00e4tsel 12: Kunst am Boden des Brunnens: Wo findet sich das farbenfrohe Mosaik?<br \/>\n    Foto: Maximilian Czysz<\/p>\n<p>        Schlie\u00dfen <\/p>\n<p>      Icon Schlie\u00dfen<\/p>\n<p>        Icon vergr\u00f6\u00dfern<\/p>\n<p>        Icon verkleinern<\/p>\n<p>      Icon Pfeil bewegen<\/p>\n<p>    R\u00e4tsel 12: Kunst am Boden des Brunnens: Wo findet sich das farbenfrohe Mosaik?<br \/>\n    Foto: Maximilian Czysz<\/p>\n<p class=\"mb-6 text-xs-varying md:text-m lg:text-l font-serif group-[.font-sans]:font-sans \">\n    Sie begegnet einem beinahe jeden Tag: Auf dem Kreisverkehr, in der Dorfmitte oder an der Kirche stehen kleine und gro\u00dfe Kunstwerke. Die Skulpturen, Installationen oder auch Graffiti sind oft wie versteckte Sch\u00e4tze. Aber wer wei\u00df tats\u00e4chlich mehr \u00fcber sie? Fotograf Marcus Merk und Redakteur Maximilian Czysz haben sich auf\u00a0Spurensuche begeben. Gemeinsam mit allen Lesern und Leserinnen wollen sie unscheinbare Ecken im Landkreis Augsburg erkunden und besondere Kunstwerke im \u00f6ffentlichen Raum entdecken. Zwei dieser Kunstwerke werden pro Ausgabe gezeigt. Gesucht wird dann jeweils der Ort, an dem sich das abgebildete Kunstwerk befindet.\n  <\/p>\n<p>            Mitmachen und gewinnen: So funktioniert\u2018s<\/p>\n<p class=\"mb-6 text-xs-varying md:text-m lg:text-l font-serif group-[.font-sans]:font-sans \">\n    Um am gro\u00dfen Sommerr\u00e4tsel mitzumachen, sind mindestens zehn richtige Antworten n\u00f6tig. Achtung: Bitte die L\u00f6sungen gesammelt am besten per Mail an <strong class=\"font-bold\">redaktion.landbote@augsburger-allgemeine.de <\/strong>oder<strong class=\"font-bold\"> redaktion@schwabmuenchner-allgemeine.de<\/strong> schicken. Eine Teilnahme ist auch per Post (bitte an Schwabm\u00fcnchner Allgemeine, Kaufbeurer Stra\u00dfe 3, 86830 Schwabm\u00fcnchen oder Augsburger Landbote, Bahnhofstra\u00dfe 8, 86368 Gersthofen) m\u00f6glich. Unter allen Teilnehmern mit mindestens zehn richtigen L\u00f6sungen werden nach den Sommerferien Buchpreise verlost.\n  <\/p>\n","protected":false},"excerpt":{"rendered":"Icon vergr\u00f6\u00dfern R\u00e4tsel 12: Kunst am Boden des Brunnens: Wo findet sich das farbenfrohe Mosaik? Foto: Maximilian Czysz&hellip;\n","protected":false},"author":2,"featured_media":1219217,"comment_status":"","ping_status":"","sticky":false,"template":"","format":"standard","meta":{"footnotes":"","_share_on_mastodon":"0"},"categories":[1846],"tags":[680,13299,772,3364,29,548,663,3934,8081,30,60334,12530,13,137026,250447,145577,14,15,12,129217,11838,250446],"class_list":["post-1219216","post","type-post","status-publish","format-standard","has-post-thumbnail","category-augsburg","tag-augsburg","tag-bahnhofstrasse","tag-bayern","tag-de","tag-deutschland","tag-eu","tag-europa","tag-europe","tag-geheimtipp","tag-germany","tag-gersthofen","tag-graffiti","tag-headlines","tag-landkreis-augsburg","tag-marcus-merk","tag-maximilian-czysz","tag-nachrichten","tag-news","tag-schlagzeilen","tag-schwabmuenchen","tag-skulptur","tag-sommerraetsel"],"share_on_mastodon":{"url":"https:\/\/pubeurope.com\/@de\/117048121444131706","error":""},"_links":{"self":[{"href":"https:\/\/www.europesays.com\/de\/wp-json\/wp\/v2\/posts\/1219216","targetHints":{"allow":["GET"]}}],"collection":[{"href":"https:\/\/www.europesays.com\/de\/wp-json\/wp\/v2\/posts"}],"about":[{"href":"https:\/\/www.europesays.com\/de\/wp-json\/wp\/v2\/types\/post"}],"author":[{"embeddable":true,"href":"https:\/\/www.europesays.com\/de\/wp-json\/wp\/v2\/users\/2"}],"replies":[{"embeddable":true,"href":"https:\/\/www.europesays.com\/de\/wp-json\/wp\/v2\/comments?post=1219216"}],"version-history":[{"count":0,"href":"https:\/\/www.europesays.com\/de\/wp-json\/wp\/v2\/posts\/1219216\/revisions"}],"wp:featuredmedia":[{"embeddable":true,"href":"https:\/\/www.europesays.com\/de\/wp-json\/wp\/v2\/media\/1219217"}],"wp:attachment":[{"href":"https:\/\/www.europesays.com\/de\/wp-json\/wp\/v2\/media?parent=1219216"}],"wp:term":[{"taxonomy":"category","embeddable":true,"href":"https:\/\/www.europesays.com\/de\/wp-json\/wp\/v2\/categories?post=1219216"},{"taxonomy":"post_tag","embeddable":true,"href":"https:\/\/www.europesays.com\/de\/wp-json\/wp\/v2\/tags?post=1219216"}],"curies":[{"name":"wp","href":"https:\/\/api.w.org\/{rel}","templated":true}]}}