{"id":1219261,"date":"2026-08-06T11:01:17","date_gmt":"2026-08-06T11:01:17","guid":{"rendered":"https:\/\/www.europesays.com\/de\/1219261\/"},"modified":"2026-08-06T11:01:17","modified_gmt":"2026-08-06T11:01:17","slug":"folge-der-wirtschaftsflaute-uebernahmequote-bei-azubis-sinkt","status":"publish","type":"post","link":"https:\/\/www.europesays.com\/de\/1219261\/","title":{"rendered":"Folge der Wirtschaftsflaute: \u00dcbernahmequote bei Azubis sinkt"},"content":{"rendered":"<p><a href=\"https:\/\/www.onetz.de\/f\/ic\/ga-large\/articlemedia\/2026\/08\/06\/f4de904c-5cca-4290-8d32-b47ed730b784.jpg\" class=\"ps-item\" data-psg=\"https:\/\/www.onetz.de\/deutschland-welt\/nuernberg\/1\" data-size=\"960x640\" data-caption=\"&lt;div&gt;Bild: Thomas Frey\/dpa&lt;\/div&gt;Die \u00dcbernahmequote junger Leute nach einer Berufsausbildung ist zuletzt kleiner geworden (Archivbild).\" rel=\"nofollow noopener\" target=\"_blank\"><img loading=\"lazy\" decoding=\"async\" src=\"https:\/\/www.europesays.com\/de\/wp-content\/uploads\/2026\/08\/f4de904c-5cca-4290-8d32-b47ed730b784.jpg\" alt=\"Die \u00dcbernahmequote junger Leute nach einer Berufsausbildung ist zuletzt kleiner geworden (Archivbild). Bild: Thomas Frey\/dpa\" title=\"\" width=\"805\" height=\"453\" class=\"img-responsive\"\/><\/a><\/p>\n<p>Die \u00dcbernahmequote junger Leute nach einer Berufsausbildung ist zuletzt kleiner geworden (Archivbild).<\/p>\n<p>Bild: Thomas Frey\/dpa<\/p>\n<p>Angesichts jahrelanger Konjunkturflaute ist die \u00dcbernahmequote von Lehrlingen nach der Ausbildung in Betrieben gesunken. 2025 seien nur noch 75 Prozent aller Auszubildenden nach erfolgreicher Berufsausbildung \u00fcbernommen worden, teilte das Institut f\u00fcr Arbeitsmarkt- und Berufsforschung (IAB) in N\u00fcrnberg mit. Ein Jahr vorher gab es mit 79 Prozent noch ein Rekordhoch.\u00a0<\/p>\n<p>Immer noch auf hohem Niveau bewegt sich dagegen die Zahl unbesetzter Ausbildungspl\u00e4tze. Mit 30 Prozent liegt die Quote zwar niedriger als in den Vorjahren, aber weiter vergleichsweise hoch. \u201eDie Lage ist paradox: Trotz einer steigenden Zahl an Jugendlichen ohne Ausbildungsplatz ist damit zu rechnen, dass die Nichtbesetzungsquote von Ausbildungsstellen weiter hoch bleiben wird\u201c, sagte IAB-Forscherin Barbara Schwengler.<\/p>\n<p>Angebot und Nachfrage passen nicht immer <\/p>\n<p>Die Arbeitsmarktexperten machen seit l\u00e4ngerer Zeit zwei Probleme verantwortlich: Die Bewerber sind entweder nicht qualifiziert genug oder wohnen am falschen Ort. \u201eUm einen weiteren Einbruch am Ausbildungsmarkt zu vermeiden, m\u00fcssten Jugendliche und Betriebe besser zusammengebracht werden\u201c, erkl\u00e4rte IAB-Direktor Bernd Fitzenberger.<\/p>\n<p>Die besten \u00dcbernahmechancen h\u00e4tten derzeit Auszubildende in den Bereichen Bergbau, Energie- und Wasserversorgung, in der Abfallbehandlung, im Finanz- und Versicherungswesen und in der \u00f6ffentlichen Verwaltung: 2025 wurden in diesen Branchen rund 90 Prozent der Auszubildenden weiter besch\u00e4ftigt. Die Industrie liegt mit 77 Prozent \u00fcber dem Schnitt &#8211; obwohl die \u00dcbernahmequote binnen eines Jahres um f\u00fcnf Punkte sank. Eine besonders schlechte Quote weist etwa die Landwirtschaft auf, mit nur 44 Prozent.<\/p>\n<p>Nach aktuellen Zahlen der Bundesagentur f\u00fcr Arbeit haben sich im laufenden Ausbildungsjahr bei Arbeitsagenturen und Jobcentern 418.000 Bewerberinnen und Bewerber f\u00fcr eine Lehrstelle gemeldet, ein Plus von 4.000 zum Juli 2025. 126.000 haben bis Juli mitgeteilt, dass sie mit ihrer Suche erfolgreich waren. Die BA-Statistik weist auf der anderen Seite 437.000 gemeldete Lehrstellen aus, 35.000 weniger als im Juli 2025.<\/p>\n<p>\u00a9 dpa-infocom, dpa:260806-930-492175\/1<\/p>\n","protected":false},"excerpt":{"rendered":"Die \u00dcbernahmequote junger Leute nach einer Berufsausbildung ist zuletzt kleiner geworden (Archivbild). Bild: Thomas Frey\/dpa Angesichts jahrelanger Konjunkturflaute&hellip;\n","protected":false},"author":2,"featured_media":1219262,"comment_status":"","ping_status":"","sticky":false,"template":"","format":"standard","meta":{"footnotes":"","_share_on_mastodon":"0"},"categories":[1837],"tags":[620,3886,772,3364,29,7488,30,3783,7489,55],"class_list":["post-1219261","post","type-post","status-publish","format-standard","has-post-thumbnail","category-nuernberg","tag-arbeitsmarkt","tag-ausbildung","tag-bayern","tag-de","tag-deutschland","tag-dpa","tag-germany","tag-nuernberg","tag-region-bayern","tag-wirtschaft"],"share_on_mastodon":{"url":"https:\/\/pubeurope.com\/@de\/117048225803529867","error":""},"_links":{"self":[{"href":"https:\/\/www.europesays.com\/de\/wp-json\/wp\/v2\/posts\/1219261","targetHints":{"allow":["GET"]}}],"collection":[{"href":"https:\/\/www.europesays.com\/de\/wp-json\/wp\/v2\/posts"}],"about":[{"href":"https:\/\/www.europesays.com\/de\/wp-json\/wp\/v2\/types\/post"}],"author":[{"embeddable":true,"href":"https:\/\/www.europesays.com\/de\/wp-json\/wp\/v2\/users\/2"}],"replies":[{"embeddable":true,"href":"https:\/\/www.europesays.com\/de\/wp-json\/wp\/v2\/comments?post=1219261"}],"version-history":[{"count":0,"href":"https:\/\/www.europesays.com\/de\/wp-json\/wp\/v2\/posts\/1219261\/revisions"}],"wp:featuredmedia":[{"embeddable":true,"href":"https:\/\/www.europesays.com\/de\/wp-json\/wp\/v2\/media\/1219262"}],"wp:attachment":[{"href":"https:\/\/www.europesays.com\/de\/wp-json\/wp\/v2\/media?parent=1219261"}],"wp:term":[{"taxonomy":"category","embeddable":true,"href":"https:\/\/www.europesays.com\/de\/wp-json\/wp\/v2\/categories?post=1219261"},{"taxonomy":"post_tag","embeddable":true,"href":"https:\/\/www.europesays.com\/de\/wp-json\/wp\/v2\/tags?post=1219261"}],"curies":[{"name":"wp","href":"https:\/\/api.w.org\/{rel}","templated":true}]}}