{"id":1219484,"date":"2026-08-06T13:07:20","date_gmt":"2026-08-06T13:07:20","guid":{"rendered":"https:\/\/www.europesays.com\/de\/1219484\/"},"modified":"2026-08-06T13:07:20","modified_gmt":"2026-08-06T13:07:20","slug":"influencerin-anna-adamyan-erzaehlt-ueber-die-not-op-ihres-sohnes-unterhaltung","status":"publish","type":"post","link":"https:\/\/www.europesays.com\/de\/1219484\/","title":{"rendered":"Influencerin Anna Adamyan erz\u00e4hlt \u00fcber die Not-OP ihres Sohnes | Unterhaltung"},"content":{"rendered":"<p><a class=\"skip-content skip-content--link\" href=\"#in-content-skip-link-target-v-0-0\">TTS-Player \u00fcberspringen\u21b5<\/a><a id=\"in-content-skip-link-target-v-0-0\" class=\"skip-content--target-link-hidden skip-content skip-content--target-link\" href=\"#in-content-skip-link-target-v-0-0\">Artikel weiterlesen<\/a><\/p>\n<p data-32581ace=\"0-2105\">K\u00f6ln \u2013 <b>Es waren Stunden voller Angst. Knapp zwei Wochen nach der Fr\u00fchgeburt ihres zweiten Sohnes spricht Influencerin und Ex-\u201eGermany\u2019s Next Topmodel\u201c-Kandidatin Anna Adamyan (30) \u00fcber die dramatische Nacht der Geburt. Pl\u00f6tzlich wachte sie mit starken Blutungen auf und ihr Baby musste per Not-OP auf die Welt geholt werden.<\/b><\/p>\n<p data-32581ace=\"0-2105\">Wenige Stunden vor der Geburt ahnte Anna Adamyan noch nichts. \u201eH\u00e4tte mich am 23.7. abends jemand gefragt, ob ich glaube, dass der Kleine ein paar Stunden sp\u00e4ter auf die Welt geholt werden muss, h\u00e4tte ich wohl eher lachend \u201aNein\u2018 gesagt\u201c, schreibt das Ex-Model in einem Instagram-Post.<\/p>\n<p data-32581ace=\"0-2105\">Doch dann \u00e4nderte sich alles. \u201eUm 01:30 bin ich mit einer sehr starken, frischen Blutung aufgewacht und es ging mit dem RTW los\u201c, schreibt Adamyan. F\u00fcr die Kliniktasche blieb keine Zeit, \u201ealso ging es mit quasi nichts los\u201c. Ehemann und Fu\u00dfball-Profi Sargis Adamyan (33) organisierte zun\u00e4chst eine Betreuung f\u00fcr den gemeinsamen Sohn Levi (2), bevor er ihr ins Krankenhaus folgte.<\/p>\n<p><img decoding=\"async\" width=\"992\" height=\"1178\" alt=\"Anna Adamyan k\u00e4mpft mit den Tr\u00e4nen. In den Kommentaren erh\u00e4lt die Influencerin viel Zuspruch. \u201eDr\u00fcck dich einfach nur und sage dir: Du bist ganz wunderbar\u201c, schreibt eine Followerin\" loading=\"lazy\" src=\"https:\/\/www.europesays.com\/de\/wp-content\/uploads\/2026\/08\/ca42a305d13684dcd6cb5b47757e7948,6e868ec9.jpeg\"   class=\"portrait\"\/><\/p>\n<p class=\"fig__caption__text\">Anna Adamyan k\u00e4mpft mit den Tr\u00e4nen. In den Kommentaren erh\u00e4lt die Influencerin viel Zuspruch. \u201eDr\u00fcck dich einfach nur und sage dir: Du bist ganz wunderbar\u201c, schreibt eine Followerin<\/p>\n<p>Foto: annaadamyan\/Instagram<\/p>\n<p>Im Krankenhaus folgte die Schocknachricht<\/p>\n<p data-32581ace=\"0-2105\">Wegen der starken Blutung und einsetzender Wehen m\u00fcsse das Baby \u201esehr wahrscheinlich geholt werden\u201c. Zun\u00e4chst sei es ihrem ungeborenen Sohn noch gut gegangen. Dann l\u00f6ste sich jedoch die Plazenta. Die \u00c4rzte entschieden sich deshalb, den Jungen bereits bei 34\u00a0+\u00a03\u00a0Schwangerschaftswochen, knapp sechs Wochen zu fr\u00fch, per Not-OP zu holen.<\/p>\n<p data-32581ace=\"0-2105\"><a href=\"https:\/\/www.bild.de\/unterhaltung\/stars-und-leute\/anna-adamyans-baby-kam-viel-zu-frueh-zur-welt-6a6647efe4e0a5362b8fc96a\" class=\"text-link\" rel=\"nofollow noopener\" target=\"_blank\">Nach der Geburt<\/a> durfte der Kleine zun\u00e4chst nicht mit nach Hause. Er brauche noch etwas \u201eSuperkraft\u201c, erkl\u00e4rten Anna und Sargis ihrem zweij\u00e4hrigen Sohn Levi.<\/p>\n<p><img decoding=\"async\" width=\"992\" height=\"1178\" alt=\"Trotz aller Sorgen nahmen sich Anna und Sargis Adamyan (33) noch einen Moment f\u00fcr ein letztes gemeinsames Foto mit Babybauch. \u201eVersucht zu l\u00e4cheln, obwohl uns nicht nach L\u00e4cheln war\u201c, schreibt sie\" loading=\"lazy\" src=\"https:\/\/www.europesays.com\/de\/wp-content\/uploads\/2026\/08\/98c3797368c57c24ad1511f8076a5350,8118290f.jpeg\"   class=\"portrait\"\/><\/p>\n<p class=\"fig__caption__text\">Trotz aller Sorgen nahmen sich Anna und Sargis Adamyan (33) noch einen Moment f\u00fcr ein letztes gemeinsames Foto mit Babybauch. \u201eVersucht zu l\u00e4cheln, obwohl uns nicht nach L\u00e4cheln war\u201c, schreibt sie<\/p>\n<p>Foto: annaadamyan\/Instagram<\/p>\n<p data-32581ace=\"0-2105\">F\u00fcr die Familie ist das Baby ein besonderes Wunder. Adamyan leidet an <a href=\"https:\/\/www.bild.de\/leben-wissen\/anna-adamyan-es-braucht-staerke-bei-endometriose-und-kinderwunsch-6729e8cb70f8bb7b2be9fdb7\" class=\"text-link\" rel=\"nofollow noopener\" target=\"_blank\">Endometriose<\/a> und Adenomyose und sprach in der Vergangenheit offen \u00fcber ihren langen Kinderwunsch, Fehlgeburten und k\u00fcnstliche Befruchtungen. Umso gr\u00f6\u00dfer war die \u00dcberraschung, als sie dieses Mal auf nat\u00fcrlichem Weg schwanger wurde.<\/p>\n<p>Mehr zum Thema<\/p>\n<p data-32581ace=\"0-2105\">Mit ihrem Beitrag m\u00f6chte die Influencerin vor allem andere Schwangere sensibilisieren. \u201eM\u00f6chte hier niemandem Angst machen. Ich teile bewusst auch nicht alles, dennoch m\u00f6chte ich mit meinem Verlauf den Reminder setzen, bei Blutungen nicht zu z\u00f6gern\u201c, appelliert sie. <\/p>\n","protected":false},"excerpt":{"rendered":"TTS-Player \u00fcberspringen\u21b5Artikel weiterlesen K\u00f6ln \u2013 Es waren Stunden voller Angst. Knapp zwei Wochen nach der Fr\u00fchgeburt ihres zweiten&hellip;\n","protected":false},"author":2,"featured_media":1219485,"comment_status":"","ping_status":"","sticky":false,"template":"","format":"standard","meta":{"footnotes":"","_share_on_mastodon":"0"},"categories":[155],"tags":[29,214,41549,30,11270,153,8858,834,138370,215],"class_list":["post-1219484","post","type-post","status-publish","format-standard","has-post-thumbnail","category-unterhaltung","tag-deutschland","tag-entertainment","tag-fehlgeburt","tag-germany","tag-germanys-next-topmodel","tag-influencer","tag-kinderwunsch","tag-schwangerschaft","tag-team-first","tag-unterhaltung"],"share_on_mastodon":{"url":"https:\/\/pubeurope.com\/@de\/117048723498623811","error":""},"_links":{"self":[{"href":"https:\/\/www.europesays.com\/de\/wp-json\/wp\/v2\/posts\/1219484","targetHints":{"allow":["GET"]}}],"collection":[{"href":"https:\/\/www.europesays.com\/de\/wp-json\/wp\/v2\/posts"}],"about":[{"href":"https:\/\/www.europesays.com\/de\/wp-json\/wp\/v2\/types\/post"}],"author":[{"embeddable":true,"href":"https:\/\/www.europesays.com\/de\/wp-json\/wp\/v2\/users\/2"}],"replies":[{"embeddable":true,"href":"https:\/\/www.europesays.com\/de\/wp-json\/wp\/v2\/comments?post=1219484"}],"version-history":[{"count":0,"href":"https:\/\/www.europesays.com\/de\/wp-json\/wp\/v2\/posts\/1219484\/revisions"}],"wp:featuredmedia":[{"embeddable":true,"href":"https:\/\/www.europesays.com\/de\/wp-json\/wp\/v2\/media\/1219485"}],"wp:attachment":[{"href":"https:\/\/www.europesays.com\/de\/wp-json\/wp\/v2\/media?parent=1219484"}],"wp:term":[{"taxonomy":"category","embeddable":true,"href":"https:\/\/www.europesays.com\/de\/wp-json\/wp\/v2\/categories?post=1219484"},{"taxonomy":"post_tag","embeddable":true,"href":"https:\/\/www.europesays.com\/de\/wp-json\/wp\/v2\/tags?post=1219484"}],"curies":[{"name":"wp","href":"https:\/\/api.w.org\/{rel}","templated":true}]}}