{"id":1219517,"date":"2026-08-06T13:25:16","date_gmt":"2026-08-06T13:25:16","guid":{"rendered":"https:\/\/www.europesays.com\/de\/1219517\/"},"modified":"2026-08-06T13:25:16","modified_gmt":"2026-08-06T13:25:16","slug":"klimaschutzwoche-in-ascheberg-dorftroedel-in-allen-drei-ortsteilen","status":"publish","type":"post","link":"https:\/\/www.europesays.com\/de\/1219517\/","title":{"rendered":"Klimaschutzwoche in Ascheberg: Dorftr\u00f6del in allen drei Ortsteilen"},"content":{"rendered":"<p>\t\tKlimaschutzwoche in Ascheberg<br \/>\n\t\t\t\t\tDorftr\u00f6del in allen drei Ortsteilen<\/p>\n<p>    <a href=\"https:\/\/www.ruhrnachrichten.de\/wp-content\/uploads\/2026\/08\/06\/10\/630_0900_6634866_-1648x824.jpg\" rel=\"nofollow noopener\" target=\"_blank\"><\/p>\n<p>            <img loading=\"lazy\" decoding=\"async\" src=\"https:\/\/www.europesays.com\/de\/wp-content\/uploads\/2026\/08\/630_0900_6634865_-640x428.jpg\" width=\"640\" height=\"428\"  alt=\"Beim Dorftr\u00f6del in Herbern sitzen zwei Kinder hinter einem kleinen Verkaufsstand mit Spielsachen und Dekoration vor einem Hauseingang. Ein rosafarbener Sonnenschirm spendet Schatten, daneben stehen Pflanzen und Kisten mit Flohmarktartikeln.\"\/><\/p>\n<p>    <\/a><br \/>\n    Im September findet der n\u00e4chste Dorftr\u00f6del in Ascheberg, Herbern und Davensberg statt (Archivbild). \u00a9 Thomas Peek<\/p>\n<p class=\"article__teaser-text\">Flohmarkt in Ascheberg, Davensberg und Herbern: Am 13. September k\u00f6nnen Privatpersonen ihre gebrauchten Sch\u00e4tze auf eigenen Grundst\u00fccken verkaufen.<\/p>\n<p>1 Min Lesezeit<\/p>\n<p>Im Rahmen der Klimaschutzwoche veranstaltet die B\u00fcrgerinitiative \u201eNachhaltiges DAH\u201c am 13. September (Sonntag) erneut den gemeindeweiten Dorftr\u00f6del. Von 10 bis 16 Uhr verwandeln sich Ascheberg, Davensberg und <a target=\"_blank\" href=\"https:\/\/ruhrnachrichten.de\/herbern\/\" rel=\"nofollow noopener\">Herbern<\/a> in einen gro\u00dfen Flohmarkt, bei dem Privatpersonen auf ihren eigenen Grundst\u00fccken gebrauchte Sch\u00e4tze anbieten k\u00f6nnen.<\/p>\n<p>Zentrale St\u00e4nde m\u00f6glich<\/p>\n<p>Wer kein geeignetes Grundst\u00fcck besitzt, au\u00dferhalb der Ortskerne wohnt oder einen zentralen Standort bevorzugt, kann kostenfrei einen drei Meter langen Stand auf einer der Verkaufsfl\u00e4chen am Katharinenplatz in Ascheberg, Am Burgturm in Davensberg oder auf der Amtswiese (Talstra\u00dfe) in Herbern nutzen. Die Zahl der Pl\u00e4tze ist begrenzt. Vorrang haben Anmeldungen von Teilnehmenden ohne eigenes Grundst\u00fcck oder aus den Au\u00dfenbereichen. Bei Bedarf wird eine Warteliste eingerichtet.<\/p>\n<p>Die Anmeldung ist bis zum 7. September \u00fcber <a target=\"_blank\" href=\"https:\/\/nachhaltiges-dah.de\/dorftroedel-2026\" rel=\"nofollow noopener\">nachhaltiges-dah.de\/dorftroedel-2026<\/a> m\u00f6glich. Alle angemeldeten St\u00e4nde werden in einer digitalen Karte erfasst, damit Besucherinnen und Besucher sie leichter finden k\u00f6nnen. Die Vergabe der Standpl\u00e4tze erfolgt nach dem Windhundprinzip. Der Dorftr\u00f6del richtet sich ausschlie\u00dflich an Privatpersonen. Gewerbliche Verk\u00e4ufer sowie der Verkauf illegaler Waren sind ausgeschlossen. <\/p>\n","protected":false},"excerpt":{"rendered":"Klimaschutzwoche in Ascheberg Dorftr\u00f6del in allen drei Ortsteilen Im September findet der n\u00e4chste Dorftr\u00f6del in Ascheberg, Herbern und&hellip;\n","protected":false},"author":2,"featured_media":1219518,"comment_status":"","ping_status":"","sticky":false,"template":"","format":"standard","meta":{"footnotes":"","_share_on_mastodon":"0"},"categories":[1843],"tags":[3364,29,4289,8513,30,8970,1209],"class_list":["post-1219517","post","type-post","status-publish","format-standard","has-post-thumbnail","category-muenster","tag-de","tag-deutschland","tag-einkaufen","tag-flohmarkt","tag-germany","tag-muenster","tag-nordrhein-westfalen"],"share_on_mastodon":{"url":"https:\/\/pubeurope.com\/@de\/117048793079690014","error":""},"_links":{"self":[{"href":"https:\/\/www.europesays.com\/de\/wp-json\/wp\/v2\/posts\/1219517","targetHints":{"allow":["GET"]}}],"collection":[{"href":"https:\/\/www.europesays.com\/de\/wp-json\/wp\/v2\/posts"}],"about":[{"href":"https:\/\/www.europesays.com\/de\/wp-json\/wp\/v2\/types\/post"}],"author":[{"embeddable":true,"href":"https:\/\/www.europesays.com\/de\/wp-json\/wp\/v2\/users\/2"}],"replies":[{"embeddable":true,"href":"https:\/\/www.europesays.com\/de\/wp-json\/wp\/v2\/comments?post=1219517"}],"version-history":[{"count":0,"href":"https:\/\/www.europesays.com\/de\/wp-json\/wp\/v2\/posts\/1219517\/revisions"}],"wp:featuredmedia":[{"embeddable":true,"href":"https:\/\/www.europesays.com\/de\/wp-json\/wp\/v2\/media\/1219518"}],"wp:attachment":[{"href":"https:\/\/www.europesays.com\/de\/wp-json\/wp\/v2\/media?parent=1219517"}],"wp:term":[{"taxonomy":"category","embeddable":true,"href":"https:\/\/www.europesays.com\/de\/wp-json\/wp\/v2\/categories?post=1219517"},{"taxonomy":"post_tag","embeddable":true,"href":"https:\/\/www.europesays.com\/de\/wp-json\/wp\/v2\/tags?post=1219517"}],"curies":[{"name":"wp","href":"https:\/\/api.w.org\/{rel}","templated":true}]}}