{"id":1219558,"date":"2026-08-06T13:51:19","date_gmt":"2026-08-06T13:51:19","guid":{"rendered":"https:\/\/www.europesays.com\/de\/1219558\/"},"modified":"2026-08-06T13:51:19","modified_gmt":"2026-08-06T13:51:19","slug":"fraenkische-group-wird-partner-des-1-fc-nuernberg","status":"publish","type":"post","link":"https:\/\/www.europesays.com\/de\/1219558\/","title":{"rendered":"Fr\u00e4nkische Group wird Partner des 1. FC N\u00fcrnberg"},"content":{"rendered":"<p>Die <a href=\"https:\/\/i-magazin.com\/frank-schneider-wird-ceo-bei-fraenkische\/\" target=\"_blank\" rel=\"noopener nofollow\">Fr\u00e4nkische Group<\/a> wird zur Fu\u00dfballsaison 2026\/27 neuer Premiumpartner des 1. FC N\u00fcrnberg. Die international t\u00e4tige Unternehmensgruppe mit Sitz in K\u00f6nigsberg in Bayern will die Partnerschaft nach eigenen Angaben nutzen, um ihre regionale Pr\u00e4senz in Franken zu st\u00e4rken und den Austausch mit Kundinnen, Kunden, Partnern sowie potenziellen Mitarbeitenden auszubauen.<\/p>\n<p>Sichtbar werden soll das Engagement sowohl \u00fcber die Fr\u00e4nkische Group als auch \u00fcber die Tochtergesellschaft Fr\u00e4nkische. Angaben zum finanziellen Umfang der Partnerschaft oder zu einer m\u00f6glichen Laufzeit \u00fcber die Saison 2026\/27 hinaus wurden in der Mitteilung nicht genannt.<\/p>\n<p>Fokus auf Region, Nachwuchs und Arbeitgebermarke<\/p>\n<p>Die Kooperation f\u00e4llt in das Jahr des 120-j\u00e4hrigen Bestehens der Fr\u00e4nkische Group. Das Familienunternehmen positioniert die Partnerschaft als Teil seiner strategischen Weiterentwicklung. Neben klassischer Markenpr\u00e4senz stehen laut Unternehmen vor allem Kundendialog, Partnerkontakte und die Ansprache k\u00fcnftiger Talente im Vordergrund.<\/p>\n<p>Ein Schwerpunkt liegt auf der Nachwuchsf\u00f6rderung. Der 1. FC N\u00fcrnberg verweist in der Mitteilung auf das Engagement im m\u00e4nnlichen U12- und U13-Bereich sowie bei weiblichen Jugendmannschaften in den Altersklassen U16, U17 und U19. Dar\u00fcber hinaus sind f\u00fcr Mitarbeitende der Fr\u00e4nkische Group exklusive Angebote und gemeinsame Erlebnisse rund um den Verein geplant.<\/p>\n<p>Unternehmen sieht Partnerschaft als regionales Signal<\/p>\n<p>Julius Kirchner, gesch\u00e4ftsf\u00fchrender Gesellschafter und CEO der Fr\u00e4nkische Group, begr\u00fcndet die Zusammenarbeit mit der verbindenden Wirkung des Fu\u00dfballs: \u201eFu\u00dfball verbindet Menschen \u2013 \u00fcber Generationen, Lebensbereiche und gesellschaftliche Grenzen hinweg. Genau deshalb ist der 1. FC N\u00fcrnberg f\u00fcr uns der richtige Partner, um noch mehr Menschen f\u00fcr unser Unternehmen zu begeistern und unsere Werte sichtbar zu machen.\u201c<\/p>\n<p>Auch der Verein stellt den regionalen Bezug in den Vordergrund. Dr. J\u00f6rg Burkhardt, Gesch\u00e4ftsf\u00fchrer des 1. FC N\u00fcrnberg, bezeichnet die Fr\u00e4nkische Group als Partner, der f\u00fcr \u201eregionale Verwurzelung und internationale Innovationskraft\u201c stehe.<\/p>\n<p>Fr\u00e4nkische Group mit 5.000 Mitarbeitenden<\/p>\n<p>Die Fr\u00e4nkische Group SE ist ein familiengef\u00fchrtes Unternehmen in vierter Generation. Zur Gruppe z\u00e4hlen unter anderem die Fr\u00e4nkische Rohrwerke Gebr. Kirchner GmbH &amp; Co. KG, die Fr\u00e4nkische Group Management GmbH &amp; Co. KG sowie die Fr\u00e4nkische Industrial Pipes GmbH &amp; Co. KG und deren Tochtergesellschaften.<\/p>\n<p>Nach Unternehmensangaben besch\u00e4ftigt die Gruppe rund 5.000 Mitarbeitende an 16 Standorten. Im abgelaufenen Gesch\u00e4ftsjahr erzielte sie einen Umsatz von 675 Millionen Euro.<\/p>\n<p>Weitere Informationen auf: <a href=\"https:\/\/www.fraenkische-group.com\/de-DE\/\" target=\"_blank\" rel=\"noopener nofollow\">www.fraenkische-group.com<\/a><\/p>\n<p>Quelle: Fr\u00e4nkische Group<\/p>\n","protected":false},"excerpt":{"rendered":"Die Fr\u00e4nkische Group wird zur Fu\u00dfballsaison 2026\/27 neuer Premiumpartner des 1. FC N\u00fcrnberg. Die international t\u00e4tige Unternehmensgruppe mit&hellip;\n","protected":false},"author":2,"featured_media":1219559,"comment_status":"","ping_status":"","sticky":false,"template":"","format":"standard","meta":{"footnotes":"","_share_on_mastodon":"0"},"categories":[1837],"tags":[772,3364,29,82567,30,54,15,3783,5272,173],"class_list":["post-1219558","post","type-post","status-publish","format-standard","has-post-thumbnail","category-nuernberg","tag-bayern","tag-de","tag-deutschland","tag-fraenkische","tag-germany","tag-industrie","tag-news","tag-nuernberg","tag-partnerschaft","tag-unternehmen"],"share_on_mastodon":{"url":"https:\/\/pubeurope.com\/@de\/117048894205023249","error":""},"_links":{"self":[{"href":"https:\/\/www.europesays.com\/de\/wp-json\/wp\/v2\/posts\/1219558","targetHints":{"allow":["GET"]}}],"collection":[{"href":"https:\/\/www.europesays.com\/de\/wp-json\/wp\/v2\/posts"}],"about":[{"href":"https:\/\/www.europesays.com\/de\/wp-json\/wp\/v2\/types\/post"}],"author":[{"embeddable":true,"href":"https:\/\/www.europesays.com\/de\/wp-json\/wp\/v2\/users\/2"}],"replies":[{"embeddable":true,"href":"https:\/\/www.europesays.com\/de\/wp-json\/wp\/v2\/comments?post=1219558"}],"version-history":[{"count":0,"href":"https:\/\/www.europesays.com\/de\/wp-json\/wp\/v2\/posts\/1219558\/revisions"}],"wp:featuredmedia":[{"embeddable":true,"href":"https:\/\/www.europesays.com\/de\/wp-json\/wp\/v2\/media\/1219559"}],"wp:attachment":[{"href":"https:\/\/www.europesays.com\/de\/wp-json\/wp\/v2\/media?parent=1219558"}],"wp:term":[{"taxonomy":"category","embeddable":true,"href":"https:\/\/www.europesays.com\/de\/wp-json\/wp\/v2\/categories?post=1219558"},{"taxonomy":"post_tag","embeddable":true,"href":"https:\/\/www.europesays.com\/de\/wp-json\/wp\/v2\/tags?post=1219558"}],"curies":[{"name":"wp","href":"https:\/\/api.w.org\/{rel}","templated":true}]}}