{"id":1219783,"date":"2026-08-06T16:01:18","date_gmt":"2026-08-06T16:01:18","guid":{"rendered":"https:\/\/www.europesays.com\/de\/1219783\/"},"modified":"2026-08-06T16:01:18","modified_gmt":"2026-08-06T16:01:18","slug":"fast-alle-jobs-gerettet-deutscher-maschinenbauer-nach-insolvenz-aufgeteilt-news","status":"publish","type":"post","link":"https:\/\/www.europesays.com\/de\/1219783\/","title":{"rendered":"Fast alle Jobs gerettet: Deutscher Maschinenbauer nach Insolvenz aufgeteilt | News"},"content":{"rendered":"<p><a class=\"skip-content skip-content--link\" href=\"#in-content-skip-link-target-v-0-0\">TTS-Player \u00fcberspringen\u21b5<\/a><a id=\"in-content-skip-link-target-v-0-0\" class=\"skip-content--target-link-hidden skip-content skip-content--target-link\" href=\"#in-content-skip-link-target-v-0-0\">Artikel weiterlesen<\/a><\/p>\n<p data-bbd632a7=\"0-721\">Plaidt (Rheinland-Pfalz) \u2013 <b>Erst die Pleite, jetzt die Rettung in letzter Minute: F\u00fcr den traditionsreichen Maschinenbauer Antriebstechnik Saftig GmbH gibt es nach der Insolvenz doch noch eine Zukunft. Zwei Investoren \u00fcbernehmen gro\u00dfe Teile des Unternehmens.<\/b> <b>Und erhalten fast alle Jobs!<\/b><\/p>\n<p data-bbd632a7=\"0-721\">F\u00fcr immerhin 85 der zuvor rund 110 Besch\u00e4ftigten geht es bei Saftig weiter. Bereits im Mai hatte BILD \u00fcber <a href=\"https:\/\/www.bild.de\/regional\/rheinland-pfalz\/maschinenhersteller-nach-70-jahren-pleite-110-mitarbeiter-betroffen-6a08350a639442857fa21074\" class=\"text-link\" rel=\"nofollow noopener\" target=\"_blank\">die Probleme des 1955 gegr\u00fcndeten Familienunternehmens<\/a> berichtet. Damals k\u00e4mpfte der Maschinenbauer mit hohen Kosten und einer schwachen Auftragslage. Das Amtsgericht Mayen ordnete ein vorl\u00e4ufiges Insolvenzverfahren an. 110 Mitarbeiter an den Standorten Plaidt, Saffig und Kottenheim (<a href=\"https:\/\/www.bild.de\/regional\/rheinland-pfalz\/home-5FbjDIrjqQp3bVouLQ8k\" class=\"text-link\" rel=\"nofollow noopener\" target=\"_blank\">Rheinland-Pfalz<\/a>) bangten um ihre Zukunft.<\/p>\n<p><img decoding=\"async\" width=\"992\" height=\"1178\" alt=\"Hauptsitz der Demis GmbH in W\u00f6lfersheim\" loading=\"lazy\" src=\"https:\/\/www.europesays.com\/de\/wp-content\/uploads\/2026\/08\/e6d3d2f1b2bf4f13553c587934fd3c00,7cad0da0.jpeg\"   class=\"portrait\"\/><\/p>\n<p class=\"fig__caption__text\">Hauptsitz der Demis GmbH in W\u00f6lfersheim<\/p>\n<p>Foto: Demis GmbH<\/p>\n<p>Insolvenzverwalter fand zwei K\u00e4ufer<\/p>\n<p data-bbd632a7=\"722-1545\">Insolvenzverwalter Jens Lieser hat den Betrieb an zwei Investoren verkauft, die das <a href=\"https:\/\/www.bild.de\/themen\/organisationen\/unternehmen\/news-fotos-videos-5n9Nevv68FAFS89DJteg\" class=\"text-link\" rel=\"nofollow noopener\" target=\"_blank\">Unternehmen<\/a> nun aufteilen. Die Demis GmbH aus dem hessischen W\u00f6lfersheim \u00fcbernimmt am Standort Plaidt die Bereiche Elektromaschinenbau und Antriebstechnik, Elektrotechnik und Automatisierung. Die Sapek Metal Solutions GmbH f\u00fchrt die Blech- und Umformtechnologie sowie den Stahl- und Anlagenbau am Standort Kottenheim weiter.<\/p>\n<p><img decoding=\"async\" width=\"992\" height=\"558\" alt=\"Salpek ist spezialisiert auf den Stahl- und Anlagenbau\" loading=\"lazy\" src=\"https:\/\/www.europesays.com\/de\/wp-content\/uploads\/2026\/08\/807166883acdd82a88eb17042dea1daf,2019bcd.jpeg\"   class=\"landscape\"\/><\/p>\n<p class=\"fig__caption__text\">Aufk\u00e4ufer Sapek ist spezialisiert auf den Stahl- und Anlagenbau<\/p>\n<p>Foto: SAPEK<\/p>\n<p data-bbd632a7=\"722-1545\">Insgesamt werden 85 Besch\u00e4ftigte \u00fcbernommen. \u201eDamit bleibt ein Gro\u00dfteil der Arbeitspl\u00e4tze erhalten und die langj\u00e4hrige Kompetenz des Unternehmens wird fortgef\u00fchrt\u201c, sagt Insolvenzverwalter Jens Lieser auf Anfrage von BILD. Die neuen Eigent\u00fcmer sehen sogar Wachstumspotenzial. Sascha Dousa, Gesch\u00e4ftsf\u00fchrer der Demis GmbH: \u201eDie \u00fcbernommenen Gesch\u00e4ftsbereiche er\u00f6ffnen uns attraktive Entwicklungsm\u00f6glichkeiten.\u201c<\/p>\n<p data-bbd632a7=\"1546-2060\">Ganz ohne Verlierer endet die <a href=\"https:\/\/www.bild.de\/themen\/specials\/insolvenz\/finanzen-nachrichten-news-fotos-videos-21175522.bild.html\" class=\"text-link\" rel=\"nofollow noopener\" target=\"_blank\">Insolvenz<\/a> allerdings nicht: Den Standort Saffig wollte keiner. \u201eDer dortige Gesch\u00e4ftsbereich Maschinen und Anlagenbau war \u00fcber l\u00e4ngere Zeit defizit\u00e4r und hatte kaum noch Auftr\u00e4ge. Das wirkt sich auch bei der Investorensuche aus\u201c, so Insolvenzverwalter Lieser. Ein K\u00e4ufer h\u00e4tte \u201enoch frisches Kapital f\u00fcr den weiteren Gesch\u00e4ftsbetrieb des Standortes in Saffig investieren\u201c m\u00fcssen. Deshalb bekommen die rund 25 Besch\u00e4ftigten die <a href=\"https:\/\/www.bild.de\/themen\/specials\/kuendigung\/news-fotos-videos-17009960.bild.html\" class=\"text-link\" rel=\"nofollow noopener\" target=\"_blank\">K\u00fcndigung<\/a>. <\/p>\n","protected":false},"excerpt":{"rendered":"TTS-Player \u00fcberspringen\u21b5Artikel weiterlesen Plaidt (Rheinland-Pfalz) \u2013 Erst die Pleite, jetzt die Rettung in letzter Minute: F\u00fcr den traditionsreichen&hellip;\n","protected":false},"author":2,"featured_media":1219784,"comment_status":"","ping_status":"","sticky":false,"template":"","format":"standard","meta":{"footnotes":"","_share_on_mastodon":"0"},"categories":[134],"tags":[17401,175,170,169,29,30,1551,1942,2985,1026,171,174,946,1158,1371,1756,2288,185455,173,172,17591,8135],"class_list":["post-1219783","post","type-post","status-publish","format-standard","has-post-thumbnail","category-unternehmen-maerkte","tag-arbeitsplatz","tag-business","tag-companies","tag-companies-markets","tag-deutschland","tag-germany","tag-insolvenz","tag-job","tag-kosten","tag-kuendigung","tag-markets","tag-maerkte","tag-maschinenbau","tag-organisationen","tag-pleite","tag-rheinland-pfalz","tag-schroeder-dino","tag-seo-first","tag-unternehmen","tag-unternehmen-maerkte","tag-unternehmensformen","tag-wirtschaftskrise"],"share_on_mastodon":{"url":"","error":""},"_links":{"self":[{"href":"https:\/\/www.europesays.com\/de\/wp-json\/wp\/v2\/posts\/1219783","targetHints":{"allow":["GET"]}}],"collection":[{"href":"https:\/\/www.europesays.com\/de\/wp-json\/wp\/v2\/posts"}],"about":[{"href":"https:\/\/www.europesays.com\/de\/wp-json\/wp\/v2\/types\/post"}],"author":[{"embeddable":true,"href":"https:\/\/www.europesays.com\/de\/wp-json\/wp\/v2\/users\/2"}],"replies":[{"embeddable":true,"href":"https:\/\/www.europesays.com\/de\/wp-json\/wp\/v2\/comments?post=1219783"}],"version-history":[{"count":0,"href":"https:\/\/www.europesays.com\/de\/wp-json\/wp\/v2\/posts\/1219783\/revisions"}],"wp:featuredmedia":[{"embeddable":true,"href":"https:\/\/www.europesays.com\/de\/wp-json\/wp\/v2\/media\/1219784"}],"wp:attachment":[{"href":"https:\/\/www.europesays.com\/de\/wp-json\/wp\/v2\/media?parent=1219783"}],"wp:term":[{"taxonomy":"category","embeddable":true,"href":"https:\/\/www.europesays.com\/de\/wp-json\/wp\/v2\/categories?post=1219783"},{"taxonomy":"post_tag","embeddable":true,"href":"https:\/\/www.europesays.com\/de\/wp-json\/wp\/v2\/tags?post=1219783"}],"curies":[{"name":"wp","href":"https:\/\/api.w.org\/{rel}","templated":true}]}}