{"id":1219880,"date":"2026-08-06T17:01:14","date_gmt":"2026-08-06T17:01:14","guid":{"rendered":"https:\/\/www.europesays.com\/de\/1219880\/"},"modified":"2026-08-06T17:01:14","modified_gmt":"2026-08-06T17:01:14","slug":"vfb-stuttgart-teambuilding-auf-hoher-see-floss-nicht-untergehen-sport","status":"publish","type":"post","link":"https:\/\/www.europesays.com\/de\/1219880\/","title":{"rendered":"VfB Stuttgart: Teambuilding auf hoher See: Flo\u00df nicht untergehen! | Sport"},"content":{"rendered":"<p><a class=\"skip-content skip-content--link\" href=\"#in-content-skip-link-target-v-0-0\">TTS-Player \u00fcberspringen\u21b5<\/a><a id=\"in-content-skip-link-target-v-0-0\" class=\"skip-content--target-link-hidden skip-content skip-content--target-link\" href=\"#in-content-skip-link-target-v-0-0\">Artikel weiterlesen<\/a><\/p>\n<p data-21134c99=\"0-1616\">Grassau &#8211; <b>In der neuen Saison will der VfB Stuttgart wieder klar Kurs nehmen Richtung Erfolg. Daf\u00fcr braucht&#8217;s in der Bundesliga, dem DFB-Pokal und vor allem in der Champions League eine eingeschworene Mannschaft, die \u2013 im \u00fcbertragenen Sinn \u2013 auch St\u00fcrmen standhalten und bei hohem Wellengang bestehen kann. Beim Teambuilding im Trainingslager am Chiemsee war das Motto: Flo\u00df nicht untergehen&#8230;<\/b><\/p>\n<p data-21134c99=\"0-1616\">Am Strandbad \u00dcbersee traf sich der VfB-Tross am Donnerstag zu einer ungew\u00f6hnlichen Aktivit\u00e4t. Dabei zu sehen: Fu\u00dfballer beim Flo\u00dfbau. In kleinen Teams mussten die VfB-Stars Wasserfahrzeuge bauen, mit denen sie sp\u00e4ter in einem Rennen gegeneinander antraten. Ein Event, bei dem viel Kreativit\u00e4t, handwerkliches Geschick und viel Teamgeist gefordert waren.<\/p>\n<p>Mehr zum Thema<\/p>\n<p data-21134c99=\"0-1616\">Aus alten F\u00e4ssern, Baumst\u00e4mmen und Seilen wurden die Fl\u00f6\u00dfe gebaut. Stilecht mit Piraten-Flaggen stachen die Fu\u00dfball-Profis in See. Beim Wettrennen auf dem Wasser war die Laune pr\u00e4chtig, Lazar Jovanovic (19) rief lautstark \u201eHayde\u201c (deutsch: Auf geht\u2019s!). Mit schnellen Paddelschl\u00e4gen kam das serbische \u201eSpeedboot\u201c sogar zuerst im Ziel-Hafen an \u2013 wurde aber disqualifiziert. Grund: Einige VfB-Seeleute waren zuvor von Bord gegangen. Am Ende gewann das Boot von Kapit\u00e4n (!) Deniz Undav (29), das triumphierend alle Paddel in die H\u00f6he streckte.<\/p>\n<p>Abend mit den Fans<\/p>\n<p data-21134c99=\"0-1616\">Nach so viel Action war am Nachmittag Regeneration und Pflege im Teamhotel angesagt, bevor es f\u00fcr die Spieler zum Fan-Abend ging. Am Freitagvormittag findet die letzte Trainingseinheit am Chiemsee statt, bevor sich der <a href=\"https:\/\/www.bild.de\/sport\/fussball\/bredlow-im-bild-interview-gehe-davon-aus-dass-ich-im-tor-stehen-werde-6a73b769cc46967c04cb012f\" rel=\"nofollow noopener\" class=\"text-link\" target=\"_blank\">VfB<\/a>-Tross auf den Weg zur\u00fcck nach Stuttgart macht. Im Bus, nicht per Boot&#8230;<\/p>\n","protected":false},"excerpt":{"rendered":"TTS-Player \u00fcberspringen\u21b5Artikel weiterlesen Grassau &#8211; In der neuen Saison will der VfB Stuttgart wieder klar Kurs nehmen Richtung&hellip;\n","protected":false},"author":2,"featured_media":1219881,"comment_status":"","ping_status":"","sticky":false,"template":"","format":"standard","meta":{"footnotes":"","_share_on_mastodon":"0"},"categories":[1830],"tags":[1634,468,79593,3364,29,538,347,30,3861,1470,1441,2915,14882,14881],"class_list":["post-1219880","post","type-post","status-publish","format-standard","has-post-thumbnail","category-stuttgart","tag-baden-wuerttemberg","tag-champions-league","tag-chiemsee","tag-de","tag-deutschland","tag-erste-bundesliga","tag-fussball","tag-germany","tag-hoeness-sebastian","tag-sport-leuchtturm-muenchen","tag-stuttgart","tag-vfb-stuttgart","tag-wehrle-alexander","tag-wohlgemuth-fabian"],"share_on_mastodon":{"url":"https:\/\/pubeurope.com\/@de\/117049641694789904","error":""},"_links":{"self":[{"href":"https:\/\/www.europesays.com\/de\/wp-json\/wp\/v2\/posts\/1219880","targetHints":{"allow":["GET"]}}],"collection":[{"href":"https:\/\/www.europesays.com\/de\/wp-json\/wp\/v2\/posts"}],"about":[{"href":"https:\/\/www.europesays.com\/de\/wp-json\/wp\/v2\/types\/post"}],"author":[{"embeddable":true,"href":"https:\/\/www.europesays.com\/de\/wp-json\/wp\/v2\/users\/2"}],"replies":[{"embeddable":true,"href":"https:\/\/www.europesays.com\/de\/wp-json\/wp\/v2\/comments?post=1219880"}],"version-history":[{"count":0,"href":"https:\/\/www.europesays.com\/de\/wp-json\/wp\/v2\/posts\/1219880\/revisions"}],"wp:featuredmedia":[{"embeddable":true,"href":"https:\/\/www.europesays.com\/de\/wp-json\/wp\/v2\/media\/1219881"}],"wp:attachment":[{"href":"https:\/\/www.europesays.com\/de\/wp-json\/wp\/v2\/media?parent=1219880"}],"wp:term":[{"taxonomy":"category","embeddable":true,"href":"https:\/\/www.europesays.com\/de\/wp-json\/wp\/v2\/categories?post=1219880"},{"taxonomy":"post_tag","embeddable":true,"href":"https:\/\/www.europesays.com\/de\/wp-json\/wp\/v2\/tags?post=1219880"}],"curies":[{"name":"wp","href":"https:\/\/api.w.org\/{rel}","templated":true}]}}