{"id":1219935,"date":"2026-08-06T17:32:39","date_gmt":"2026-08-06T17:32:39","guid":{"rendered":"https:\/\/www.europesays.com\/de\/1219935\/"},"modified":"2026-08-06T17:32:39","modified_gmt":"2026-08-06T17:32:39","slug":"richard-vogel-und-united-touch-der-ueberflieger-mit-dem-xxl-galopp-sport","status":"publish","type":"post","link":"https:\/\/www.europesays.com\/de\/1219935\/","title":{"rendered":"Richard Vogel und United Touch: Der \u00dcberflieger mit dem XXL-Galopp &#8211; Sport"},"content":{"rendered":"<p data-manual=\"paragraph\" data-schema-org-speakable=\"true\" class=\"css-1vw426e\">\u201eSie meinen nicht mich, sie meinen mein Pferd\u201c, sagt Richard Vogel, wenn mal wieder ein Raunen durch die Zuschauerreihen geht, sobald er in ein Stadion galoppiert; wenn sich ihm bei der Ehrenrunde unz\u00e4hlige H\u00e4nde entgegenstrecken und wenn sich zu Hause in Pfungstadt die Besucher um die Box von United Touch dr\u00e4ngeln, f\u00fcr ein Selfie oder um einmal das bronzegl\u00e4nzende Fell des sch\u00f6nen Hengstes zu ber\u00fchren. Wer am 23. August in <a href=\"https:\/\/www.sueddeutsche.de\/thema\/Aachen\" rel=\"nofollow noopener\" target=\"_blank\">Aachen<\/a> Springreiter-Weltmeister wird, steht noch in den Sternen, von den Top Ten der Weltrangliste k\u00f6nnte jeder am richtigen Tag Champion werden. Aber weit vorn stehen der 29-j\u00e4hrige Richard Vogel, derzeit mit Abstand die Nummer eins in Deutschland und die Nummer zwei in der Welt, und sein 14-j\u00e4hriger Hengst United Touch.<\/p>\n<p data-manual=\"paragraph\" data-schema-org-speakable=\"true\" class=\"css-1eosz7k\">2025 wurden sie in A Coru\u00f1a souver\u00e4n Europameister, ohne einen einzigen Abwurf in f\u00fcnf Parcours. Im Juli setzten sie noch einen drauf und holten sich 950 000 Euro beim Gro\u00dfen Preis von Aachen, mit Aussicht auf eine weitere Million, sollte im September der Grand-Slam-Coup gelingen, drei Stationen nacheinander zu gewinnen. \u201eEr ist ein unglaublicher Reiter\u201c, sagt Bundestrainer Otto Becker, unglaublich auch f\u00fcr sein Alter, \u201ein vielen Bereichen sehr weit\u201c. W\u00e4hrend in manchen Sportarten f\u00fcr knapp 30-J\u00e4hrige die Karriere ausl\u00e4uft, nimmt sie bei Reitern oft erst Fahrt auf.<\/p>\n<p><a href=\"https:\/\/www.sueddeutsche.de\/sport\/monty-roberts-pferdefluesterer-tot-nachruf-li.3526312\" aria-label=\"Artikelverlinkung:\" data-track-szde=\"{&quot;event&quot;:&quot;teaser_clicked&quot;,&quot;teaser_clicked&quot;:{&quot;article_title&quot;:&quot;er_war_der_pferdefluesterer&quot;,&quot;doctype&quot;:&quot;&quot;,&quot;label&quot;:&quot;&quot;,&quot;main_topic&quot;:&quot;reitsport&quot;,&quot;object_id&quot;:&quot;li.3526312&quot;,&quot;pcat&quot;:&quot;metered&quot;,&quot;section&quot;:&quot;sport&quot;,&quot;teaser_type&quot;:&quot;article_teaser_top&quot;}}\" data-manual=\"teaser-url\" data-tb-link=\"\" aria-labelledby=\"teaser-httpswwwsueddeutschedesportmonty-roberts-pferdefluesterer-tot-nachruf-li3526312\" class=\"css-14tg8sh\" rel=\"nofollow noopener\" target=\"_blank\"><img decoding=\"async\" src=\"https:\/\/www.europesays.com\/de\/wp-content\/uploads\/2026\/08\/bb8d2bb0-6f1f-44f7-8d78-0ae2125ca39d.jpg\"   alt=\"\" loading=\"lazy\" class=\"css-8atqhb\"\/><\/p>\n<p>Zum Tod von Monty Roberts<\/p>\n<p>:Er war der \u201ePferdefl\u00fcsterer\u201c<\/p>\n<p class=\"css-a6ecqs\" data-manual=\"teaser-text\" data-tb-description=\"\" data-schema-org-speakable=\"true\">Monty Roberts\u2019 Methode des gewaltfreien Umgangs mit Pferden war nicht nur die Inspiration f\u00fcr einen Hollywoodfilm, sie beeinflusste Reitsportler weltweit.<\/p>\n<p>Nachruf von Gabriele Pochhammer<\/p>\n<p data-manual=\"paragraph\" data-schema-org-speakable=\"true\" class=\"css-1eosz7k\">Vogel, gef\u00f6rdert durch ein <a href=\"https:\/\/www.sueddeutsche.de\/thema\/Pferde\" rel=\"nofollow noopener\" target=\"_blank\">Pferde<\/a>-affines Elternhaus, war schon als Junior erfolgreich \u2013 und blieb es auch in den folgenden Jahren. \u00a0\u201ePferde sind mein Leben\u201c, sagt er: \u201eIch wollte nie was anderes machen. Ohne Pferde w\u00fcrde ich in ein schwarzes Loch fallen.\u201c So wundert es nicht, dass er ein Jahr vor dem Abitur die Schule schmiss und eine Lehre als Berufsreiter begann. Da musste er vor allem Dressur pauken, das zahlte sich aus. Denn United Touch war zwar ein \u00dcberflieger, aber keiner, dem der Erfolg m\u00fchelos zuflog. Den Richtern, die ihn als junges Pferd beim Bundeschampionat, der wichtigsten Pr\u00fcfung f\u00fcr den Pferdenachwuchs, bewerten sollten, waren die verschwenderischen S\u00e4tze des westf\u00e4lischen Hengstes geradezu unheimlich, sie setzten ihn nur auf Platz zwei. Die Maxime, dass ein gutes Pferd nur so hoch springt wie n\u00f6tig, hatte United Touch offenbar noch nie geh\u00f6rt. Aber auch ein Genie muss dazulernen. \u201eRichard hat Jahre gebraucht, die Rittigkeit im Parcours zu verbessern. Es war ein langer Weg\u201c, sagt Becker.<\/p>\n<p>Bundestrainer Becker steht in Aachen unter Druck, bei der WM im eigenen Land wird eine Medaille erwartet<\/p>\n<p data-manual=\"paragraph\" data-schema-org-speakable=\"true\" class=\"css-1eosz7k\">Als United Touch vor sechs Jahren in den Stall von Vogel kam, war er eigentlich f\u00fcr Sophie Hinners vorgesehen, die damalige Lebensgef\u00e4hrtin und heute befreundete Kollegin von Vogel, die auch zum WM-Team in Aachen geh\u00f6rt. \u201eAber er war sehr viel Pferd\u201c, sagt Vogel. Ein kr\u00e4ftiger Hengst mit einem XXL-Galopp, der erst mal so eingefangen werden musste, dass auch kleine Galoppspr\u00fcnge m\u00f6glich sind, wenn es mal eng und kurvig wird: \u201eWir fanden beide, dass dies eher ein Pferd f\u00fcr mich ist.\u201c<\/p>\n<p data-manual=\"paragraph\" data-schema-org-speakable=\"true\" class=\"css-1eosz7k\">Da hatten sich zwei gefunden, ehrgeizig, fokussiert und in guten Momenten zu H\u00f6henfl\u00fcgen f\u00e4hig. Nicht nur der Reiter, auch das Pferd tr\u00e4gt in diesem Fall Erfolgsgene in sich: Im Stammbaum von\u00a0United Touch taucht gleich zweimal die ber\u00fchmte Classic Touch unter den Urgro\u00dfm\u00fcttern auf, jene Holsteiner Stute, mit der Ludger Beerbaum 1992 Olympiasieger wurde. In diesen Wochen sehen Reiter und Pferd allerdings wenig voneinander. W\u00e4hrend Vogel mit einigen seiner rund 20 Turnierpferde unterwegs ist, genie\u00dft United Touch vor dem gro\u00dfen Einsatz in Aachen noch eine kleine Auszeit, wird von seiner Pflegerin gem\u00fctlich im Wald spazieren geritten. Vogel ist ein Vielbesch\u00e4ftigter, mehr als 100 Pferde haben er und sein Gesch\u00e4ftspartner David Will an drei verschiedenen Standorten im Training. \u201eIm Prinzip sind alle verk\u00e4uflich\u201c, sagt Vogel. Bis auf United Touch, den der Z\u00fcchter und Besitzer Julius Sinnack behalten will.<\/p>\n<p data-manual=\"paragraph\" data-schema-org-speakable=\"true\" class=\"css-1eosz7k\">Die Erfolgsgeschichte begann, als sich Vogel nach zwei Jahren im Stall von Ludger Beerbaum mit 21 Jahren selbst\u00e4ndig machte, zun\u00e4chst ohne einen Angestellten. Heute besch\u00e4ftigt er 16 Mitarbeiter. Er jettet von Turnier zu Turnier, ist nur montags, dienstags und manchmal den halben Mittwoch zu Hause. Die Woche in Aachen (18. bis 23. August) wird ihm wie Urlaub vorkommen mit nur einem Pferd. Wenn er nicht doch noch zwischendurch ganz schnell irgendwo ein junges Pferd ausprobieren oder ein vielversprechendes Fohlen anschauen muss.<\/p>\n<p data-manual=\"paragraph\" data-schema-org-speakable=\"true\" class=\"css-1eosz7k\">F\u00fcr Bundestrainer Otto Becker geht es in Aachen ums Ganze. Er steht unter Druck, die Reiternation erwartet bei der WM im eigenen Land eine Medaille, zumindest f\u00fcrs Team. Die Entscheidung, statt des <a href=\"https:\/\/www.sueddeutsche.de\/sport\/olympia-2024-springreiten-christian-kukuk-gold-checker-lux.9wBt2ikcKxzr2y2gw5mVwf\" rel=\"nofollow noopener\" target=\"_blank\">Olympiasiegers Christian Kukuk auf Checker<\/a> nun Marcus Ehning und Coolio ins Viererteam zu nehmen, hat lange Diskussionen im Springausschuss nach sich gezogen, Becker setzte sich durch. \u201eWir haben eine starke Mannschaft\u201c, sagt er, \u201eaber das ist kein Selbstl\u00e4ufer. Am Ende muss alles passen, und man braucht auch ein Qu\u00e4ntchen Gl\u00fcck.\u201c<\/p>\n","protected":false},"excerpt":{"rendered":"\u201eSie meinen nicht mich, sie meinen mein Pferd\u201c, sagt Richard Vogel, wenn mal wieder ein Raunen durch die&hellip;\n","protected":false},"author":2,"featured_media":1219936,"comment_status":"","ping_status":"","sticky":false,"template":"","format":"standard","meta":{"footnotes":"","_share_on_mastodon":"0"},"categories":[1853],"tags":[1424,3364,29,548,663,3934,30,13,148,14,15,1209,5880,74762,12,265,149,1886],"class_list":["post-1219935","post","type-post","status-publish","format-standard","has-post-thumbnail","category-aachen","tag-aachen","tag-de","tag-deutschland","tag-eu","tag-europa","tag-europe","tag-germany","tag-headlines","tag-leserdiskussion","tag-nachrichten","tag-news","tag-nordrhein-westfalen","tag-pferde","tag-reitsport","tag-schlagzeilen","tag-sport","tag-sueddeutsche-zeitung","tag-tiere"],"share_on_mastodon":{"url":"https:\/\/pubeurope.com\/@de\/117049764813738235","error":""},"_links":{"self":[{"href":"https:\/\/www.europesays.com\/de\/wp-json\/wp\/v2\/posts\/1219935","targetHints":{"allow":["GET"]}}],"collection":[{"href":"https:\/\/www.europesays.com\/de\/wp-json\/wp\/v2\/posts"}],"about":[{"href":"https:\/\/www.europesays.com\/de\/wp-json\/wp\/v2\/types\/post"}],"author":[{"embeddable":true,"href":"https:\/\/www.europesays.com\/de\/wp-json\/wp\/v2\/users\/2"}],"replies":[{"embeddable":true,"href":"https:\/\/www.europesays.com\/de\/wp-json\/wp\/v2\/comments?post=1219935"}],"version-history":[{"count":0,"href":"https:\/\/www.europesays.com\/de\/wp-json\/wp\/v2\/posts\/1219935\/revisions"}],"wp:featuredmedia":[{"embeddable":true,"href":"https:\/\/www.europesays.com\/de\/wp-json\/wp\/v2\/media\/1219936"}],"wp:attachment":[{"href":"https:\/\/www.europesays.com\/de\/wp-json\/wp\/v2\/media?parent=1219935"}],"wp:term":[{"taxonomy":"category","embeddable":true,"href":"https:\/\/www.europesays.com\/de\/wp-json\/wp\/v2\/categories?post=1219935"},{"taxonomy":"post_tag","embeddable":true,"href":"https:\/\/www.europesays.com\/de\/wp-json\/wp\/v2\/tags?post=1219935"}],"curies":[{"name":"wp","href":"https:\/\/api.w.org\/{rel}","templated":true}]}}