{"id":1219964,"date":"2026-08-06T17:52:20","date_gmt":"2026-08-06T17:52:20","guid":{"rendered":"https:\/\/www.europesays.com\/de\/1219964\/"},"modified":"2026-08-06T17:52:20","modified_gmt":"2026-08-06T17:52:20","slug":"19-bundeskongress-nationale-stadtentwicklungspolitik-wuppertal-institut-fuer-klima-umwelt-energie","status":"publish","type":"post","link":"https:\/\/www.europesays.com\/de\/1219964\/","title":{"rendered":"19. Bundeskongress Nationale Stadtentwicklungspolitik &#8211; Wuppertal Institut f\u00fcr Klima, Umwelt, Energie"},"content":{"rendered":"<p>Vom 14. bis zum 19. September 2026 l\u00e4dt das Bundesministerium f\u00fcr Wohnen, Stadtentwicklung und Bauwesen gemeinsam mit der Bauministerkonferenz der L\u00e4nder, dem Deutschen St\u00e4dtetag und dem Deutschen St\u00e4dte- und Gemeindebund zum 19. Bundeskongress Nationale Stadtentwicklungspolitik ein. Das Motto lautet dieses Jahr &#8222;Gemeinsam handeln, schneller agieren, weiter denken: St\u00e4dte f\u00fcr alle gestalten&#8220;.<\/p>\n<p>Der erste Veranstaltungstag beginnt mit einem Symposium zum Deutschen Bauherrenpreis 2026 \u2013 und endet mit einem gemeinsamen Netzwerkabend, den Torsten Burmester, Oberb\u00fcrgermeister der Stadt K\u00f6ln, sowie Dr. Reimar Molitor, Gesch\u00e4ftsf\u00fchrendes Vorstandsmitglied der Region K\u00f6ln\/Bonn e.V., er\u00f6ffnen. Dort besteht nicht zur die M\u00f6glichkeit zum Vernetzen: Neue Akteur*innen aus der Stadtentwicklung stellen drei unterschiedliche Projekte vor. Daf\u00fcr haben sie jeweils weniger als sieben Minuten Zeit.<\/p>\n<p>An den folgenden beiden Tagen finden 17 Fachforen, Panels und Keynotes, ein Marktplatz sowie ein &#8222;Late Night Talk&#8220; in politischer Runde zu verschiedenen Aspekten der Stadtentwicklung statt. Auch das Wuppertal Institut ist vertreten: unter anderem auf dem Marktplatz mit dem interaktiven Exponat &#8222;Die Stadt der Zukunft&#8220; und bietet Informationen rund um das Forschungsprojekt &#8222;SInBa \u2013 Soziale Innovationen in Bauen, Wohnen, Stadtentwicklung&#8220;.<\/p>\n<p>Am 15. September diskutieren Expert*innen \u00fcber das Motto der Konferenz \u2013 bei einem Panel mit Prof. Dr. Uwe Schneidewind, ehemaliger Pr\u00e4sident des Wuppertal Instituts, Verena Hubertz, Bundesministerin f\u00fcr Wohnen, Stadtentwicklung und Bauwesen, Tristan Vitt, Oberb\u00fcrgermeister der Stadt Siegen, sowie Sarah Dungs, Gesch\u00e4ftsf\u00fchrerin der Greyfield Group. Au\u00dferdem moderiert Anja Bierwirth, Leiterin des Forschungsbereichs Stadtwandel am Wuppertal Institut, von 16:45 bis 18:30 Uhr das Forum 12 zu Fragen der Resilienz in der Stadtentwicklung. Dazu geben Expert*innen des Bundesministeriums f\u00fcr Wohnen, Stadtentwicklung und Bauwesen (BMWSB), der Deutschen Gesellschaft f\u00fcr Nachhaltiges Bauen DGNB e.V. (DGNB GmbH) und von urban.policy zun\u00e4chst drei Inputs. Anschlie\u00dfend diskutieren die Teilnehmenden in einer Fishbowl, wie Kommunen das Leitbild der nachhaltigen Stadt konkret umsetzen k\u00f6nnen.<\/p>\n<p>Die Teilnahme am Kongress ist kostenfrei und bei der Architektenkammer Nordrhein-Westfalen als Fortbildungsma\u00dfnahme anerkannt. Die Teilnahme ist nach vorheriger Registrierung im nachfolgenden Link bis zum 31. August m\u00f6glich. Dort sind auch weiterf\u00fchrende Informationen verf\u00fcgbar.<\/p>\n","protected":false},"excerpt":{"rendered":"Vom 14. bis zum 19. September 2026 l\u00e4dt das Bundesministerium f\u00fcr Wohnen, Stadtentwicklung und Bauwesen gemeinsam mit der&hellip;\n","protected":false},"author":2,"featured_media":329526,"comment_status":"","ping_status":"","sticky":false,"template":"","format":"standard","meta":{"footnotes":"","_share_on_mastodon":"0"},"categories":[1840],"tags":[3364,29,1149,4781,19165,30,1563,19164,4507,1209,19166,19162,19160,19163,19161,383,601,4418,19159],"class_list":["post-1219964","post","type-post","status-publish","format-standard","has-post-thumbnail","category-wuppertal","tag-de","tag-deutschland","tag-energie","tag-energieeffizienz","tag-ernst-ulrich-von-weizsaecker","tag-germany","tag-klima","tag-manfred-fischedick","tag-nachhaltigkeit","tag-nordrhein-westfalen","tag-peter-hennicke","tag-ressourceneffizienz","tag-stoffstroeme","tag-sustainability","tag-transition-forschung","tag-umwelt","tag-verkehr","tag-wuppertal","tag-wuppertal-institut"],"share_on_mastodon":{"url":"https:\/\/pubeurope.com\/@de\/117049841740433231","error":""},"_links":{"self":[{"href":"https:\/\/www.europesays.com\/de\/wp-json\/wp\/v2\/posts\/1219964","targetHints":{"allow":["GET"]}}],"collection":[{"href":"https:\/\/www.europesays.com\/de\/wp-json\/wp\/v2\/posts"}],"about":[{"href":"https:\/\/www.europesays.com\/de\/wp-json\/wp\/v2\/types\/post"}],"author":[{"embeddable":true,"href":"https:\/\/www.europesays.com\/de\/wp-json\/wp\/v2\/users\/2"}],"replies":[{"embeddable":true,"href":"https:\/\/www.europesays.com\/de\/wp-json\/wp\/v2\/comments?post=1219964"}],"version-history":[{"count":0,"href":"https:\/\/www.europesays.com\/de\/wp-json\/wp\/v2\/posts\/1219964\/revisions"}],"wp:featuredmedia":[{"embeddable":true,"href":"https:\/\/www.europesays.com\/de\/wp-json\/wp\/v2\/media\/329526"}],"wp:attachment":[{"href":"https:\/\/www.europesays.com\/de\/wp-json\/wp\/v2\/media?parent=1219964"}],"wp:term":[{"taxonomy":"category","embeddable":true,"href":"https:\/\/www.europesays.com\/de\/wp-json\/wp\/v2\/categories?post=1219964"},{"taxonomy":"post_tag","embeddable":true,"href":"https:\/\/www.europesays.com\/de\/wp-json\/wp\/v2\/tags?post=1219964"}],"curies":[{"name":"wp","href":"https:\/\/api.w.org\/{rel}","templated":true}]}}