{"id":1219986,"date":"2026-08-06T18:09:19","date_gmt":"2026-08-06T18:09:19","guid":{"rendered":"https:\/\/www.europesays.com\/de\/1219986\/"},"modified":"2026-08-06T18:09:19","modified_gmt":"2026-08-06T18:09:19","slug":"spionage-fakes-provokationen-wie-hybride-attacken-deutschland-zersetzen-sollen","status":"publish","type":"post","link":"https:\/\/www.europesays.com\/de\/1219986\/","title":{"rendered":"Spionage, Fakes, Provokationen: Wie hybride Attacken Deutschland zersetzen sollen"},"content":{"rendered":"<p>Spionage, Fakes, ProvokationenWie hybride Attacken Deutschland zersetzen sollen06.08.2026, 19:24 Uhr<\/p>\n<p class=\"Typography_text-m__XI0da Typography_weight-normal__pqUbH\">Als ein hybrider Angriff werden solche Attacken bezeichnet, bei denen Agenten im Auftrag eines fremden Staates Aktionen durchf\u00fchren, um andere Staaten zu destabilisieren oder die \u00f6ffentliche Meinung zu beeinflussen. In Deutschland h\u00e4uften sich solche Vorf\u00e4lle zuletzt.<\/p>\n","protected":false},"excerpt":{"rendered":"Spionage, Fakes, ProvokationenWie hybride Attacken Deutschland zersetzen sollen06.08.2026, 19:24 Uhr Als ein hybrider Angriff werden solche Attacken bezeichnet,&hellip;\n","protected":false},"author":2,"featured_media":1219987,"comment_status":"","ping_status":"","sticky":false,"template":"","format":"standard","meta":{"footnotes":"","_share_on_mastodon":"0"},"categories":[2],"tags":[331,3924,332,3922,916,3364,29,30,13,10036,14936,929,14,3923,15,3921,307,12],"class_list":["post-1219986","post","type-post","status-publish","format-standard","has-post-thumbnail","category-deutschland","tag-aktuelle-nachrichten","tag-aktuelle-nachrichten-aus-deutschland","tag-aktuelle-news","tag-aktuelle-news-aus-deutschland","tag-belarus","tag-de","tag-deutschland","tag-germany","tag-headlines","tag-hybrider-krieg","tag-innere-sicherheit","tag-kriege-und-konflikte","tag-nachrichten","tag-nachrichten-aus-deutschland","tag-news","tag-news-aus-deutschland","tag-russland","tag-schlagzeilen"],"share_on_mastodon":{"url":"https:\/\/pubeurope.com\/@de\/117049908523638947","error":""},"_links":{"self":[{"href":"https:\/\/www.europesays.com\/de\/wp-json\/wp\/v2\/posts\/1219986","targetHints":{"allow":["GET"]}}],"collection":[{"href":"https:\/\/www.europesays.com\/de\/wp-json\/wp\/v2\/posts"}],"about":[{"href":"https:\/\/www.europesays.com\/de\/wp-json\/wp\/v2\/types\/post"}],"author":[{"embeddable":true,"href":"https:\/\/www.europesays.com\/de\/wp-json\/wp\/v2\/users\/2"}],"replies":[{"embeddable":true,"href":"https:\/\/www.europesays.com\/de\/wp-json\/wp\/v2\/comments?post=1219986"}],"version-history":[{"count":0,"href":"https:\/\/www.europesays.com\/de\/wp-json\/wp\/v2\/posts\/1219986\/revisions"}],"wp:featuredmedia":[{"embeddable":true,"href":"https:\/\/www.europesays.com\/de\/wp-json\/wp\/v2\/media\/1219987"}],"wp:attachment":[{"href":"https:\/\/www.europesays.com\/de\/wp-json\/wp\/v2\/media?parent=1219986"}],"wp:term":[{"taxonomy":"category","embeddable":true,"href":"https:\/\/www.europesays.com\/de\/wp-json\/wp\/v2\/categories?post=1219986"},{"taxonomy":"post_tag","embeddable":true,"href":"https:\/\/www.europesays.com\/de\/wp-json\/wp\/v2\/tags?post=1219986"}],"curies":[{"name":"wp","href":"https:\/\/api.w.org\/{rel}","templated":true}]}}