{"id":1219997,"date":"2026-08-06T18:15:34","date_gmt":"2026-08-06T18:15:34","guid":{"rendered":"https:\/\/www.europesays.com\/de\/1219997\/"},"modified":"2026-08-06T18:15:34","modified_gmt":"2026-08-06T18:15:34","slug":"brueckenfestival-nuernberg-2026-termin-und-line-up-zum-fest-unter-der-bruecke","status":"publish","type":"post","link":"https:\/\/www.europesays.com\/de\/1219997\/","title":{"rendered":"Br\u00fcckenfestival N\u00fcrnberg 2026: Termin und Line-up zum Fest unter der Br\u00fccke"},"content":{"rendered":"<p>Ohne Eintritt <\/p>\n<p>Das alles kann das beliebte Br\u00fcckenfestival<\/p>\n<p>06.08.2026 &#8211; 17:17 UhrLesedauer: 1 Min.<\/p>\n<p><a href=\"#focus-0\" class=\"transition-colors block text-current relative\" data-sctrack=\"FocusGalleryImage.Reference\"><img fetchpriority=\"high\" data-testid=\"Opener.Image\"   loading=\"eager\" src=\"https:\/\/www.europesays.com\/de\/wp-content\/uploads\/2026\/08\/12-082022-brueckenfestival-2022-nuernberg-nach-zwei-jahren-pandemiebedingter-pause-findet-am-wochene.jpeg\" alt=\"imago images 165352452\" title=\"imago images 165352452\" width=\"4896\" height=\"2754\" class=\"bg-[url:var(--lqipURL)] bg-cover bg-center flex h-full w-full max-w-full\" style=\"--lqipURL:url('https:\/\/images.t-online.de\/2026\/08\/wuEoXi5BPGkQ\/0x255:4896x2754\/fit-in\/150x0\/filters:blur(25)\/12-082022-brueckenfestival-2022-nuernberg-nach-zwei-jahren-pandemiebedingter-pause-findet-am-wochenende-12-08-13-082022-wieder-das-brueckenfestival-unter-der-theodor-heuss-bruecke-statt-das-ehrenamtlich-organisierte-umstonst-draussen-festival-liebevoll-brue-brue-brue-genannt-lockte-am-freitagabend-zahlreiche-besucher-innen-an-theodor-heuss-bruecke-bayern-deutschland-brueckenfestival-2022-nuernberg-19-12-08-2022-brueckenfestival-2022-nuremberg-after-two-years-of-pandemic-break-the-bridge-festival-under.jpg')\" decoding=\"async\"\/><img loading=\"lazy\" src=\"https:\/\/nuernberg.t-online.de\/s\/paper\/_next\/static\/media\/zoom-in.f7dae02f.svg\" alt=\"Vergr\u00f6\u00dfern des Bildes\" title=\"Vergr\u00f6\u00dfern des Bildes\" class=\"block h-[calc(var(--height)_\/_16_*_1rem)] w-[calc(var(--width)_\/_16_*_1rem)] max-w-none absolute right-8 bottom-8 rounded-4 bg-snow p-8\" style=\"--width:32;--height:32\" decoding=\"async\"\/><\/a><\/p>\n<p>Br\u00fcckenfestival in N\u00fcrnberg (Archivbild): Am Wochenende kann unter freiem Himmel und ganz kostenlos gefeiert werden. (Quelle: imago)<\/p>\n<p><img loading=\"lazy\" src=\"https:\/\/nuernberg.t-online.de\/s\/paper\/_next\/static\/media\/audio-volume.6689034c.svg\" alt=\"\" title=\"\" class=\"block h-[calc(var(--height)_\/_16_*_1rem)] w-[calc(var(--width)_\/_16_*_1rem)] max-w-none group-hover:brightness-0 group-hover:invert\" style=\"--width:16;--height:16\" decoding=\"async\"\/>Vorlesen<\/p>\n<p>Aktuelle Zeit:0:00Gesamtdauer:0:00<\/p>\n<p>1x<\/p>\n<p class=\"text-center\">Jetzt neu bei t-online:<\/p>\n<p class=\"text-center\">Schriftgr\u00f6\u00dfe anpassen!<\/p>\n<p><img loading=\"lazy\" src=\"https:\/\/nuernberg.t-online.de\/s\/paper\/_next\/static\/media\/font-sizes.32942e33.svg\" alt=\"\" title=\"\" class=\"block h-[calc(var(--height)_\/_16_*_1rem)] w-[calc(var(--width)_\/_16_*_1rem)] max-w-none group-hover:hidden group-aria-expanded:hidden\" style=\"--width:16;--height:16\" decoding=\"async\"\/><img loading=\"lazy\" src=\"https:\/\/nuernberg.t-online.de\/s\/paper\/_next\/static\/media\/font-sizes-dark-mode.e382645c.svg\" alt=\"\" title=\"\" class=\"block h-[calc(var(--height)_\/_16_*_1rem)] w-[calc(var(--width)_\/_16_*_1rem)] max-w-none hidden group-hover:block group-aria-expanded:block\" style=\"--width:16;--height:16\" decoding=\"async\"\/><img loading=\"lazy\" src=\"https:\/\/nuernberg.t-online.de\/s\/paper\/_next\/static\/media\/sharing-menu-icon.1eb71368.svg\" alt=\"\" title=\"\" class=\"block h-[calc(var(--height)_\/_16_*_1rem)] w-[calc(var(--width)_\/_16_*_1rem)] max-w-none group-hover:brightness-0 group-hover:invert\" style=\"--width:16;--height:16\" decoding=\"async\"\/>Artikel teilen<\/p>\n<p class=\"font-bold text-18 leading-17 user-text-lg:text-22 user-text-xl:text-24\">Das Br\u00fcckenfestival kehrt auf die N\u00fcrnberger Pegnitzwiesen zur\u00fcck. Internationales Lineup, freier Eintritt und Aftershow-Partys: Die Veranstaltung zeigt sich gewohnt vielseitig.<\/p>\n<p class=\"text-18 leading-17 user-text-lg:text-22 user-text-xl:text-24\">Umsonst und drau\u00dfen feiern: Am Freitag, 7. August, und Samstag, 8. August 2026, findet auf den Pegnitzwiesen unterhalb der Theodor-Heuss-Br\u00fccke wieder das beliebte Br\u00fcckenfestival statt. Die seit mehr als zwei Jahrzehnten bestehende Freiluftveranstaltung wird ehrenamtlich organisiert und setzt auf ein sparten\u00fcbergreifendes Musik- und Kulturprogramm au\u00dferhalb des kommerziellen Mainstreams. Der Eintritt an beiden Veranstaltungstagen ist frei.<\/p>\n<p><a href=\"#focus-1\" class=\"transition-colors block text-current relative\" data-sctrack=\"FocusGalleryImage.Reference\"><img   loading=\"lazy\" src=\"https:\/\/www.europesays.com\/de\/wp-content\/uploads\/2026\/08\/besucher-beim-brueckenfestival-in-nuernberg-archivfoto-am-wochenende-ist-es-wieder-soweit.jpg\" alt=\"Besucher beim Br\u00fcckenfestival in N\u00fcrnberg (Archivfoto): Am Wochenende ist es wieder soweit.\" title=\"Besucher beim Br\u00fcckenfestival in N\u00fcrnberg (Archivfoto): Am Wochenende ist es wieder soweit.\" width=\"4000\" height=\"2250\" class=\"h-full w-full max-w-full rounded-8\" decoding=\"async\"\/><img loading=\"lazy\" src=\"https:\/\/nuernberg.t-online.de\/s\/paper\/_next\/static\/media\/zoom-in.f7dae02f.svg\" alt=\"Vergr\u00f6\u00dfern des Bildes\" title=\"Vergr\u00f6\u00dfern des Bildes\" class=\"block h-[calc(var(--height)_\/_16_*_1rem)] w-[calc(var(--width)_\/_16_*_1rem)] max-w-none absolute right-8 bottom-8 rounded-4 bg-snow p-8\" style=\"--width:32;--height:32\" decoding=\"async\"\/>Besucher beim Br\u00fcckenfestival in N\u00fcrnberg (Archivfoto): Am Wochenende ist es wieder soweit. (Quelle: imago)<\/a><\/p>\n<p>Line-up deckt Spektrum von Art-Punk bis Jazz-Hip-Hop ab<\/p>\n<p class=\"text-18 leading-17 user-text-lg:text-22 user-text-xl:text-24\">F\u00fcr die Ausgabe 2026 haben die Veranstalter ein internationales Musikprogramm zusammengestellt, das Genres von Post-Punk \u00fcber Krautrock bis hin zu Hip-Hop und Soul abdeckt. Mit dem N\u00fcrnberger Duo Ferge x Fisherman steht ein lokaler Act auf der B\u00fchne, der Hip-Hop-Elemente mit Live-Jazz kombiniert. Aus dem Ausland reisen unter anderem die kanadische Art-Punk-Band La S\u00e9curit\u00e9 (Montr\u00e9al) sowie das portugiesische Trio Maquina an, dessen Sound von Krautrock und Industrial gepr\u00e4gt ist. Zudem tritt die britische Rapperin und S\u00e4ngerin Amy True auf. Weitere Best\u00e4tigungen im Line-up sind unter anderem Vandalisbin, SO SORRY und Matriarch.<\/p>\n<p>Rahmenprogramm und Aftershow-Events<\/p>\n<p class=\"text-18 leading-17 user-text-lg:text-22 user-text-xl:text-24\">Das Festgel\u00e4nde gliedert sich in eine Haupt- und eine Zeltb\u00fchne sowie ein separates Cocktailzelt mit DJ-Programm. F\u00fcr Samstagnachmittag ist ein Kinderprogramm angesetzt, bei dem unter anderem das Musikprojekt Pauken und Planeten auftritt. Nach dem Ende des B\u00fchnenprogramms unter der Br\u00fccke verlagert sich das Geschehen f\u00fcr die Aftershow-Partys in umliegende N\u00fcrnberger Kulturzentren wie den &#8222;Muz&#8220;-Club und die &#8222;Desi&#8220;.<\/p>\n","protected":false},"excerpt":{"rendered":"Ohne Eintritt Das alles kann das beliebte Br\u00fcckenfestival 06.08.2026 &#8211; 17:17 UhrLesedauer: 1 Min. Br\u00fcckenfestival in N\u00fcrnberg (Archivbild):&hellip;\n","protected":false},"author":2,"featured_media":1219998,"comment_status":"","ping_status":"","sticky":false,"template":"","format":"standard","meta":{"footnotes":"","_share_on_mastodon":"0"},"categories":[1837],"tags":[722,772,253695,3364,29,20767,30,3783,253696,4235,79495],"class_list":["post-1219997","post","type-post","status-publish","format-standard","has-post-thumbnail","category-nuernberg","tag-722","tag-bayern","tag-brueckenfestival","tag-de","tag-deutschland","tag-eintritt","tag-germany","tag-nuernberg","tag-pegnitzwiese","tag-theodor-heuss-bruecke","tag-umsonst-draussen"],"share_on_mastodon":{"url":"https:\/\/pubeurope.com\/@de\/117049935635875844","error":""},"_links":{"self":[{"href":"https:\/\/www.europesays.com\/de\/wp-json\/wp\/v2\/posts\/1219997","targetHints":{"allow":["GET"]}}],"collection":[{"href":"https:\/\/www.europesays.com\/de\/wp-json\/wp\/v2\/posts"}],"about":[{"href":"https:\/\/www.europesays.com\/de\/wp-json\/wp\/v2\/types\/post"}],"author":[{"embeddable":true,"href":"https:\/\/www.europesays.com\/de\/wp-json\/wp\/v2\/users\/2"}],"replies":[{"embeddable":true,"href":"https:\/\/www.europesays.com\/de\/wp-json\/wp\/v2\/comments?post=1219997"}],"version-history":[{"count":0,"href":"https:\/\/www.europesays.com\/de\/wp-json\/wp\/v2\/posts\/1219997\/revisions"}],"wp:featuredmedia":[{"embeddable":true,"href":"https:\/\/www.europesays.com\/de\/wp-json\/wp\/v2\/media\/1219998"}],"wp:attachment":[{"href":"https:\/\/www.europesays.com\/de\/wp-json\/wp\/v2\/media?parent=1219997"}],"wp:term":[{"taxonomy":"category","embeddable":true,"href":"https:\/\/www.europesays.com\/de\/wp-json\/wp\/v2\/categories?post=1219997"},{"taxonomy":"post_tag","embeddable":true,"href":"https:\/\/www.europesays.com\/de\/wp-json\/wp\/v2\/tags?post=1219997"}],"curies":[{"name":"wp","href":"https:\/\/api.w.org\/{rel}","templated":true}]}}