{"id":1220041,"date":"2026-08-06T18:44:11","date_gmt":"2026-08-06T18:44:11","guid":{"rendered":"https:\/\/www.europesays.com\/de\/1220041\/"},"modified":"2026-08-06T18:44:11","modified_gmt":"2026-08-06T18:44:11","slug":"erneut-wildkatze-in-brandenburg-nachgewiesen","status":"publish","type":"post","link":"https:\/\/www.europesays.com\/de\/1220041\/","title":{"rendered":"Erneut Wildkatze in Brandenburg nachgewiesen"},"content":{"rendered":"<p>Aufgrund der beiden Nachweise wird das Monitoring im kommenden Jahr fortgesetzt.<\/p>\n<p>Die Europ\u00e4ische Wildkatze galt in Brandenburg lange als ausgestorben. Nun kehrt sie aus westlicher Richtung in das Land zur\u00fcck. Anfang des Jahres wurde bereits ein Tier im Biosph\u00e4renreservat Flusslandschaft Elbe-Brandenburg in der Prignitz nachgewiesen.<\/p>\n<p>Der Naturpark Dahme-Heideseen bietet der Wildkatze Nahrung und gute R\u00fcckzugsm\u00f6glichkeiten. Starke Zersiedelung der Landschaft ist f\u00fcr die Tiere ein gro\u00dfes Problem, da sie sich in gro\u00dfen zusammenh\u00e4ngenden Waldgebieten zur\u00fcckziehen wollen. Der Stra\u00dfenverkehr z\u00e4hlt zu den h\u00e4ufigsten Todesursachen.<\/p>\n<p>Wildkatzen k\u00f6nnen leicht mit Hauskatzen verwechselt werden. Laut Nabu sind sie aber in der Regel gr\u00f6\u00dfer, die Beine dicker und die Schnauze breiter. Auf dem R\u00fccken kann ein dunkler Aalstrich erkennbar sein, markant ist auch der geringelte Schwanz. Das grau-braune Fell ist buschiger als bei Hauskatzen und kaum gemustert.<\/p>\n","protected":false},"excerpt":{"rendered":"Aufgrund der beiden Nachweise wird das Monitoring im kommenden Jahr fortgesetzt. Die Europ\u00e4ische Wildkatze galt in Brandenburg lange&hellip;\n","protected":false},"author":2,"featured_media":1220042,"comment_status":"","ping_status":"","sticky":false,"template":"","format":"standard","meta":{"footnotes":"","_share_on_mastodon":"0"},"categories":[1816],"tags":[1960,1958,1959,1957,1956,1890,124639,29,30,122047,134296,136450],"class_list":["post-1220041","post","type-post","status-publish","format-standard","has-post-thumbnail","category-brandenburg","tag-aktuelle-nachrichten-aus-berlin-und-brandenburg","tag-aktuelle-nachrichten-aus-brandenburg","tag-aktuelle-news-aus-berlin-und-brandenburg","tag-aktuelle-news-aus-brandenburg","tag-berlin-und-brandenburg","tag-brandenburg","tag-dahme-spreewald","tag-deutschland","tag-germany","tag-oder-spree","tag-rbb24tagesschau","tag-rbb24tiere"],"share_on_mastodon":{"url":"","error":""},"_links":{"self":[{"href":"https:\/\/www.europesays.com\/de\/wp-json\/wp\/v2\/posts\/1220041","targetHints":{"allow":["GET"]}}],"collection":[{"href":"https:\/\/www.europesays.com\/de\/wp-json\/wp\/v2\/posts"}],"about":[{"href":"https:\/\/www.europesays.com\/de\/wp-json\/wp\/v2\/types\/post"}],"author":[{"embeddable":true,"href":"https:\/\/www.europesays.com\/de\/wp-json\/wp\/v2\/users\/2"}],"replies":[{"embeddable":true,"href":"https:\/\/www.europesays.com\/de\/wp-json\/wp\/v2\/comments?post=1220041"}],"version-history":[{"count":0,"href":"https:\/\/www.europesays.com\/de\/wp-json\/wp\/v2\/posts\/1220041\/revisions"}],"wp:featuredmedia":[{"embeddable":true,"href":"https:\/\/www.europesays.com\/de\/wp-json\/wp\/v2\/media\/1220042"}],"wp:attachment":[{"href":"https:\/\/www.europesays.com\/de\/wp-json\/wp\/v2\/media?parent=1220041"}],"wp:term":[{"taxonomy":"category","embeddable":true,"href":"https:\/\/www.europesays.com\/de\/wp-json\/wp\/v2\/categories?post=1220041"},{"taxonomy":"post_tag","embeddable":true,"href":"https:\/\/www.europesays.com\/de\/wp-json\/wp\/v2\/tags?post=1220041"}],"curies":[{"name":"wp","href":"https:\/\/api.w.org\/{rel}","templated":true}]}}