{"id":1220355,"date":"2026-08-06T21:59:19","date_gmt":"2026-08-06T21:59:19","guid":{"rendered":"https:\/\/www.europesays.com\/de\/1220355\/"},"modified":"2026-08-06T21:59:19","modified_gmt":"2026-08-06T21:59:19","slug":"yan-couto-abwehrspieler-verlaesst-bvb-und-wechselt-nach-como","status":"publish","type":"post","link":"https:\/\/www.europesays.com\/de\/1220355\/","title":{"rendered":"Yan Couto: Abwehrspieler verl\u00e4sst BVB und wechselt nach Como"},"content":{"rendered":"<p>Abgang perfekt <\/p>\n<p>Fix: Abwehrspieler verl\u00e4sst den BVB<\/p>\n<p>06.08.2026 &#8211; 21:07 UhrLesedauer: 1 Min.<\/p>\n<p><a href=\"#focus-0\" class=\"transition-colors block text-current relative\" data-sctrack=\"FocusGalleryImage.Reference\"><img fetchpriority=\"high\" data-testid=\"Opener.Image\"   loading=\"eager\" src=\"https:\/\/www.europesays.com\/de\/wp-content\/uploads\/2026\/08\/yan-couto-der-verteidiger-konnte-sich-beim-bvb-nicht-durchsetzen.jpg\" alt=\"Yan Couto: Der Verteidiger konnte sich beim BVB nicht durchsetzen.\" title=\"Yan Couto: Der Verteidiger konnte sich beim BVB nicht durchsetzen.\" width=\"3877\" height=\"2180\" class=\"bg-[url:var(--lqipURL)] bg-cover bg-center flex h-full w-full max-w-full\" style=\"--lqipURL:url('https:\/\/images.t-online.de\/2026\/08\/euttEs4DLU4W\/131x163:3877x2180\/fit-in\/150x0\/filters:blur(25)\/yan-couto-der-verteidiger-konnte-sich-beim-bvb-nicht-durchsetzen.jpg')\" decoding=\"async\"\/><img loading=\"lazy\" src=\"https:\/\/www.t-online.de\/s\/paper\/_next\/static\/media\/zoom-in.f7dae02f.svg\" alt=\"Vergr\u00f6\u00dfern des Bildes\" title=\"Vergr\u00f6\u00dfern des Bildes\" class=\"block h-[calc(var(--height)_\/_16_*_1rem)] w-[calc(var(--width)_\/_16_*_1rem)] max-w-none absolute right-8 bottom-8 rounded-4 bg-snow p-8\" style=\"--width:32;--height:32\" decoding=\"async\"\/><\/a><\/p>\n<p>Yan Couto: Der Verteidiger konnte sich beim BVB nicht durchsetzen. (Quelle: IMAGO\/UWE KRAFT\/imago-images-bilder)<\/p>\n<p class=\"font-bold text-18 leading-17 user-text-lg:text-22 user-text-xl:text-24\">Bei Borussia Dortmund hat er die Erwartungen nicht erf\u00fcllt. Nun schlie\u00dft sich Yan Couto einem aufstrebenden Klub an.<\/p>\n<p class=\"text-18 leading-17 user-text-lg:text-22 user-text-xl:text-24\">Fu\u00dfball-Bundesligist <a href=\"https:\/\/www.t-online.de\/themen\/borussia-dortmund\/\" class=\"transition-colors cursor-pointer no-underline md:hover:text-magenta md:focus:text-magenta border-b border-solid border-current text-salemsfur md:hover:border-magenta\" data-tracking=\"{&quot;action&quot;:&quot;click&quot;,&quot;category&quot;:&quot;intextLink&quot;,&quot;label&quot;:&quot;\/themen\/borussia-dortmund\/&quot;}\" data-sctrack=\"BodyAnchor\" rel=\"nofollow noopener\" target=\"_blank\">Borussia Dortmund<\/a> gibt den brasilianischen Abwehrspieler <a href=\"https:\/\/www.t-online.de\/themen\/yan-couto\/\" class=\"transition-colors cursor-pointer no-underline md:hover:text-magenta md:focus:text-magenta border-b border-solid border-current text-salemsfur md:hover:border-magenta\" data-tracking=\"{&quot;action&quot;:&quot;click&quot;,&quot;category&quot;:&quot;intextLink&quot;,&quot;label&quot;:&quot;\/themen\/yan-couto\/&quot;}\" data-sctrack=\"BodyAnchor\" rel=\"nofollow noopener\" target=\"_blank\">Yan Couto<\/a> an den italienischen Champions-League-Deb\u00fctanten Como 1907 ab. Der <a href=\"https:\/\/www.t-online.de\/themen\/borussia-dortmund\/\" class=\"transition-colors cursor-pointer no-underline md:hover:text-magenta md:focus:text-magenta border-b border-solid border-current text-salemsfur md:hover:border-magenta\" data-tracking=\"{&quot;action&quot;:&quot;click&quot;,&quot;category&quot;:&quot;intextLink&quot;,&quot;label&quot;:&quot;\/themen\/borussia-dortmund\/&quot;}\" data-sctrack=\"BodyAnchor\" rel=\"nofollow noopener\" target=\"_blank\">BVB<\/a> best\u00e4tigte am Donnerstagabend in einer knappen Mitteilung ein Leihgesch\u00e4ft, &#8222;\u00fcber die Modalit\u00e4t wurde Stillschweigen vereinbart&#8220;.<\/p>\n<p class=\"text-18 leading-17 user-text-lg:text-22 user-text-xl:text-24\">\u00dcbereinstimmenden Medienberichten zufolge zahlt Como eine Leihgeb\u00fchr um zwei Millionen Euro f\u00fcr den 24 Jahre alten Rechtsverteidiger, zudem soll der Klub von Cheftrainer Cesc Fabregas eine Kaufoption im Bereich von rund 20 Millionen Euro erhalten.<\/p>\n<p class=\"text-18 leading-17 user-text-lg:text-22 user-text-xl:text-24\">Der ehemalige Verteidiger von <a href=\"https:\/\/www.t-online.de\/themen\/manchester-city\/\" class=\"transition-colors cursor-pointer no-underline md:hover:text-magenta md:focus:text-magenta border-b border-solid border-current text-salemsfur md:hover:border-magenta\" data-tracking=\"{&quot;action&quot;:&quot;click&quot;,&quot;category&quot;:&quot;intextLink&quot;,&quot;label&quot;:&quot;\/themen\/manchester-city\/&quot;}\" data-sctrack=\"BodyAnchor\" rel=\"nofollow noopener\" target=\"_blank\">Manchester City<\/a> wechselte im Sommer 2024 zun\u00e4chst auf Leihbasis nach Dortmund, bevor der Bundesligist die Kaufverpflichtung von kolportierten 25 Millionen Euro aktivierte. Couto war jedoch oft zweite Wahl hinter dem Norweger Julian Ryerson.<\/p>\n","protected":false},"excerpt":{"rendered":"Abgang perfekt Fix: Abwehrspieler verl\u00e4sst den BVB 06.08.2026 &#8211; 21:07 UhrLesedauer: 1 Min. Yan Couto: Der Verteidiger konnte&hellip;\n","protected":false},"author":2,"featured_media":1220356,"comment_status":"","ping_status":"","sticky":false,"template":"","format":"standard","meta":{"footnotes":"","_share_on_mastodon":"0"},"categories":[136],"tags":[403,29,217,30,265,74883],"class_list":["post-1220355","post","type-post","status-publish","format-standard","has-post-thumbnail","category-sport","tag-bvb","tag-deutschland","tag-dortmund","tag-germany","tag-sport","tag-yan-couto"],"share_on_mastodon":{"url":"https:\/\/pubeurope.com\/@de\/117050813294079294","error":""},"_links":{"self":[{"href":"https:\/\/www.europesays.com\/de\/wp-json\/wp\/v2\/posts\/1220355","targetHints":{"allow":["GET"]}}],"collection":[{"href":"https:\/\/www.europesays.com\/de\/wp-json\/wp\/v2\/posts"}],"about":[{"href":"https:\/\/www.europesays.com\/de\/wp-json\/wp\/v2\/types\/post"}],"author":[{"embeddable":true,"href":"https:\/\/www.europesays.com\/de\/wp-json\/wp\/v2\/users\/2"}],"replies":[{"embeddable":true,"href":"https:\/\/www.europesays.com\/de\/wp-json\/wp\/v2\/comments?post=1220355"}],"version-history":[{"count":0,"href":"https:\/\/www.europesays.com\/de\/wp-json\/wp\/v2\/posts\/1220355\/revisions"}],"wp:featuredmedia":[{"embeddable":true,"href":"https:\/\/www.europesays.com\/de\/wp-json\/wp\/v2\/media\/1220356"}],"wp:attachment":[{"href":"https:\/\/www.europesays.com\/de\/wp-json\/wp\/v2\/media?parent=1220355"}],"wp:term":[{"taxonomy":"category","embeddable":true,"href":"https:\/\/www.europesays.com\/de\/wp-json\/wp\/v2\/categories?post=1220355"},{"taxonomy":"post_tag","embeddable":true,"href":"https:\/\/www.europesays.com\/de\/wp-json\/wp\/v2\/tags?post=1220355"}],"curies":[{"name":"wp","href":"https:\/\/api.w.org\/{rel}","templated":true}]}}