{"id":1220363,"date":"2026-08-06T22:04:18","date_gmt":"2026-08-06T22:04:18","guid":{"rendered":"https:\/\/www.europesays.com\/de\/1220363\/"},"modified":"2026-08-06T22:04:18","modified_gmt":"2026-08-06T22:04:18","slug":"selenskyj-gibt-angriffsbefehl-auf-russische-ruestungsfirmen","status":"publish","type":"post","link":"https:\/\/www.europesays.com\/de\/1220363\/","title":{"rendered":"Selenskyj gibt Angriffsbefehl auf russische R\u00fcstungsfirmen"},"content":{"rendered":"<p>Newsblog zum Krieg in der Ukraine <\/p>\n<p>Selenskyj gibt Angriffsbefehl auf russische R\u00fcstungsfirmen<\/p>\n<p>Von <a href=\"https:\/\/www.t-online.de\/author\/id_100237118\/simon-cleven.html\" class=\"transition-colors cursor-pointer no-underline md:hover:text-magenta md:focus:text-magenta text-inherit\" rel=\"nofollow noopener\" target=\"_blank\">S. Cleven<\/a>, <a href=\"https:\/\/www.t-online.de\/author\/id_92437676\/julian-seiferth.html\" class=\"transition-colors cursor-pointer no-underline md:hover:text-magenta md:focus:text-magenta text-inherit\" rel=\"nofollow noopener\" target=\"_blank\">J. Seiferth<\/a>, <a href=\"https:\/\/www.t-online.de\/author\/id_100490570\/finn-michalski.html\" class=\"transition-colors cursor-pointer no-underline md:hover:text-magenta md:focus:text-magenta text-inherit\" rel=\"nofollow noopener\" target=\"_blank\">F. Michalski<\/a>, <a href=\"https:\/\/www.t-online.de\/author\/id_92328834\/charlotta-siemer.html\" class=\"transition-colors cursor-pointer no-underline md:hover:text-magenta md:focus:text-magenta text-inherit\" rel=\"nofollow noopener\" target=\"_blank\">C. Siemer<\/a>, <a href=\"https:\/\/www.t-online.de\/author\/id_83634734\/anna-lena-janzen.html\" class=\"transition-colors cursor-pointer no-underline md:hover:text-magenta md:focus:text-magenta text-inherit\" rel=\"nofollow noopener\" target=\"_blank\">A. Janzen<\/a>, <a href=\"https:\/\/www.t-online.de\/author\/id_90737704\/christoph-coeln.html\" class=\"transition-colors cursor-pointer no-underline md:hover:text-magenta md:focus:text-magenta text-inherit\" rel=\"nofollow noopener\" target=\"_blank\">C. C\u00f6ln<\/a>, <a href=\"https:\/\/www.t-online.de\/author\/id_89234910\/thomas-wanhoff.html\" class=\"transition-colors cursor-pointer no-underline md:hover:text-magenta md:focus:text-magenta text-inherit\" rel=\"nofollow noopener\" target=\"_blank\">T. Wanhoff<\/a>, <a href=\"https:\/\/www.t-online.de\/author\/id_83403284\/martin-kueper.html\" class=\"transition-colors cursor-pointer no-underline md:hover:text-magenta md:focus:text-magenta text-inherit\" rel=\"nofollow noopener\" target=\"_blank\">M. K\u00fcper<\/a>, <a href=\"https:\/\/www.t-online.de\/author\/id_100402234\/jakob-hartung.html\" class=\"transition-colors cursor-pointer no-underline md:hover:text-magenta md:focus:text-magenta text-inherit\" rel=\"nofollow noopener\" target=\"_blank\">J. Hartung<\/a>, <a href=\"https:\/\/www.t-online.de\/author\/id_87278814\/mauritius-kloft.html\" class=\"transition-colors cursor-pointer no-underline md:hover:text-magenta md:focus:text-magenta text-inherit\" rel=\"nofollow noopener\" target=\"_blank\">M. Kloft<\/a>, <a href=\"https:\/\/www.t-online.de\/author\/id_100365168\/julian-alexander-fischer.html\" class=\"transition-colors cursor-pointer no-underline md:hover:text-magenta md:focus:text-magenta text-inherit\" rel=\"nofollow noopener\" target=\"_blank\">J. Fischer<\/a><\/p>\n<p>Aktualisiert am 06.08.2026 &#8211; 23:38 UhrLesedauer: 14 Min.<\/p>\n<p><a href=\"#focus-0\" class=\"transition-colors block text-current relative\" data-sctrack=\"FocusGalleryImage.Reference\"><img fetchpriority=\"high\" data-testid=\"Opener.Image\"   loading=\"eager\" src=\"https:\/\/www.europesays.com\/de\/wp-content\/uploads\/2026\/08\/ukraine-soldaten-feuern-raketen-ab-russische-ruestungsfirmen-sollen-ziele-von-neuen-agriffen-werden-.jpeg\" alt=\"Ukraine Soldaten feuern Raketen ab: Russische R\u00fcstungsfirmen sollen Ziele von neuen Agriffen werden. (Archivbild)\" title=\"Ukraine Soldaten feuern Raketen ab: Russische R\u00fcstungsfirmen sollen Ziele von neuen Agriffen werden. (Archivbild)\" width=\"5272\" height=\"2966\" class=\"bg-[url:var(--lqipURL)] bg-cover bg-center flex h-full w-full max-w-full\" style=\"--lqipURL:url('https:\/\/images.t-online.de\/2026\/08\/oYrDRRp8NqJR\/0x275:5272x2966\/fit-in\/150x0\/filters:blur(25)\/ukraine-soldaten-feuern-raketen-ab-russische-ruestungsfirmen-sollen-ziele-von-neuen-agriffen-werden-archivbild.jpg')\" decoding=\"async\"\/><img loading=\"lazy\" src=\"https:\/\/www.t-online.de\/s\/paper\/_next\/static\/media\/zoom-in.f7dae02f.svg\" alt=\"Vergr\u00f6\u00dfern des Bildes\" title=\"Vergr\u00f6\u00dfern des Bildes\" class=\"block h-[calc(var(--height)_\/_16_*_1rem)] w-[calc(var(--width)_\/_16_*_1rem)] max-w-none absolute right-8 bottom-8 rounded-4 bg-snow p-8\" style=\"--width:32;--height:32\" decoding=\"async\"\/><\/a><\/p>\n<p>Ukraine Soldaten feuern Raketen ab: Russische R\u00fcstungsfirmen sollen Ziele von neuen Agriffen werden. (Archivbild) (Quelle: IMAGO\/Smoliyenko Dmytro\/Ukrinform\/ABACA\/imago)<\/p>\n<p class=\"text-center\">Jetzt neu bei t-online:<\/p>\n<p class=\"text-center\">Schriftgr\u00f6\u00dfe anpassen!<\/p>\n<p><img loading=\"lazy\" src=\"https:\/\/www.t-online.de\/s\/paper\/_next\/static\/media\/font-sizes.32942e33.svg\" alt=\"\" title=\"\" class=\"block h-[calc(var(--height)_\/_16_*_1rem)] w-[calc(var(--width)_\/_16_*_1rem)] max-w-none group-hover:hidden group-aria-expanded:hidden\" style=\"--width:16;--height:16\" decoding=\"async\"\/><img loading=\"lazy\" src=\"https:\/\/www.t-online.de\/s\/paper\/_next\/static\/media\/font-sizes-dark-mode.e382645c.svg\" alt=\"\" title=\"\" class=\"block h-[calc(var(--height)_\/_16_*_1rem)] w-[calc(var(--width)_\/_16_*_1rem)] max-w-none hidden group-hover:block group-aria-expanded:block\" style=\"--width:16;--height:16\" decoding=\"async\"\/><img loading=\"lazy\" src=\"https:\/\/www.t-online.de\/s\/paper\/_next\/static\/media\/sharing-menu-icon.1eb71368.svg\" alt=\"\" title=\"\" class=\"block h-[calc(var(--height)_\/_16_*_1rem)] w-[calc(var(--width)_\/_16_*_1rem)] max-w-none group-hover:brightness-0 group-hover:invert\" style=\"--width:16;--height:16\" decoding=\"async\"\/>Artikel teilen<\/p>\n<p class=\"font-bold text-18 leading-17 user-text-lg:text-22 user-text-xl:text-24\">Der ukrainische Pr\u00e4sident schneidet in einer Umfrage schlecht ab. Die Ukraine will mehr russische R\u00fcstungsfirmen angreifen. Alle Entwicklungen im Newsblog.<\/p>\n<p>Selenskyj gibt Angriffsbefehl auf russische R\u00fcstungsfirmen<\/p>\n<p class=\"text-18 leading-17 user-text-lg:text-22 user-text-xl:text-24\">Der ukrainische Pr\u00e4sident <a href=\"https:\/\/www.t-online.de\/themen\/wolodymyr-selenskyj\/\" class=\"transition-colors cursor-pointer no-underline md:hover:text-magenta md:focus:text-magenta border-b border-solid border-current text-salemsfur md:hover:border-magenta\" data-tracking=\"{&quot;action&quot;:&quot;click&quot;,&quot;category&quot;:&quot;intextLink&quot;,&quot;label&quot;:&quot;\/themen\/wolodymyr-selenskyj\/&quot;}\" data-sctrack=\"BodyAnchor\" rel=\"nofollow noopener\" target=\"_blank\">Wolodymyr Selenskyj<\/a> hat bei einer Sitzung der milit\u00e4rischen und politischen F\u00fchrung seines Landes spezielle Eins\u00e4tze gegen Russlands R\u00fcstungsindustrie angeordnet. Dabei gehe es um &#8222;bestimmte Unternehmen, die wir bereits identifiziert haben&#8220;, teilte Selenskyj auf Facebook mit. Alle Anwesenden bei der Sitzung h\u00e4tten klare Aufgaben erhalten. &#8222;Ich erwarte, dass sie vollst\u00e4ndig erf\u00fcllt werden.&#8220; Russlands Milit\u00e4rindustrie m\u00fcsse &#8222;sp\u00fcrbar eingeschr\u00e4nkt&#8220; werden.<\/p>\n<p class=\"text-18 leading-17 user-text-lg:text-22 user-text-xl:text-24\">Details zu den bevorstehenden Eins\u00e4tzen nannte Selenskyj nicht. Er beklagte, dass <a href=\"https:\/\/www.t-online.de\/themen\/moskau\/\" class=\"transition-colors cursor-pointer no-underline md:hover:text-magenta md:focus:text-magenta border-b border-solid border-current text-salemsfur md:hover:border-magenta\" data-tracking=\"{&quot;action&quot;:&quot;click&quot;,&quot;category&quot;:&quot;intextLink&quot;,&quot;label&quot;:&quot;\/themen\/moskau\/&quot;}\" data-sctrack=\"BodyAnchor\" rel=\"nofollow noopener\" target=\"_blank\">Moskau<\/a> weiterhin Unterst\u00fctzung sowie wichtige Komponenten f\u00fcr seine Kriegsf\u00fchrung aus dem Ausland erhalte. &#8222;Wir sehen, dass jede russische Rakete, jede Drohne und andere Waffen kritische Komponenten aus anderen L\u00e4ndern enthalten, ohne die solche Waffen einfach nicht existieren k\u00f6nnten.&#8220;<\/p>\n<p>Umfrage: Mehrheit der Ukrainer misstraut Pr\u00e4sident Selenskyj<\/p>\n<p class=\"text-18 leading-17 user-text-lg:text-22 user-text-xl:text-24\">Der fr\u00fchere ukrainische Armeechef Walerij Saluschnyj ist in einer <a href=\"https:\/\/www.t-online.de\/themen\/umfragen\/\" class=\"transition-colors cursor-pointer no-underline md:hover:text-magenta md:focus:text-magenta border-b border-solid border-current text-salemsfur md:hover:border-magenta\" data-tracking=\"{&quot;action&quot;:&quot;click&quot;,&quot;category&quot;:&quot;intextLink&quot;,&quot;label&quot;:&quot;\/themen\/umfragen\/&quot;}\" data-sctrack=\"BodyAnchor\" rel=\"nofollow noopener\" target=\"_blank\">Umfrage<\/a> zum vertrauensw\u00fcrdigsten Politiker seines Landes gek\u00fcrt worden. Auf den Pl\u00e4tzen unmittelbar dahinter landeten der erst vor kurzem entlassene Verteidigungsminister Mychajlo Fedorow sowie der Kommandeur der ukrainischen Drohnen-Streitkr\u00e4fte, Robert Browdy. Pr\u00e4sident Wolodymyr Selenskyj landete in der Umfrage des sozialen Umfrageinstituts &#8222;Sozis&#8220; nur auf dem sechsten Rang, noch hinter dem neuen Armeechef Mychajlo Drapatyj und dem Leiter seiner Pr\u00e4sidialkanzlei, Kyryllo Budanow.<\/p>\n<p class=\"text-18 leading-17 user-text-lg:text-22 user-text-xl:text-24\">Die repr\u00e4sentative Umfrage unter 2.000 Ukrainern wurde nach Angaben von &#8222;Sozis&#8220; zwischen dem 28. Juli und 2. August durchgef\u00fchrt. Neben einer Reihe von Fragen zu m\u00f6glichen Favoriten bei eventuellen Wahlen lautete die wichtigste Frage: &#8222;Inwieweit vertrauen sie den folgenden politischen F\u00fchrern?&#8220; Dabei schnitt Saluschnyj, inzwischen Botschafter in <a href=\"https:\/\/www.t-online.de\/themen\/london\/\" class=\"transition-colors cursor-pointer no-underline md:hover:text-magenta md:focus:text-magenta border-b border-solid border-current text-salemsfur md:hover:border-magenta\" data-tracking=\"{&quot;action&quot;:&quot;click&quot;,&quot;category&quot;:&quot;intextLink&quot;,&quot;label&quot;:&quot;\/themen\/london\/&quot;}\" data-sctrack=\"BodyAnchor\" rel=\"nofollow noopener\" target=\"_blank\">London<\/a>, mit 27,8 Prozent &#8222;voll und ganz&#8220; und 37,1 Prozent &#8222;eher ja&#8220; am besten ab, ganz knapp vor Fedorow.<\/p>\n<p class=\"text-18 leading-17 user-text-lg:text-22 user-text-xl:text-24\">Selenskyj konnte 18 Prozent der Befragten mit vollem Vertrauen hinter sich sehen, ein &#8222;eher ja&#8220; erhielt der Pr\u00e4sident von 24,5 Prozent. Wenig Vertrauen in ihn hatten 17 Prozent, w\u00e4hrend 37 Prozent angaben, \u00fcberhaupt kein Vertrauen in ihren Staatschef zu haben.<\/p>\n<p>Russland attackiert deutschen Frachter im Schwarzen Meer<\/p>\n<p class=\"text-18 leading-17 user-text-lg:text-22 user-text-xl:text-24\">Ein Frachter einer deutschen Reederei ist im <a href=\"https:\/\/www.t-online.de\/themen\/schwarzes-meer\/\" class=\"transition-colors cursor-pointer no-underline md:hover:text-magenta md:focus:text-magenta border-b border-solid border-current text-salemsfur md:hover:border-magenta\" data-tracking=\"{&quot;action&quot;:&quot;click&quot;,&quot;category&quot;:&quot;intextLink&quot;,&quot;label&quot;:&quot;\/themen\/schwarzes-meer\/&quot;}\" data-sctrack=\"BodyAnchor\" rel=\"nofollow noopener\" target=\"_blank\">Schwarzen Meer<\/a> von russischen Drohnen getroffen worden. Die &#8222;Emil&#8220; sei am Mittwoch rund 21 Seemeilen vor der ukrainischen Hafenstadt Odessa unterwegs gewesen, als sie mehrfach angegriffen worden sein soll, berichtet die &#8222;Bild&#8220;-Zeitung. Dem Bericht zufolge brach Feuer aus, mehrere technische Systeme fielen aus. Das Schiff sei zeitweise man\u00f6vrierunf\u00e4hig gewesen.<\/p>\n<p class=\"text-18 leading-17 user-text-lg:text-22 user-text-xl:text-24\">Die &#8222;Emil&#8220; f\u00e4hrt unter liberianischer Flagge, geh\u00f6rt aber der Reederei Johann M. K. Blumenthal GmbH &amp; Co. KG mit Sitz in <a href=\"https:\/\/hamburg.t-online.de\/region\/hamburg\/\" class=\"transition-colors cursor-pointer no-underline md:hover:text-magenta md:focus:text-magenta border-b border-solid border-current text-salemsfur md:hover:border-magenta\" data-tracking=\"{&quot;action&quot;:&quot;click&quot;,&quot;category&quot;:&quot;intextLink&quot;,&quot;label&quot;:&quot;https:\/\/hamburg.t-online.de\/region\/hamburg\/&quot;}\" data-sctrack=\"BodyAnchor\" rel=\"nofollow noopener\" target=\"_blank\">Hamburg<\/a>. Die elf Besatzungsmitglieder wurden laut &#8222;Bild&#8220; evakuiert, Deutsche seien nicht darunter gewesen. Verletzt wurde demnach niemand. W\u00e4hrend der Evakuierung soll es aber zu einem weiteren Angriff gekommen sein.<\/p>\n","protected":false},"excerpt":{"rendered":"Newsblog zum Krieg in der Ukraine Selenskyj gibt Angriffsbefehl auf russische R\u00fcstungsfirmen Von S. Cleven, J. Seiferth, F.&hellip;\n","protected":false},"author":2,"featured_media":1220364,"comment_status":"","ping_status":"","sticky":false,"template":"","format":"standard","meta":{"footnotes":"","_share_on_mastodon":"0"},"categories":[3],"tags":[144654,1217,326,6079,253739,916,9492,1478,1479,291,13,119092,72570,4036,451,308,13994,159510,14,15,3129,18223,19094,307,28580,747,41599,6402,12,8522,10,8,9,11,317,312,4649,86072,103,306,107,104],"class_list":["post-1220363","post","type-post","status-publish","format-standard","has-post-thumbnail","category-welt","tag-guinea-bissau","tag-1217","tag-326","tag-6079","tag-angriffsbefehl","tag-belarus","tag-bild-zeitung","tag-drohne","tag-drohnenangriff","tag-facebook","tag-headlines","tag-jaroslawl","tag-jekaterinburg","tag-london","tag-militaer","tag-moskau","tag-mychajlo-drapatyj","tag-mychajlo-fedorow","tag-nachrichten","tag-news","tag-newsblog","tag-odessa","tag-oleh-kiper","tag-russland","tag-ruestungsfirma","tag-ruestungsindustrie","tag-sankt-petersburg","tag-schiff","tag-schlagzeilen","tag-schwarze-meer","tag-top-news","tag-top-meldungen","tag-topmeldungen","tag-topnews","tag-ukraine","tag-ukrainekrieg","tag-umfrage","tag-walerij-saluschnyj","tag-welt","tag-wladimir-putin","tag-wolodymyr-selenskyj","tag-world"],"share_on_mastodon":{"url":"","error":"Validation failed: Text character limit of 500 exceeded"},"_links":{"self":[{"href":"https:\/\/www.europesays.com\/de\/wp-json\/wp\/v2\/posts\/1220363","targetHints":{"allow":["GET"]}}],"collection":[{"href":"https:\/\/www.europesays.com\/de\/wp-json\/wp\/v2\/posts"}],"about":[{"href":"https:\/\/www.europesays.com\/de\/wp-json\/wp\/v2\/types\/post"}],"author":[{"embeddable":true,"href":"https:\/\/www.europesays.com\/de\/wp-json\/wp\/v2\/users\/2"}],"replies":[{"embeddable":true,"href":"https:\/\/www.europesays.com\/de\/wp-json\/wp\/v2\/comments?post=1220363"}],"version-history":[{"count":0,"href":"https:\/\/www.europesays.com\/de\/wp-json\/wp\/v2\/posts\/1220363\/revisions"}],"wp:featuredmedia":[{"embeddable":true,"href":"https:\/\/www.europesays.com\/de\/wp-json\/wp\/v2\/media\/1220364"}],"wp:attachment":[{"href":"https:\/\/www.europesays.com\/de\/wp-json\/wp\/v2\/media?parent=1220363"}],"wp:term":[{"taxonomy":"category","embeddable":true,"href":"https:\/\/www.europesays.com\/de\/wp-json\/wp\/v2\/categories?post=1220363"},{"taxonomy":"post_tag","embeddable":true,"href":"https:\/\/www.europesays.com\/de\/wp-json\/wp\/v2\/tags?post=1220363"}],"curies":[{"name":"wp","href":"https:\/\/api.w.org\/{rel}","templated":true}]}}