{"id":1220367,"date":"2026-08-06T22:06:19","date_gmt":"2026-08-06T22:06:19","guid":{"rendered":"https:\/\/www.europesays.com\/de\/1220367\/"},"modified":"2026-08-06T22:06:19","modified_gmt":"2026-08-06T22:06:19","slug":"niedrigwasser-in-donau-tote-deutsche-soldaten-neben-weltkriegs-motorrad-gefunden-news","status":"publish","type":"post","link":"https:\/\/www.europesays.com\/de\/1220367\/","title":{"rendered":"Niedrigwasser in Donau: Tote deutsche Soldaten neben Weltkriegs-Motorrad gefunden | News"},"content":{"rendered":"<p><a class=\"skip-content skip-content--link\" href=\"#in-content-skip-link-target-v-0-0\">TTS-Player \u00fcberspringen\u21b5<\/a><a id=\"in-content-skip-link-target-v-0-0\" class=\"skip-content--target-link-hidden skip-content skip-content--target-link\" href=\"#in-content-skip-link-target-v-0-0\">Artikel weiterlesen<\/a><\/p>\n<p data-bbd632a7=\"0-982\">Budapest \u2013 <b>Mehr als 80 Jahre lang lagen sie im Schlamm der Donau verborgen, das extreme Niedrigwasser brachte sie jetzt zum Vorschein: die \u00dcberreste zweier deutscher Soldaten und ein fast vollst\u00e4ndig erhaltenes Wehrmachtsmotorrad. Passanten hatten am Batthy\u00e1ny-Platz, direkt gegen\u00fcber dem ungarischen Parlamentsgeb\u00e4ude, zun\u00e4chst nur die Gabel eines Motorrads bemerkt, die zwischen den Felsen am Ufer hervorragte. Daraufhin r\u00fcckten Experten des ungarischen Milit\u00e4rhistorischen Instituts an. <\/b><\/p>\n<p data-bbd632a7=\"0-982\">Bei der Untersuchung der Fundstelle stie\u00dfen die Experten auf eine au\u00dfergew\u00f6hnlich gut erhaltene deutsche Milit\u00e4rmaschine, vermutlich eine DKW NZ 350-1. Dieses Modell wurde ab 1944 f\u00fcr den Kriegseinsatz produziert und galt als besonders robust. Der Donau-Schlamm hatte das Motorrad \u00fcberraschend gut konserviert. <\/p>\n<p><img decoding=\"async\" width=\"992\" height=\"740\" alt=\"Genau vor dem Parlamentsgeb\u00e4ude wurde die Toten gefunden\" loading=\"lazy\" src=\"https:\/\/www.europesays.com\/de\/wp-content\/uploads\/2026\/08\/f4d8c6a891e1539526b7d1ec2901b301,26bdc51b.jpeg\"   class=\"dynamic\"\/><\/p>\n<p class=\"fig__caption__text\">Auf der Budaer Seite, genau gegen\u00fcber des Parlamentsgeb\u00e4udes, wurden die Toten und das Motorrad gefunden<\/p>\n<p>Foto: Volksbund Deutsche Kriegsgr\u00e4berf\u00fcrsorge e. V<\/p>\n<p>Bergung wurde zur heiklen Mission<\/p>\n<p data-bbd632a7=\"0-982\">Doch die Bergung wurde schnell zur heiklen Mission. Denn im Umfeld des Motorrads fanden die Spezialisten zahlreiche Kampfmittel aus dem <a href=\"https:\/\/www.bild.de\/bild\/themen\/ereignisse\/zweiter-weltkrieg-alle-infos-E9Bp66t6DRKjK5t1fqrC\" class=\"text-link\" rel=\"nofollow noopener\" target=\"_blank\">Zweiten Weltkrieg<\/a>, darunter deutsche Panzerabwehrminen des Typs TMi-35, Handgranaten- und Artilleriegranatenreste. Kampfmittelr\u00e4umer mussten mehrfach anr\u00fccken, zeitweise wurde sogar eine Uferstra\u00dfe gesperrt. Erst nachdem die gef\u00e4hrlichen Sprengk\u00f6rper entfernt waren, konnte die eigentliche Bergung beginnen. Unter dem <a href=\"https:\/\/www.bild.de\/themen\/specials\/motorrad\/nachrichten-auto-news-fotos-videos-22099468.bild.html\" class=\"text-link\" rel=\"nofollow noopener\" target=\"_blank\">Motorrad<\/a> entdeckten die Fachleute menschliche \u00dcberreste. Eine Untersuchung ergab, dass es sich um zwei deutsche Soldaten aus der Zeit des Zweiten Weltkriegs handelt. <\/p>\n<p><img decoding=\"async\" width=\"992\" height=\"1178\" alt=\"Die beiden toten Soldaten m\u00fcssen noch identifiziert werden\" loading=\"lazy\" src=\"https:\/\/www.europesays.com\/de\/wp-content\/uploads\/2026\/08\/18c2f61d7a8e59db69e34a7aef91ec59,4dea4694.jpeg\"   class=\"portrait\"\/><\/p>\n<p class=\"fig__caption__text\">Die beiden toten Soldaten sind noch nicht identifiziert worden<\/p>\n<p>Foto: Volksbund Deutsche Kriegsgr\u00e4berf\u00fcrsorge e.V.<\/p>\n<p>Erkennungsmarken gut erhalten<\/p>\n<p data-bbd632a7=\"983-1964\">Inzwischen hat ein ungarischer Partner des Volksbundes Deutsche Kriegsgr\u00e4berf\u00fcrsorge die Bergung der <a href=\"https:\/\/www.bild.de\/themen\/specials\/tod\/ratgeber-todesfall-trauer-nachrichten-25350234.bild.html\" class=\"text-link\" rel=\"nofollow noopener\" target=\"_blank\">Toten<\/a> \u00fcbernommen. Besonders wertvoll f\u00fcr ihre Identifizierung sind zwei \u00fcberraschend gut erhaltene Erkennungsmarken. Der Hafenschlamm war an dieser Stelle mit Gas\u00f6l vermischt und konservierte die Metallplatten so gut, dass Zahlen und Buchstaben noch lesbar sind. \u201eJetzt beginnt eine Puzzlearbeit, bei der wir versuchen werden, die Identit\u00e4t der beiden Toten festzustellen\u201c, sagte Arne Schrader, Leiter der Abteilung Kriegsgr\u00e4berdienst und Internationale Beziehungen beim Volksbund, zu BILD. \u201eNeben der Auswertung der Erkennungsmarken werden wir uns die Gefechtstageb\u00fccher anschauen.\u201c<\/p>\n<p><img decoding=\"async\" width=\"992\" height=\"1178\" alt=\"Die Erkennungsmarken der Toten sind in einem guten Zustand.\" loading=\"lazy\" src=\"https:\/\/www.europesays.com\/de\/wp-content\/uploads\/2026\/08\/cb2299ae68ba4855487f269743456a2c,d35faee9.jpeg\"   class=\"portrait\"\/><\/p>\n<p class=\"fig__caption__text\">Die Erkennungsmarken der Toten sind in einem guten Zustand<\/p>\n<p>Foto: Volksbund Deutsche Kriegsgr\u00e4berf\u00fcrsorge e. V<\/p>\n<p>Soldaten nie offiziell als gefallen registriert?<\/p>\n<p data-bbd632a7=\"1965-2976\">Bemerkenswert: Beide Erkennungsmarken sind vollst\u00e4ndig. Normalerweise wurde im Todesfall eine H\u00e4lfte beim gefallenen Soldaten belassen, w\u00e4hrend die andere H\u00e4lfte an die damalige Wehrmachtsauskunftstelle nach Berlin geschickt wurde. Von dort wurden Angeh\u00f6rige \u00fcber den Tod informiert. Die vollst\u00e4ndigen Marken k\u00f6nnten darauf hindeuten, dass die M\u00e4nner damals nie offiziell als gefallen registriert wurden. <a href=\"https:\/\/www.bild.de\/themen\/orte\/budapest\/nachrichten-news-fotos-videos-17242790.bild.html\" class=\"text-link\" rel=\"nofollow noopener\" target=\"_blank\">Budapest<\/a> war Anfang 1945 Schauplatz erbitterter K\u00e4mpfe zwischen der Roten Armee und der Wehrmacht.<\/p>\n<p data-bbd632a7=\"1965-2976\">Die sterblichen \u00dcberreste sollen nach Abschluss der Untersuchungen auf der deutschen Kriegsgr\u00e4berst\u00e4tte Buda\u00f6rs bei Budapest bestattet werden. Dort ruhen bereits Tausende deutsche und ungarische Kriegstote des Zweiten Weltkriegs.<\/p>\n","protected":false},"excerpt":{"rendered":"TTS-Player \u00fcberspringen\u21b5Artikel weiterlesen Budapest \u2013 Mehr als 80 Jahre lang lagen sie im Schlamm der Donau verborgen, das&hellip;\n","protected":false},"author":2,"featured_media":1220368,"comment_status":"","ping_status":"","sticky":false,"template":"","format":"standard","meta":{"footnotes":"","_share_on_mastodon":"0"},"categories":[5],"tags":[181674,13,14,15,12,227858,10,8,9,11,120,119,253740,2657],"class_list":["post-1220367","post","type-post","status-publish","format-standard","has-post-thumbnail","category-nachrichten","tag-deep-news","tag-headlines","tag-nachrichten","tag-news","tag-schlagzeilen","tag-team-deep","tag-top-news","tag-top-meldungen","tag-topmeldungen","tag-topnews","tag-vermisst","tag-vermisste-personen","tag-volksbund-fuer-kriegsgraeberfuersorge","tag-zweiter-weltkrieg"],"share_on_mastodon":{"url":"https:\/\/pubeurope.com\/@de\/117050840893762841","error":""},"_links":{"self":[{"href":"https:\/\/www.europesays.com\/de\/wp-json\/wp\/v2\/posts\/1220367","targetHints":{"allow":["GET"]}}],"collection":[{"href":"https:\/\/www.europesays.com\/de\/wp-json\/wp\/v2\/posts"}],"about":[{"href":"https:\/\/www.europesays.com\/de\/wp-json\/wp\/v2\/types\/post"}],"author":[{"embeddable":true,"href":"https:\/\/www.europesays.com\/de\/wp-json\/wp\/v2\/users\/2"}],"replies":[{"embeddable":true,"href":"https:\/\/www.europesays.com\/de\/wp-json\/wp\/v2\/comments?post=1220367"}],"version-history":[{"count":0,"href":"https:\/\/www.europesays.com\/de\/wp-json\/wp\/v2\/posts\/1220367\/revisions"}],"wp:featuredmedia":[{"embeddable":true,"href":"https:\/\/www.europesays.com\/de\/wp-json\/wp\/v2\/media\/1220368"}],"wp:attachment":[{"href":"https:\/\/www.europesays.com\/de\/wp-json\/wp\/v2\/media?parent=1220367"}],"wp:term":[{"taxonomy":"category","embeddable":true,"href":"https:\/\/www.europesays.com\/de\/wp-json\/wp\/v2\/categories?post=1220367"},{"taxonomy":"post_tag","embeddable":true,"href":"https:\/\/www.europesays.com\/de\/wp-json\/wp\/v2\/tags?post=1220367"}],"curies":[{"name":"wp","href":"https:\/\/api.w.org\/{rel}","templated":true}]}}