{"id":1220409,"date":"2026-08-06T22:31:16","date_gmt":"2026-08-06T22:31:16","guid":{"rendered":"https:\/\/www.europesays.com\/de\/1220409\/"},"modified":"2026-08-06T22:31:16","modified_gmt":"2026-08-06T22:31:16","slug":"umfrage-ukrainer-vertrauen-selenskyj-weniger-als-militaers","status":"publish","type":"post","link":"https:\/\/www.europesays.com\/de\/1220409\/","title":{"rendered":"Umfrage: Ukrainer vertrauen Selenskyj weniger als Milit\u00e4rs"},"content":{"rendered":"<p class=\"text-18 leading-17 user-text-lg:text-22 user-text-xl:text-24\">Selenskyj konnte nur 18 Prozent der Befragten mit vollem Vertrauen hinter sich sehen, ein &#8222;eher ja&#8220; erhielt der Pr\u00e4sident von 24,5 Prozent. Wenig Vertrauen in ihn hatten 17 Prozent, w\u00e4hrend 37 Prozent angaben, \u00fcberhaupt kein Vertrauen in ihren Staatschef zu haben.<\/p>\n<p class=\"text-18 leading-17 user-text-lg:text-22 user-text-xl:text-24\">Auch allgemein sind die Ukrainer unzufrieden. Auf die Frage, ob das Land in die richtige Richtung gehe, sagten 31,8 Prozent nein, 12,7 Prozent ja, 23,7 Prozent sehen es eher in die richtige Richtung gehen und 23,8 Prozent eher nicht. Deutlicher sind die Aussagen auf die Frage, ob sich die Situation im Land ver\u00e4ndert hat. 55,9 Prozent sagen, es sei schlechter geworden, 32,3 Prozent sehen die Lage unver\u00e4ndert, 9,4 Prozent sehen eine Verbesserung, der Rest war unentschieden.<\/p>\n<p class=\"text-18 leading-17 user-text-lg:text-22 user-text-xl:text-24\">Am meisten st\u00f6rt die Befragten die Korruption auf den h\u00f6chsten Ebenen (49,3 Prozent) des Staates. Korruption auf unteren Ebenen sehen nur 18,4 Prozent als Problem. Selenskyj steht wegen mehrerer Korruptionsaff\u00e4ren in seiner Regierung in der Kritik.<\/p>\n<p class=\"text-18 leading-17 user-text-lg:text-22 user-text-xl:text-24\">Die st\u00e4ndigen Drohnen- und Raketenangriffe durch <a href=\"https:\/\/www.t-online.de\/themen\/russland\/\" class=\"transition-colors cursor-pointer no-underline md:hover:text-magenta md:focus:text-magenta border-b border-solid border-current text-salemsfur md:hover:border-magenta\" data-tracking=\"{&quot;action&quot;:&quot;click&quot;,&quot;category&quot;:&quot;intextLink&quot;,&quot;label&quot;:&quot;\/themen\/russland\/&quot;}\" data-sctrack=\"BodyAnchor\" rel=\"nofollow noopener\" target=\"_blank\">Russland<\/a> sehen 44,6 Prozent als gro\u00dfes Problem, die gef\u00fchlte Verringerung der allgemeinen Lebensqualit\u00e4t 39,4 Prozent. Der staatliche Geheimdienst SBU wird als die effektivste Beh\u00f6rde angesehen, die Milit\u00e4rf\u00fchrung steht in diesem Ranking auf Platz zwei, dann erst kommt das B\u00fcro des Pr\u00e4sidenten.<\/p>\n","protected":false},"excerpt":{"rendered":"Selenskyj konnte nur 18 Prozent der Befragten mit vollem Vertrauen hinter sich sehen, ein &#8222;eher ja&#8220; erhielt der&hellip;\n","protected":false},"author":2,"featured_media":1220264,"comment_status":"","ping_status":"","sticky":false,"template":"","format":"standard","meta":{"footnotes":"","_share_on_mastodon":"0"},"categories":[4012],"tags":[1217,331,332,1478,13,5793,4045,324,451,159510,14,15,12,6375,317,4649,86072,107],"class_list":["post-1220409","post","type-post","status-publish","format-standard","has-post-thumbnail","category-ukraine","tag-1217","tag-aktuelle-nachrichten","tag-aktuelle-news","tag-drohne","tag-headlines","tag-kiew","tag-konflikt","tag-korruption","tag-militaer","tag-mychajlo-fedorow","tag-nachrichten","tag-news","tag-schlagzeilen","tag-streitkraefte","tag-ukraine","tag-umfrage","tag-walerij-saluschnyj","tag-wolodymyr-selenskyj"],"share_on_mastodon":{"url":"https:\/\/pubeurope.com\/@de\/117050938899380925","error":""},"_links":{"self":[{"href":"https:\/\/www.europesays.com\/de\/wp-json\/wp\/v2\/posts\/1220409","targetHints":{"allow":["GET"]}}],"collection":[{"href":"https:\/\/www.europesays.com\/de\/wp-json\/wp\/v2\/posts"}],"about":[{"href":"https:\/\/www.europesays.com\/de\/wp-json\/wp\/v2\/types\/post"}],"author":[{"embeddable":true,"href":"https:\/\/www.europesays.com\/de\/wp-json\/wp\/v2\/users\/2"}],"replies":[{"embeddable":true,"href":"https:\/\/www.europesays.com\/de\/wp-json\/wp\/v2\/comments?post=1220409"}],"version-history":[{"count":0,"href":"https:\/\/www.europesays.com\/de\/wp-json\/wp\/v2\/posts\/1220409\/revisions"}],"wp:featuredmedia":[{"embeddable":true,"href":"https:\/\/www.europesays.com\/de\/wp-json\/wp\/v2\/media\/1220264"}],"wp:attachment":[{"href":"https:\/\/www.europesays.com\/de\/wp-json\/wp\/v2\/media?parent=1220409"}],"wp:term":[{"taxonomy":"category","embeddable":true,"href":"https:\/\/www.europesays.com\/de\/wp-json\/wp\/v2\/categories?post=1220409"},{"taxonomy":"post_tag","embeddable":true,"href":"https:\/\/www.europesays.com\/de\/wp-json\/wp\/v2\/tags?post=1220409"}],"curies":[{"name":"wp","href":"https:\/\/api.w.org\/{rel}","templated":true}]}}