{"id":1220588,"date":"2026-08-07T00:38:19","date_gmt":"2026-08-07T00:38:19","guid":{"rendered":"https:\/\/www.europesays.com\/de\/1220588\/"},"modified":"2026-08-07T00:38:19","modified_gmt":"2026-08-07T00:38:19","slug":"stuttgart-trickdiebe-erbeuten-schmuck-im-wert-von-mehreren-zehntausend-euro-nachrichten-aus-stuttgart","status":"publish","type":"post","link":"https:\/\/www.europesays.com\/de\/1220588\/","title":{"rendered":"Stuttgart: Trickdiebe erbeuten Schmuck im Wert von mehreren Zehntausend Euro &#8211; Nachrichten aus Stuttgart"},"content":{"rendered":"<p><strong>Stuttgart. <\/strong> Zwei unbekannte Trickdiebe haben am Mittwoch (05.08.) Schmuck im Wert von mehreren Zehntausend Euro bei einem Juwelier erbeutet. Wie die Polizei mitteilt, betraten die Diebe das Ladengesch\u00e4ft in Stuttgart-Feuerbach und lie\u00dfen sich dort Schmuck zeigen.<\/p>\n<p>Die M\u00e4nner verwickelten den Ladeninhaber in ein Gespr\u00e4ch und entwendeten zeitgleich unbemerkt den Schmuck. Anschlie\u00dfend verlie\u00dfen sie unter einem Vorwand das Gesch\u00e4ft und fl\u00fcchteten.<\/p>\n<p>Wie sahen die T\u00e4ter <\/p>\n","protected":false},"excerpt":{"rendered":"Stuttgart. Zwei unbekannte Trickdiebe haben am Mittwoch (05.08.) Schmuck im Wert von mehreren Zehntausend Euro bei einem Juwelier&hellip;\n","protected":false},"author":2,"featured_media":1220589,"comment_status":"","ping_status":"","sticky":false,"template":"","format":"standard","meta":{"footnotes":"","_share_on_mastodon":"0"},"categories":[1830],"tags":[11056,1634,1950,3364,29,30,1441,40479,190824],"class_list":["post-1220588","post","type-post","status-publish","format-standard","has-post-thumbnail","category-stuttgart","tag-juwelier","tag-baden-wuerttemberg","tag-blaulicht","tag-de","tag-deutschland","tag-germany","tag-stuttgart","tag-trickbetrueger","tag-un_kein-userneed"],"share_on_mastodon":{"url":"https:\/\/pubeurope.com\/@de\/117051438566827511","error":""},"_links":{"self":[{"href":"https:\/\/www.europesays.com\/de\/wp-json\/wp\/v2\/posts\/1220588","targetHints":{"allow":["GET"]}}],"collection":[{"href":"https:\/\/www.europesays.com\/de\/wp-json\/wp\/v2\/posts"}],"about":[{"href":"https:\/\/www.europesays.com\/de\/wp-json\/wp\/v2\/types\/post"}],"author":[{"embeddable":true,"href":"https:\/\/www.europesays.com\/de\/wp-json\/wp\/v2\/users\/2"}],"replies":[{"embeddable":true,"href":"https:\/\/www.europesays.com\/de\/wp-json\/wp\/v2\/comments?post=1220588"}],"version-history":[{"count":0,"href":"https:\/\/www.europesays.com\/de\/wp-json\/wp\/v2\/posts\/1220588\/revisions"}],"wp:featuredmedia":[{"embeddable":true,"href":"https:\/\/www.europesays.com\/de\/wp-json\/wp\/v2\/media\/1220589"}],"wp:attachment":[{"href":"https:\/\/www.europesays.com\/de\/wp-json\/wp\/v2\/media?parent=1220588"}],"wp:term":[{"taxonomy":"category","embeddable":true,"href":"https:\/\/www.europesays.com\/de\/wp-json\/wp\/v2\/categories?post=1220588"},{"taxonomy":"post_tag","embeddable":true,"href":"https:\/\/www.europesays.com\/de\/wp-json\/wp\/v2\/tags?post=1220588"}],"curies":[{"name":"wp","href":"https:\/\/api.w.org\/{rel}","templated":true}]}}