{"id":1220663,"date":"2026-08-07T01:22:39","date_gmt":"2026-08-07T01:22:39","guid":{"rendered":"https:\/\/www.europesays.com\/de\/1220663\/"},"modified":"2026-08-07T01:22:39","modified_gmt":"2026-08-07T01:22:39","slug":"arminia-reist-zum-ksc-oliver-kirchs-erste-pressekonferenz-im-liveticker-zum-nachlesen","status":"publish","type":"post","link":"https:\/\/www.europesays.com\/de\/1220663\/","title":{"rendered":"Arminia reist zum KSC: Oliver Kirchs erste Pressekonferenz im Liveticker zum Nachlesen"},"content":{"rendered":"<ul>\n<li>\n<b class=\"bold\">Das Spiel:<\/b> Samstag, 8. August, 13 Uhr im BBBank Wildpark Karlsruhe<\/li>\n<li>\n<b class=\"bold\">Voraussichtliche Startaufstellung Arminia:<\/b> Kersken \u2013 Koudossou, Bauer, Gro\u00dfer, Handwerker \u2013 Russo \u2013 Schreck, W\u00f6rl \u2013 Momuluh, Grodowski, Rochelt<\/li>\n<li>\n<b class=\"bold\">Schiedsrichter:<\/b> Geleitet wird die Begegnung vom Unparteiischen Michael Bacher.<\/li>\n<\/ul>\n<p>        <a href=\"https:\/\/www.nw.de\/_em_daten\/_cache\/image\/1xZDV2TTBlVmZzY3I0SFdHWUNFTzlxeDJDc3FUdDVGWHZDRWI3SnVGS0YvaXBjR0dKMlo5NFV4T1JPQ1FTYVBhdzN1endoV1lCdDI4YW8vRDFBM251RnI1SU5ic2RsNUZMcHZNRnh0bUVhODA9\/260806-1123-920211062.jpg\" class=\"nw-article-image\" title=\"Arminia-Trainer Oliver Kirch im Gespr\u00e4ch.\" data-glightbox=\"type: image; description: Arminia-Trainer Oliver Kirch im Gespr\u00e4ch.  | \u00a9 Sarah Jonek \" rel=\"nofollow noopener\" target=\"_blank\"><br \/>\n            <img decoding=\"async\" src=\"https:\/\/www.europesays.com\/de\/wp-content\/uploads\/2026\/08\/260806-1123-920211062.jpg\" class=\"nw-img-fluid nw-w-full nw-lazy nw-rounded-t-md\" alt=\"Arminia-Trainer Oliver Kirch im Gespr\u00e4ch. - \u00a9 Sarah Jonek\" data-format=\"16:9\"\/><br \/>\n        <\/a><\/p>\n<p>                Arminia-Trainer Oliver Kirch im Gespr\u00e4ch.<br \/>\n                                    | \u00a9 Sarah Jonek<\/p>\n<p>Duell der Zweitliga-Trainer-Novizen<\/p>\n<p class=\"em_text\">Es geht wieder los: Die neue Zweitliga-Saison startet f\u00fcr Arminia Bielefeld mit einem Ausw\u00e4rtsspiel in Karlsruhe. Dabei d\u00fcrfte vielen Fans die vergangene Saison noch allzu gut in Erinnerung sein: Noch am vorletzten Spieltag k\u00e4mpften acht Teams um den Klassenerhalt \u2013 der DSC schaffte ihn mit einem furiosen 6:1 gegen Hertha BSC am letzten Spieltag. Auch in dieser Saison soll es wieder mit dem Klassenerhalt klappen. Dieses Ziel hat Sport-Gesch\u00e4ftsf\u00fchrer Michael Mutzel ausgegeben. Der Grundstein soll daf\u00fcr in Karlsruhe gelegt werden.<\/p>\n<p id=\"absatz3\" class=\"em_text\">26-mal trafen Arminia und der KSC bisher in der Zweiten Liga aufeinander. Zehn Spiele gewannen die Badenser, sieben die Ostwestfalen, neun endeten unentschieden. Das Spiel im Wildpark ist auch ein Duell der Zweitliga-Novizen auf den Trainerb\u00e4nken. F\u00fcr DSC-Coach und Kniat-Nachfolger Oliver Kirch ist es das erste Pflichtspiel im Profifu\u00dfball. Beim KSC hat Maximilian Senft im Sommer von Langzeittrainer Christian Eichner \u00fcbernommen.<\/p>\n<p>\n        \u00d7\n    <\/p>\n<p>\n            Sie erhalten in wenigen Minuten eine E-Mail zur Best\u00e4tigung Ihrer Anmeldung.\n        <\/p>\n<p>Erst danach ist diese abgeschlossen.<\/p>\n<p>Bitte pr\u00fcfen Sie auch den Spam-Ordner.<\/p>\n<p>\n        \u00d7\n    <\/p>\n<p>\n            Sie haben bisher Ihre E-Mail-Adresse noch nicht best\u00e4tigt.\n        <\/p>\n<p>Erst danach ist diese abgeschlossen.<\/p>\n<p>Bitte pr\u00fcfen Sie auch den Spam-Ordner.<\/p>\n<p>\n        \u00d7\n    <\/p>\n<p>\n            Es ist einen Fehler aufgetreten\n        <\/p>\n<p>Bei Fragen hilft unser Newsletter-Support<\/p>\n<p> Newsletter<\/p>\n<p> DSC Arminia Bielefeld<\/p>\n<p>W\u00f6chentlich alle News rund um Arminia Bielefeld.<\/p>\n<p>                Jetzt anmelden<\/p>\n<p id=\"absatz4\" class=\"em_text\">Der 37-j\u00e4hrige \u00d6sterreicher legte von Beginn an Wert auf eine klare Spielidee und intensives Pressing. Die Vorbereitung lief jedoch durchwachsen: Gegen unterklassige Gegner pr\u00e4sentierte sich der KSC torhungrig. Die klare 0:3-Niederlage in der Generalprobe gegen Hoffenheim zeigte, dass vor allem gegen spielstarke Gegner noch Defizite bestehen.<\/p>\n<p>Arminia in Karlsruhe: die Pressekonferenz im Liveticker<\/p>\n","protected":false},"excerpt":{"rendered":"Das Spiel: Samstag, 8. August, 13 Uhr im BBBank Wildpark Karlsruhe Voraussichtliche Startaufstellung Arminia: Kersken \u2013 Koudossou, Bauer,&hellip;\n","protected":false},"author":2,"featured_media":1220664,"comment_status":"","ping_status":"","sticky":false,"template":"","format":"standard","meta":{"footnotes":"","_share_on_mastodon":"0"},"categories":[1844],"tags":[2368,1634,3364,29,30,8903,4281,732,1611,16345,2379,2377,16344,198343,2381,229797,2380,1613,253793,151797,16343,35652],"class_list":["post-1220663","post","type-post","status-publish","format-standard","has-post-thumbnail","category-karlsruhe","tag-arminia-bielefeld","tag-baden-wuerttemberg","tag-de","tag-deutschland","tag-germany","tag-karlsruhe","tag-label_arminia","tag-label_frei","tag-label_informiere-mich","tag-label_liveticker","tag-label_push","tag-label_startseite","tag-label_ticker","tag-meta_artikelklasse_aboanker","tag-meta_copyrights_rgowl_freier_mitarbeiter","tag-meta_prio_1","tag-meta_themen_arminia_bielefeld","tag-meta_userneeds_informieremich","tag-michael-bacher","tag-oliver-kirch","tag-russo","tag-wildpark"],"share_on_mastodon":{"url":"https:\/\/pubeurope.com\/@de\/117051612588257604","error":""},"_links":{"self":[{"href":"https:\/\/www.europesays.com\/de\/wp-json\/wp\/v2\/posts\/1220663","targetHints":{"allow":["GET"]}}],"collection":[{"href":"https:\/\/www.europesays.com\/de\/wp-json\/wp\/v2\/posts"}],"about":[{"href":"https:\/\/www.europesays.com\/de\/wp-json\/wp\/v2\/types\/post"}],"author":[{"embeddable":true,"href":"https:\/\/www.europesays.com\/de\/wp-json\/wp\/v2\/users\/2"}],"replies":[{"embeddable":true,"href":"https:\/\/www.europesays.com\/de\/wp-json\/wp\/v2\/comments?post=1220663"}],"version-history":[{"count":0,"href":"https:\/\/www.europesays.com\/de\/wp-json\/wp\/v2\/posts\/1220663\/revisions"}],"wp:featuredmedia":[{"embeddable":true,"href":"https:\/\/www.europesays.com\/de\/wp-json\/wp\/v2\/media\/1220664"}],"wp:attachment":[{"href":"https:\/\/www.europesays.com\/de\/wp-json\/wp\/v2\/media?parent=1220663"}],"wp:term":[{"taxonomy":"category","embeddable":true,"href":"https:\/\/www.europesays.com\/de\/wp-json\/wp\/v2\/categories?post=1220663"},{"taxonomy":"post_tag","embeddable":true,"href":"https:\/\/www.europesays.com\/de\/wp-json\/wp\/v2\/tags?post=1220663"}],"curies":[{"name":"wp","href":"https:\/\/api.w.org\/{rel}","templated":true}]}}