{"id":1220686,"date":"2026-08-07T01:36:54","date_gmt":"2026-08-07T01:36:54","guid":{"rendered":"https:\/\/www.europesays.com\/de\/1220686\/"},"modified":"2026-08-07T01:36:54","modified_gmt":"2026-08-07T01:36:54","slug":"haftstrafen-nach-streamer-tod-in-frankreich","status":"publish","type":"post","link":"https:\/\/www.europesays.com\/de\/1220686\/","title":{"rendered":"Haftstrafen nach Streamer Tod in Frankreich"},"content":{"rendered":"<p>Zwei Wochen der GewaltHaftstrafen nach Tod eines Streamers in Frankreich<\/p>\n<p>05.08.2026, 21:23 Uhr <\/p>\n<p>Artikel anh\u00f6ren(02:22 min)<\/p>\n<p><img decoding=\"async\" class=\"Image_img__fQCi0 Image_Img_16_9__4BLfH widget-picture-inline_maximizable__t_E7h\" loading=\"eager\" fetchpriority=\"high\" src=\"https:\/\/www.europesays.com\/de\/wp-content\/uploads\/2026\/08\/Horror-Trial-in-Nice-PHOTOPQR-NICE-MATIN-Cyril-Dodergny-Nice-July-6-2026-Nice-July-6-2026-Live-cover.webp\" alt=\"Horror-Trial-in-Nice-PHOTOPQR-NICE-MATIN-Cyril-Dodergny-Nice-July-6-2026-Nice-July-6-2026-Live-coverage-of-the-horror-trial-in-Nice-The-Nice-Criminal-Court-is-hearing-the-case-today-content-creators-Owen-Cenazandotti-alias-Narutovie-and-Safine-Hamadi-alias-Safine-pictured-accused-of-mistreating-Jean-Pormanove-and-Coudoux-in-Nice-France-July-6-2026-Horror-trial-live-in-Nice-The-Nice-Criminal-Court-is-trying-content-creators-Owen-Cenazandotti-aka-Narutovie-pictured-and-Safine-Hamadi-aka-Safine-today-on-charges-of-mistreating-Jean-Pormanove-and-Coudoux\"\/>Safine H. (r.), einer der T\u00e4ter, auf dem Weg zur Urteilsverk\u00fcndung mit seinem Anwalt. Die Obduktion schlie\u00dft ein Fremdverschulden zwar aus, die Mit-Streamer des Toten sind dennoch nicht unschuldig. (Foto: IMAGO\/MAXPPP)TeilenFolgen auf:<a href=\"https:\/\/www.whatsapp.com\/channel\/0029Va5cdVJD8SDp5YZgYF01\" title=\"Auf WhatsApp folgen\" target=\"_blank\" rel=\"nofollow noopener\"><img decoding=\"async\" src=\"https:\/\/www.n-tv.de\/socialIcons\/whatsapp.svg\" alt=\"whatsapp\" class=\"ArticleShare_icon__FsrC2\"\/><\/a><a href=\"https:\/\/www.google.com\/preferences\/source?q=n-tv.de\" title=\"ntv als bevorzugte Quelle auf Google hinzuf\u00fcgen\" target=\"_blank\" rel=\"nofollow noopener\"><img decoding=\"async\" src=\"https:\/\/www.n-tv.de\/socialIcons\/google.svg\" alt=\"whatsapp\" class=\"ArticleShare_icon__FsrC2\"\/><\/a><\/p>\n<p class=\"Typography_text-m__XI0da Typography_weight-bold__uT6mq storyline_lead_text_leadtext__q_wg8\">Zwei Wochen wird er beleidigt, misshandelt und gew\u00fcrgt &#8211; vor laufender Kamera. Dann stirbt der franz\u00f6sische Streamer, der sich selbst Jean Pormanove nannte, w\u00e4hrend einer Live-\u00dcbertragung. Nun werden zwei M\u00e4nner verurteilt.<\/p>\n<p class=\"Typography_text-default__P3otY Typography_weight-normal__pqUbH storyline_paragraph_p__qSR5N\">Ein Gericht in Nizza hat zwei M\u00e4nner wegen schwerer K\u00f6rperverletzung sowie Anstiftung zu Hass, Gewalt im Internet und Diskriminierung verurteilt. Sie waren an dem Tod eines bekannten Streamers in Frankreich vor laufender Kamera beteiligt. <\/p>\n<p class=\"Typography_text-default__P3otY Typography_weight-normal__pqUbH storyline_paragraph_p__qSR5N\">Einer der T\u00e4ter erhielt zwei Jahre Haft auf Bew\u00e4hrung und eine Geldstrafe von 10.000 Euro, der andere Mann wurde zu einer 18-monatigen Bew\u00e4hrungsstrafe und einer Geldstrafe von 5.000 Euro verurteilt. Au\u00dferdem wurden beide f\u00fcr sechs Monate von der Nutzung sozialer Netzwerke ausgeschlossen und ihre gesamte IT-Ausr\u00fcstung wurde eingezogen.<\/p>\n<p>Todesursache kein Fremdverschulden<\/p>\n<p class=\"Typography_text-default__P3otY Typography_weight-normal__pqUbH storyline_paragraph_p__qSR5N\">Der Tod des w\u00e4hrend seiner \u00dcbertragungen immer wieder misshandelten Streamers Jean Pormanove hatte Frankreich im Sommer vergangenen Jahres schockiert. Die nun verurteilten M\u00e4nner im Alter von 24 und 27 Jahren hatten den Kanal betrieben, auf dem auf Pormanove wenige Stunden vor seinem Tod eingeschlagen wurde. <\/p>\n<p class=\"Typography_text-default__P3otY Typography_weight-normal__pqUbH storyline_paragraph_p__qSR5N\">Sp\u00e4ter erlitt der 46-J\u00e4hrige im Schlaf einen Erstickungsanfall und r\u00fchrte sich nicht mehr. Eine Obduktion ergab aber, dass der Streamer nicht durch Misshandlung, sondern aus einem medizinischen Grund starb.<\/p>\n<p>&#8222;Inszenierte&#8220; Gewalt<\/p>\n<p class=\"Typography_text-default__P3otY Typography_weight-normal__pqUbH storyline_paragraph_p__qSR5N\">Der Streamer mit Hunderttausenden von Followern nutzte verschiedene soziale Plattformen f\u00fcr Gaming-\u00dcbertragungen, unterzog sich dort aber auch freiwillig immer wieder extremen Challenges. Am Ende ging dem Streamer die Gewalt aber wohl selbst zu weit. &#8222;Ich habe es satt, ich will weg&#8220;, schrieb er laut dem Sender BFMTV an seine Mutter.<\/p>\n<p class=\"Typography_text-default__P3otY Typography_weight-normal__pqUbH storyline_paragraph_p__qSR5N\">Wegen fr\u00fcherer Hinweise auf Misshandlungen hatte die Staatsanwaltschaft bereits vor dem Tod des Streamers die an den Live-\u00dcbertragungen Beteiligten befragt, die aber &#8211; wie auch Pormanove zu dem Zeitpunkt &#8211; von einer Inszenierung gesprochen hatten, mit der sie Geld verdienten.<\/p>\n<p class=\"Typography_text-s__wu_cm Typography_weight-normal__pqUbH Typography_color-darkgrey__sZEnP article-detail-footer_source__KslPc\">Quelle: ntv.de, kaz\/dpa<\/p>\n","protected":false},"excerpt":{"rendered":"Zwei Wochen der GewaltHaftstrafen nach Tod eines Streamers in Frankreich 05.08.2026, 21:23 Uhr Artikel anh\u00f6ren(02:22 min) Safine H.&hellip;\n","protected":false},"author":2,"featured_media":1220687,"comment_status":"","ping_status":"","sticky":false,"template":"","format":"standard","meta":{"footnotes":"","_share_on_mastodon":"0"},"categories":[3974],"tags":[331,332,548,663,3934,3980,156,13,984,14,15,12,1897,11747],"class_list":["post-1220686","post","type-post","status-publish","format-standard","has-post-thumbnail","category-frankreich","tag-aktuelle-nachrichten","tag-aktuelle-news","tag-eu","tag-europa","tag-europe","tag-france","tag-frankreich","tag-headlines","tag-international","tag-nachrichten","tag-news","tag-schlagzeilen","tag-streaming","tag-urteile"],"share_on_mastodon":{"url":"https:\/\/pubeurope.com\/@de\/117051671929413234","error":""},"_links":{"self":[{"href":"https:\/\/www.europesays.com\/de\/wp-json\/wp\/v2\/posts\/1220686","targetHints":{"allow":["GET"]}}],"collection":[{"href":"https:\/\/www.europesays.com\/de\/wp-json\/wp\/v2\/posts"}],"about":[{"href":"https:\/\/www.europesays.com\/de\/wp-json\/wp\/v2\/types\/post"}],"author":[{"embeddable":true,"href":"https:\/\/www.europesays.com\/de\/wp-json\/wp\/v2\/users\/2"}],"replies":[{"embeddable":true,"href":"https:\/\/www.europesays.com\/de\/wp-json\/wp\/v2\/comments?post=1220686"}],"version-history":[{"count":0,"href":"https:\/\/www.europesays.com\/de\/wp-json\/wp\/v2\/posts\/1220686\/revisions"}],"wp:featuredmedia":[{"embeddable":true,"href":"https:\/\/www.europesays.com\/de\/wp-json\/wp\/v2\/media\/1220687"}],"wp:attachment":[{"href":"https:\/\/www.europesays.com\/de\/wp-json\/wp\/v2\/media?parent=1220686"}],"wp:term":[{"taxonomy":"category","embeddable":true,"href":"https:\/\/www.europesays.com\/de\/wp-json\/wp\/v2\/categories?post=1220686"},{"taxonomy":"post_tag","embeddable":true,"href":"https:\/\/www.europesays.com\/de\/wp-json\/wp\/v2\/tags?post=1220686"}],"curies":[{"name":"wp","href":"https:\/\/api.w.org\/{rel}","templated":true}]}}