{"id":1220746,"date":"2026-08-07T02:11:21","date_gmt":"2026-08-07T02:11:21","guid":{"rendered":"https:\/\/www.europesays.com\/de\/1220746\/"},"modified":"2026-08-07T02:11:21","modified_gmt":"2026-08-07T02:11:21","slug":"100-tage-im-amt-dominik-krause-zieht-erste-bilanz","status":"publish","type":"post","link":"https:\/\/www.europesays.com\/de\/1220746\/","title":{"rendered":"100 Tage im Amt \u2013 Dominik Krause zieht erste Bilanz"},"content":{"rendered":"<p id=\"absatz1\">\n\t\t\t\t\t\t\tSeit dem 1. Mai ist Dominik Krause M\u00fcnchner Oberb\u00fcrgermeister \u2013 als Zweitj\u00fcngster im Amt und als erster Gr\u00fcner \u00fcberhaupt. Jetzt zieht er eine erste Bilanz.<\/p>\n<p class=\"em_text\">Nach rund 100 Tagen im Amt zieht M\u00fcnchens Oberb\u00fcrgermeister Dominik Krause (Gr\u00fcne) eine erste Bilanz. Heute (11.00 Uhr) will der 36-J\u00e4hrige auf einer Pressekonferenz dar\u00fcber sprechen, wie die erste Zeit an der Spitze der bayerischen Landeshauptstadt f\u00fcr ihn war.\u00a0<\/p>\n<p class=\"em_text\">Krause ist der j\u00fcngste M\u00fcnchner OB nach Hans-Jochen Vogel (SPD), der das Amt einst mit erst 34 Jahren \u00fcbernommen hatte. Offiziell erreicht er die 100 Tage an diesem Sonntag (9. August).\u00a0<\/p>\n<p class=\"em_text\">Der Gr\u00fcnen-Politiker hatte Amtsinhaber Dieter Reiter (SPD), der bis zu der Aff\u00e4re um Gelder f\u00fcr seine Posten beim FC Bayern M\u00fcnchen als haushoher Favorit ins Rennen gegangen war, im M\u00e4rz in der Stichwahl \u00fcberraschend deutlich mit 56,4 zu 43,6 Prozent der Stimmen geschlagen. Sein Hauptthema im Wahlkampf war die M\u00fcnchner Wohnsituation. Krause hat versprochen, tausende neue Wohnungen zu schaffen.<\/p>\n<p class=\"em_text\">\u00a9 dpa-infocom, dpa:260807-930-495318\/1<\/p>\n","protected":false},"excerpt":{"rendered":"Seit dem 1. Mai ist Dominik Krause M\u00fcnchner Oberb\u00fcrgermeister \u2013 als Zweitj\u00fcngster im Amt und als erster Gr\u00fcner&hellip;\n","protected":false},"author":2,"featured_media":1220747,"comment_status":"","ping_status":"","sticky":false,"template":"","format":"standard","meta":{"footnotes":"","_share_on_mastodon":"0"},"categories":[1827],"tags":[772,29,30,2013,1268],"class_list":["post-1220746","post","type-post","status-publish","format-standard","has-post-thumbnail","category-muenchen","tag-bayern","tag-deutschland","tag-germany","tag-gruene","tag-muenchen"],"share_on_mastodon":{"url":"https:\/\/pubeurope.com\/@de\/117051804032811609","error":""},"_links":{"self":[{"href":"https:\/\/www.europesays.com\/de\/wp-json\/wp\/v2\/posts\/1220746","targetHints":{"allow":["GET"]}}],"collection":[{"href":"https:\/\/www.europesays.com\/de\/wp-json\/wp\/v2\/posts"}],"about":[{"href":"https:\/\/www.europesays.com\/de\/wp-json\/wp\/v2\/types\/post"}],"author":[{"embeddable":true,"href":"https:\/\/www.europesays.com\/de\/wp-json\/wp\/v2\/users\/2"}],"replies":[{"embeddable":true,"href":"https:\/\/www.europesays.com\/de\/wp-json\/wp\/v2\/comments?post=1220746"}],"version-history":[{"count":0,"href":"https:\/\/www.europesays.com\/de\/wp-json\/wp\/v2\/posts\/1220746\/revisions"}],"wp:featuredmedia":[{"embeddable":true,"href":"https:\/\/www.europesays.com\/de\/wp-json\/wp\/v2\/media\/1220747"}],"wp:attachment":[{"href":"https:\/\/www.europesays.com\/de\/wp-json\/wp\/v2\/media?parent=1220746"}],"wp:term":[{"taxonomy":"category","embeddable":true,"href":"https:\/\/www.europesays.com\/de\/wp-json\/wp\/v2\/categories?post=1220746"},{"taxonomy":"post_tag","embeddable":true,"href":"https:\/\/www.europesays.com\/de\/wp-json\/wp\/v2\/tags?post=1220746"}],"curies":[{"name":"wp","href":"https:\/\/api.w.org\/{rel}","templated":true}]}}