{"id":1220828,"date":"2026-08-07T03:09:29","date_gmt":"2026-08-07T03:09:29","guid":{"rendered":"https:\/\/www.europesays.com\/de\/1220828\/"},"modified":"2026-08-07T03:09:29","modified_gmt":"2026-08-07T03:09:29","slug":"autistin-verschwand-am-mittwoch-polizei-findet-vermisste-dreijaehrige-tot-im-pool-der-eltern","status":"publish","type":"post","link":"https:\/\/www.europesays.com\/de\/1220828\/","title":{"rendered":"Autistin verschwand am Mittwoch: Polizei findet vermisste Dreij\u00e4hrige tot im Pool der Eltern"},"content":{"rendered":"<p>Autistin verschwand am MittwochPolizei findet vermisste Dreij\u00e4hrige tot im Pool der Eltern<\/p>\n<p>06.08.2026, 17:55 Uhr <\/p>\n<p>Artikel anh\u00f6ren(03:08 min)<\/p>\n<p><img decoding=\"async\" class=\"Image_img__fQCi0 Image_Img_16_9__4BLfH widget-picture-inline_maximizable__t_E7h\" loading=\"eager\" fetchpriority=\"high\" src=\"https:\/\/www.europesays.com\/de\/wp-content\/uploads\/2026\/08\/Ein-Polizist-ueberquert-eine-Strasse-am-Einsatzort-in-Richtung-Leichenwagen-Die-Polizei-hat-am-Vormi.webp\" alt=\"Ein-Polizist-ueberquert-eine-Strasse-am-Einsatzort-in-Richtung-Leichenwagen-Die-Polizei-hat-am-Vormittag-ein-totes-Kleinkind-gefunden-Mit-grosser-Wahrscheinlichkeit-handelt-es-sich-um-das-vermisste-Maedchen-wie-die-Polizei-mitteilte\"\/>Ein Polizist am Einsatzort in Preetz. (Foto: picture alliance\/dpa)TeilenFolgen auf:<a href=\"https:\/\/www.whatsapp.com\/channel\/0029Va5cdVJD8SDp5YZgYF01\" title=\"Auf WhatsApp folgen\" target=\"_blank\" rel=\"nofollow noopener\"><img decoding=\"async\" src=\"https:\/\/www.n-tv.de\/socialIcons\/whatsapp.svg\" alt=\"whatsapp\" class=\"ArticleShare_icon__FsrC2\"\/><\/a><a href=\"https:\/\/www.google.com\/preferences\/source?q=n-tv.de\" title=\"ntv als bevorzugte Quelle auf Google hinzuf\u00fcgen\" target=\"_blank\" rel=\"nofollow noopener\"><img decoding=\"async\" src=\"https:\/\/www.n-tv.de\/socialIcons\/google.svg\" alt=\"whatsapp\" class=\"ArticleShare_icon__FsrC2\"\/><\/a><\/p>\n<p class=\"Typography_text-m__XI0da Typography_weight-bold__uT6mq storyline_lead_text_leadtext__q_wg8\">In der Kleinstadt Preetz melden am Mittwoch Eltern ihre autistische Tochter als vermisst. Eine gro\u00dfe Suchaktion beginnt. Am Morgen wird eine Kinderleiche im Pool auf dem Grundst\u00fcck der Familie gefunden. Die Ermittler gehen nicht von einer Straftat aus.<\/p>\n<p class=\"Typography_text-default__P3otY Typography_weight-normal__pqUbH storyline_paragraph_p__qSR5N\">Die Polizei hat am Vormittag in einem Garten in\u00a0Preetz\u00a0bei Kiel ein totes Kleinkind gefunden. Das Kind wurde in einem Pool entdeckt. Die Anlage befindet sich demnach auf dem Grundst\u00fcck der Eltern, die ihr Kind zuvor als vermisst gemeldet hatten. Nach Angaben von ntv-Reporter Nils Fischer-Stahl wurde der Bereich bereits gestern gro\u00dffl\u00e4chig abgesucht. Eine Polizeisprecherin wollte sich dazu am Nachmittag nicht offiziell \u00e4u\u00dfern. Die Ermittler gehen davon aus, dass es sich bei dem am Vormittag gefundenen toten Kleinkind mit gro\u00dfer Wahrscheinlichkeit um die seit gestern Mittag vermisste dreij\u00e4hrige Bella handelt.<\/p>\n<p class=\"Typography_text-default__P3otY Typography_weight-normal__pqUbH storyline_paragraph_p__qSR5N\">&#8222;Auffindesituation, der Auffindeort und die Gesamtumst\u00e4nde weisen mit einer gro\u00dfen Wahrscheinlichkeit darauf hin, dass es sich um dieses M\u00e4dchen handelt&#8220;, sagte Polizeisprecherin Stephanie Lage bei einer Pressekonferenz in Kiel. Zum jetzigen Zeitpunkt der Ermittlungen wird ihren Angaben nach Fremdverschulden ausgeschlossen. Auch werde derzeit nicht von einer Straftat ausgegangen.<\/p>\n<p class=\"Typography_text-default__P3otY Typography_weight-normal__pqUbH storyline_paragraph_p__qSR5N\">Die Polizei leitete ein Todesermittlungsverfahren ein. &#8222;Da werden die Gesamtumst\u00e4nde alle zusammengetragen&#8220;, erkl\u00e4rte Lage. Ebenso soll der gefundene Leichnam obduziert werden &#8211; auch um sicher zu kl\u00e4ren, dass es sich dabei um das vermisste M\u00e4dchen handelt. Mit einem Ergebnis der Obduktion werde bislang bis Freitag gerechnet.<\/p>\n<p class=\"Typography_text-default__P3otY Typography_weight-normal__pqUbH storyline_paragraph_p__qSR5N\">Bei dem vermissten M\u00e4dchen handele es sich um ein dreij\u00e4hriges autistisches Kind, f\u00fchrte die Sprecherin aus. Zudem sei es seh- und h\u00f6reingeschr\u00e4nkt. Die Eltern hatten es gestern Mittag als verschwunden gemeldet. Zahlreiche Polizisten, Feuerwehrleute und Anwohner suchten bis zum fr\u00fchen Morgen vergeblich nach dem Kind. Auch ein Hubschrauber und Drohnen unterst\u00fctzten die Suche.<\/p>\n<p class=\"Typography_text-default__P3otY Typography_weight-normal__pqUbH storyline_paragraph_p__qSR5N\">Um 7 Uhr setzten Einsatzkr\u00e4fte der Polizeidirektion Kiel und der Bereitschaftspolizei aus Eutin die Suche fort. Gegen 9.30 Uhr fanden sie das tote Kind. Zur genauen Zahl der eingesetzten Kr\u00e4fte \u00e4u\u00dferte sich die Polizei nicht. Neben den verf\u00fcgbaren Kr\u00e4ften der Polizeidirektion Kiel waren jedoch auch die Freiwilligen Feuerwehren aus\u00a0Preetz\u00a0und Klausdorf sowie die Diensthundestaffel aus Eutin beteiligt.<\/p>\n<p class=\"Typography_text-default__P3otY Typography_weight-normal__pqUbH storyline_paragraph_p__qSR5N\">Autismus ist eine komplexe neurologische Entwicklungsst\u00f6rung. Autisten haben Schwierigkeiten in sozialen Situationen und bei der Kommunikation, weil sie nach Angaben des Bundesverbands zur F\u00f6rderung von Menschen mit Autismus soziale und emotionale Signale nur schwer einsch\u00e4tzen und bewerten k\u00f6nnen und Schwierigkeiten haben, solche selbst passend auszusenden.<\/p>\n<p class=\"Typography_text-s__wu_cm Typography_weight-normal__pqUbH Typography_color-darkgrey__sZEnP article-detail-footer_source__KslPc\">Quelle: ntv.de, jpe\/dpa<\/p>\n","protected":false},"excerpt":{"rendered":"Autistin verschwand am MittwochPolizei findet vermisste Dreij\u00e4hrige tot im Pool der Eltern 06.08.2026, 17:55 Uhr Artikel anh\u00f6ren(03:08 min)&hellip;\n","protected":false},"author":2,"featured_media":1220829,"comment_status":"","ping_status":"","sticky":false,"template":"","format":"standard","meta":{"footnotes":"","_share_on_mastodon":"0"},"categories":[5],"tags":[331,332,3364,29,30,13,984,14,15,12,1971,22407],"class_list":["post-1220828","post","type-post","status-publish","format-standard","has-post-thumbnail","category-nachrichten","tag-aktuelle-nachrichten","tag-aktuelle-news","tag-de","tag-deutschland","tag-germany","tag-headlines","tag-international","tag-nachrichten","tag-news","tag-schlagzeilen","tag-schleswig-holstein","tag-vermisste"],"share_on_mastodon":{"url":"https:\/\/pubeurope.com\/@de\/117052032596951827","error":""},"_links":{"self":[{"href":"https:\/\/www.europesays.com\/de\/wp-json\/wp\/v2\/posts\/1220828","targetHints":{"allow":["GET"]}}],"collection":[{"href":"https:\/\/www.europesays.com\/de\/wp-json\/wp\/v2\/posts"}],"about":[{"href":"https:\/\/www.europesays.com\/de\/wp-json\/wp\/v2\/types\/post"}],"author":[{"embeddable":true,"href":"https:\/\/www.europesays.com\/de\/wp-json\/wp\/v2\/users\/2"}],"replies":[{"embeddable":true,"href":"https:\/\/www.europesays.com\/de\/wp-json\/wp\/v2\/comments?post=1220828"}],"version-history":[{"count":0,"href":"https:\/\/www.europesays.com\/de\/wp-json\/wp\/v2\/posts\/1220828\/revisions"}],"wp:featuredmedia":[{"embeddable":true,"href":"https:\/\/www.europesays.com\/de\/wp-json\/wp\/v2\/media\/1220829"}],"wp:attachment":[{"href":"https:\/\/www.europesays.com\/de\/wp-json\/wp\/v2\/media?parent=1220828"}],"wp:term":[{"taxonomy":"category","embeddable":true,"href":"https:\/\/www.europesays.com\/de\/wp-json\/wp\/v2\/categories?post=1220828"},{"taxonomy":"post_tag","embeddable":true,"href":"https:\/\/www.europesays.com\/de\/wp-json\/wp\/v2\/tags?post=1220828"}],"curies":[{"name":"wp","href":"https:\/\/api.w.org\/{rel}","templated":true}]}}